{"id":390,"date":"2022-10-16T17:07:40","date_gmt":"2022-10-16T20:07:40","guid":{"rendered":"https:\/\/xn--tuvozdiasporaespaola-k7b.com\/2022\/10\/16\/todos-teniamos-mucha-prisa-con-esta-ley\/"},"modified":"2022-10-16T18:26:18","modified_gmt":"2022-10-16T21:26:18","slug":"todos-teniamos-mucha-prisa-con-esta-ley","status":"publish","type":"post","link":"https:\/\/xn--tuvozdiasporaespaola-k7b.com\/page\/2\/todos-teniamos-mucha-prisa-con-esta-ley\/","title":{"rendered":"\u201cTODOS TEN\u00cdAMOS MUCHA PRISA CON ESTA LEY\u201d"},"content":{"rendered":"\n<p>LEY DE MEMORIA DEMOCR\u00c1TICA. ENTREVISTA A DAVID CASAREJOS.<\/p>\n\n\n\n<p>Por Walter C. Medina<br \/>Redacci\u00f3n  de Revista TU VOZ Latinoam\u00e9rica.<\/p>\n\n\n\n<p><br \/><\/p>\n\n\n\n<figure class=\"wp-block-image size-large\"><img fetchpriority=\"high\" decoding=\"async\" width=\"992\" height=\"496\" src=\"http:\/\/xn--tuvozdiasporaespaola-k7b.com\/wp-content\/uploads\/2022\/10\/2017082214021623368579214817178371158.jpg?w=992\" alt=\"\" class=\"wp-image-384\" srcset=\"https:\/\/xn--tuvozdiasporaespaola-k7b.com\/wp-content\/uploads\/2022\/10\/2017082214021623368579214817178371158.jpg 992w, https:\/\/xn--tuvozdiasporaespaola-k7b.com\/wp-content\/uploads\/2022\/10\/2017082214021623368579214817178371158-300x150.jpg 300w, https:\/\/xn--tuvozdiasporaespaola-k7b.com\/wp-content\/uploads\/2022\/10\/2017082214021623368579214817178371158-768x384.jpg 768w\" sizes=\"(max-width: 992px) 100vw, 992px\" \/><figcaption class=\"wp-element-caption\">David Casarejos,Presidente de la Comisi\u00f3n de Derechos Civiles y Participaci\u00f3n del CGCEE. <\/figcaption><\/figure>\n\n\n\n<p>La puja por la Ley de Memoria Democr\u00e1tica finalmente dio resultado, a pesar del Partido Popular. El m\u00e9rito de la aprobaci\u00f3n de esta ley que beneficiar\u00e1 a m\u00e1s de 400 mil personas ha sido de Podemos, que desde la conformaci\u00f3n del gobierno de Espa\u00f1a ha insistido en concretar un derecho que hasta hace apenas una semana parec\u00eda haber entrado en un camino sin salida.<\/p>\n\n\n\n<p>Si bien a\u00fan queda por recorrer un extenso trecho en la adquisici\u00f3n de nuevos derechos, para la di\u00e1spora espa\u00f1ola la noticia de la aprobaci\u00f3n de esta ley ha significado un verdadero alivio. A partir de ahora podr\u00e1n optar a la nacionalidad espa\u00f1ola aquellas personas nacidas fuera del territorio espa\u00f1ol, de padre o madre, abuelo o abuela que originalmente hubieran sido espa\u00f1oles y que, como consecuencia de haber sufrido exilio por razones pol\u00edticas , ideol\u00f3gicas o de creencias o de orientaci\u00f3n e identidad sexual, hubieran perdido o renunciado a su nacionalidad.<\/p>\n\n\n\n<figure class=\"wp-block-image size-large\"><img decoding=\"async\" width=\"978\" height=\"1401\" src=\"http:\/\/xn--tuvozdiasporaespaola-k7b.com\/wp-content\/uploads\/2022\/10\/screenshot_20221016-165259_drive7597519502837006104.jpg?w=715\" alt=\"\" class=\"wp-image-386\" srcset=\"https:\/\/xn--tuvozdiasporaespaola-k7b.com\/wp-content\/uploads\/2022\/10\/screenshot_20221016-165259_drive7597519502837006104.jpg 978w, https:\/\/xn--tuvozdiasporaespaola-k7b.com\/wp-content\/uploads\/2022\/10\/screenshot_20221016-165259_drive7597519502837006104-209x300.jpg 209w, https:\/\/xn--tuvozdiasporaespaola-k7b.com\/wp-content\/uploads\/2022\/10\/screenshot_20221016-165259_drive7597519502837006104-715x1024.jpg 715w, https:\/\/xn--tuvozdiasporaespaola-k7b.com\/wp-content\/uploads\/2022\/10\/screenshot_20221016-165259_drive7597519502837006104-768x1100.jpg 768w\" sizes=\"(max-width: 978px) 100vw, 978px\" \/><\/figure>\n\n\n\n<p>Sobre los aspectos salientes de esta ley, el Presidente de la Comisi\u00f3n de Derechos Civiles y de Participaci\u00f3n del Consejo General de la Ciudadan\u00eda de Espa\u00f1oles en el Exterior y Presidente del Consejo de Residentes Espa\u00f1oles de Manchester, David Casarejos, dialog\u00f3 con TU VOZ en una entrevista en la cual sostuvo, entre otras afirmaciones, que \u201cEl trabajo que tenemos que hacer es empezar a dar mucha m\u00e1s visibilidad a los problemas que tenemos en la di\u00e1spora\u201d.&nbsp;&nbsp;&nbsp;&nbsp;&nbsp;&nbsp;&nbsp;&nbsp;&nbsp;&nbsp;&nbsp;<\/p>\n\n\n\n<p>.&nbsp;<\/p>\n\n\n\n<p>Casarejos se refiri\u00f3 al desarrollo de la aprobaci\u00f3n de la ley en el Senado y a las consecuencias a corto plazo que traer\u00e1 consigo este derecho. \u201cTodos ten\u00edamos mucha prisa con este ley, quer\u00edamos verla solucionada. Quiz\u00e1s habr\u00eda sido mejor que hubiera habido varias enmiendas que se hubieran aprobado. La enmienda 115 habr\u00eda eliminado todos los plazos temporales. Y la n\u00famero 5 que hubiera permitido que los descendientes de espa\u00f1oles pasaran a ser de origen y no por opci\u00f3n. En el Senado se sabe de antemano qu\u00e9 es lo que se va a votar. Votan en bloque ni siquiera miran las enmiendas. A m\u00ed personalmente me duele porque creo que hay partidos progresistas en el Senado, que hay ciertas propuestas en el Senado que a lo mejor no son originariamente de ellos, pero que deber\u00edan mirarlas con buenos ojos porque facilitar\u00eda en el futuro todo el trabajo. A m\u00ed me fastidia mucho el tema de origen y de opci\u00f3n, porque la Constituci\u00f3n nos dice que todos los espa\u00f1oles son iguales ante la ley, pero parece que hay ciertas divisiones.<\/p>\n\n\n\n<figure class=\"wp-block-image size-large\"><img decoding=\"async\" width=\"978\" height=\"1376\" src=\"http:\/\/xn--tuvozdiasporaespaola-k7b.com\/wp-content\/uploads\/2022\/10\/screenshot_20221016-165304_drive4956986955839416507.jpg?w=728\" alt=\"\" class=\"wp-image-387\" srcset=\"https:\/\/xn--tuvozdiasporaespaola-k7b.com\/wp-content\/uploads\/2022\/10\/screenshot_20221016-165304_drive4956986955839416507.jpg 978w, https:\/\/xn--tuvozdiasporaespaola-k7b.com\/wp-content\/uploads\/2022\/10\/screenshot_20221016-165304_drive4956986955839416507-213x300.jpg 213w, https:\/\/xn--tuvozdiasporaespaola-k7b.com\/wp-content\/uploads\/2022\/10\/screenshot_20221016-165304_drive4956986955839416507-728x1024.jpg 728w, https:\/\/xn--tuvozdiasporaespaola-k7b.com\/wp-content\/uploads\/2022\/10\/screenshot_20221016-165304_drive4956986955839416507-768x1081.jpg 768w\" sizes=\"(max-width: 978px) 100vw, 978px\" \/><\/figure>\n\n\n\n<p>Respecto a las declaraciones constantes de Alberto Nu\u00f1ez Feij\u00f3o acerca de su intenci\u00f3n de derogar la ley, Casarejos sostuvo que&nbsp; \u201cHay una cosa que a m\u00ed me parece vergonzosa. Y es que lo l\u00edderes pol\u00edticos se excusen de estar en votos muy importantes. Y este fue el caso de Nu\u00f1ez Feij\u00f3o, quien no se ha cansado de repetir una y otra vez que va a derogar si sale como gobierno y ni siquiera estaba presente el d\u00eda de la votaci\u00f3n. Y lo m\u00e1s extra\u00f1o es que cuando miras el acta del Senado parece que s\u00ed, que ha estado presente y que no vot\u00f3 de manera telem\u00e1tica. Pero bueno, varios senadores me confirmaron que no estuvo presente. Creo que si tiene tantas ganas de derogar esta ley en cuanto salga, lo m\u00ednimo que podr\u00eda haber hecho es haber estado\u201d.&nbsp;<\/p>\n\n\n\n<figure class=\"wp-block-image size-large\"><img loading=\"lazy\" decoding=\"async\" width=\"985\" height=\"1393\" src=\"http:\/\/xn--tuvozdiasporaespaola-k7b.com\/wp-content\/uploads\/2022\/10\/screenshot_20221016-165309_drive8624682658086808524.jpg?w=724\" alt=\"\" class=\"wp-image-388\" srcset=\"https:\/\/xn--tuvozdiasporaespaola-k7b.com\/wp-content\/uploads\/2022\/10\/screenshot_20221016-165309_drive8624682658086808524.jpg 985w, https:\/\/xn--tuvozdiasporaespaola-k7b.com\/wp-content\/uploads\/2022\/10\/screenshot_20221016-165309_drive8624682658086808524-212x300.jpg 212w, https:\/\/xn--tuvozdiasporaespaola-k7b.com\/wp-content\/uploads\/2022\/10\/screenshot_20221016-165309_drive8624682658086808524-724x1024.jpg 724w, https:\/\/xn--tuvozdiasporaespaola-k7b.com\/wp-content\/uploads\/2022\/10\/screenshot_20221016-165309_drive8624682658086808524-768x1086.jpg 768w\" sizes=\"(max-width: 985px) 100vw, 985px\" \/><\/figure>\n\n\n\n<p>Desde el Consejo General de la Ciudadan\u00eda de Espa\u00f1oles en el Exterior se trabaja intensamente en pos de mejorar algunos de los puntos de la ley que Casarejos ha mencionado.<br><br>\u201cEsta ley se ha vendido como una Ley de Nietos a trav\u00e9s de cierto marketing por ejemplo en Argentina. Y hay mucha gente que no acaba de entender que en esta ley, la parte de nacionalidad es la disposici\u00f3n octava; es decir que es una parte muy menor de esta ley que para nosotros es muy importante, pero no es una ley de nacionalidad. Entonces por desgracia es una ley que tiene errores que se van a tener que solucionar. Si no se soluciona a trav\u00e9s de una instrucci\u00f3n, que no quede duda que desde el Consejo General vamos a estar pele\u00e1ndonos por ver si en las elecciones de 2023 hay varios partidos que lleven una ley de nacionalidad que pueda corregir de manera permanente todo esto. Tenemos noticias recientes por parte del Ministerio y mandamos una solicitud de reuni\u00f3n para hablar con el Ministerio de Justicia sobre la instrucci\u00f3n. B\u00e1sicamente se ha aceptado esta reuni\u00f3n y vamos a estar dialogando la pr\u00f3xima semana con la Directora General de Seguridad Jur\u00eddica y Fe P\u00fablica , Sof\u00eda Puentes Santiago; y con la Subdirectora General de Nacionalidad y Estado Civil, Mar\u00eda del Mar L\u00f3pez \u00c1lvarez. En este Consejo General estamos tratando de ser lo m\u00e1s transparentes posibles y en cuanto tengamos informaci\u00f3n vamos a estar informando a la poblaci\u00f3n, porque mucha gente est\u00e1 muy interesada. Las redes sociales est\u00e1n llenas de preguntas de gente que tiene muchas dudas\u201d<br><br>En referencia a las partidas presupuestarias que mejorar\u00e1n las condiciones de trabajo en los consulados, el Presidente del Consejo General expres\u00f3 que \u201cLo que a la emigraci\u00f3n nos preocupa son dos Ministerios: Uno de ellos es Consulares; o sea Exteriores, Cooperaci\u00f3n y Uni\u00f3n Europea, a trav\u00e9s de la Secretar\u00eda de Estado de Consulares y Ciudadanos en el Exterior. La mejora en el presupuesto est\u00e1 muy bien, pero hay que preocuparse primero del personal laboral, porque creo que es lo m\u00e1s importante. Por otra parte el Ministerio de Inclusi\u00f3n, Seguridad Social y Migraciones, que ha tenido un trece por ciento de subida en el dinero. Luego vemos la Secretar\u00eda de Estado e Inmigraciones que va a recibir un 28, 4 por ciento m\u00e1s de aportaciones. Y esperamos que en Inmigraciones vaya a ser igual. Y resulta que en Inmigraciones se han congelado los presupuestos. En Migraciones en general ha subido, pero para la parte de Migraci\u00f3n ha bajado. El problema que yo veo con esto es que hay muchos programas que est\u00e1n empezando a retirar partidas presupuestarias o a congelar incrementos.<\/p>\n\n\n\n<p><a href=\"https:\/\/www.laregioninternacional.com\/articulo\/cgcee\/feijoo-promete-derogar-ley-memoria-democratica-llega-gobierno-privandonos-diaspora-opcion-acceder-ley-nietos\/20220710083443275453.html\">https:\/\/www.laregioninternacional.com\/articulo\/cgcee\/feijoo-promete-derogar-ley-memoria-democratica-llega-gobierno-privandonos-diaspora-opcion-acceder-ley-nietos\/20220710083443275453.html<\/a><\/p>\n\n\n\n<p>Hay que tener en cuenta que la poblaci\u00f3n en el exterior en el \u00faltimo a\u00f1o volvi\u00f3 a subir alrededor de sesenta mil personas; y con la Ley de Memoria Democr\u00e1tica puede subir en uno o dos centenares de miles de espa\u00f1oles, y parece ser que por lo visto no hay incremento. Los problemas de la inmigraci\u00f3n no paran porque haya elecciones generales en Espa\u00f1a o no. Y al fin y al cabo ninguno de los partidos que se han estado alternando ha tenido en cuenta mucho del trabajo que hac\u00edamos en el Consejo General. As\u00ed que b\u00e1sicamente se nos secuestr\u00f3, se nos puso en un congelador y ahora mismo justifica la falta de incremento en presupuestos, diciendo que no hemos estado al tanto en los \u00faltimos treinta a\u00f1os\u201d<\/p>\n\n\n\n<figure class=\"wp-block-image size-large\"><img loading=\"lazy\" decoding=\"async\" width=\"1080\" height=\"1771\" src=\"http:\/\/xn--tuvozdiasporaespaola-k7b.com\/wp-content\/uploads\/2022\/10\/screenshot_20221016-170324_chrome1370379094634152152.jpg?w=624\" alt=\"\" class=\"wp-image-389\" srcset=\"https:\/\/xn--tuvozdiasporaespaola-k7b.com\/wp-content\/uploads\/2022\/10\/screenshot_20221016-170324_chrome1370379094634152152.jpg 1080w, https:\/\/xn--tuvozdiasporaespaola-k7b.com\/wp-content\/uploads\/2022\/10\/screenshot_20221016-170324_chrome1370379094634152152-183x300.jpg 183w, https:\/\/xn--tuvozdiasporaespaola-k7b.com\/wp-content\/uploads\/2022\/10\/screenshot_20221016-170324_chrome1370379094634152152-624x1024.jpg 624w, https:\/\/xn--tuvozdiasporaespaola-k7b.com\/wp-content\/uploads\/2022\/10\/screenshot_20221016-170324_chrome1370379094634152152-768x1259.jpg 768w\" sizes=\"(max-width: 1080px) 100vw, 1080px\" \/><figcaption class=\"wp-element-caption\">FEIJ\u00d3O demuestra la cara Oculta del Odio Extremo a las libertades y el Derecho a la Nacionalidad de les Espa\u00f1oles ,  cerca de 250.000 tendr\u00edan derecho.<\/figcaption><\/figure>\n\n\n\n<p><strong>PROPUESTA PARA INCORPORAR PUNTOS DE LA LEY SI SOLO SI&nbsp;<\/strong><\/p>\n\n\n\n<p>\u201cMuchos consulados proactivos s\u00ed que tienen en cuenta esta ley. Pero hay otros consulados que no tienen ning\u00fan tipo de sensibilidad hacia problemas de violencia de g\u00e9nero. Lo que tenemos que asegurarnos es que desde el Ministerio de Exteriores se obligue a todos los consulados a tener unos servicios m\u00ednimos. Las cincuenta y dos provincias espa\u00f1olas van a tener un centro de crisis a ra\u00edz de esta ley y b\u00e1sicamente lo que va a suponer es que tengan un servicio de psic\u00f3logos y de m\u00e9dicos veinticuatro horas, siete d\u00edas a la semana en cualquiera de las provincias. Lo que queremos es que se trate de hacer algo parecido en todos los consulados del mundo. El trabajo que tenemos que hacer es empezar a dar mucha m\u00e1s visibilidad a los problemas que tenemos en la di\u00e1spora.<\/p>\n\n\n\n<p>Fuentes del Programa de Radio \u00abCenizas de Babilonia Di\u00e1spora Espa\u00f1ola \u00bb de la entrevista a David Casarejos. <\/p>\n","protected":false},"excerpt":{"rendered":"<p>LEY DE MEMORIA DEMOCR\u00c1TICA. ENTREVISTA A DAVID CASAREJOS. Por Walter C. MedinaRedacci\u00f3n de Revista TU VOZ Latinoam\u00e9rica. La puja por la Ley de Memoria &#8230; <\/p>\n<p class=\"read-more-container\"><a title=\"\u201cTODOS TEN\u00cdAMOS MUCHA PRISA CON ESTA LEY\u201d\" class=\"read-more button\" href=\"https:\/\/xn--tuvozdiasporaespaola-k7b.com\/page\/2\/todos-teniamos-mucha-prisa-con-esta-ley\/#more-390\" aria-label=\"M\u00e1s en \u201cTODOS TEN\u00cdAMOS MUCHA PRISA CON ESTA LEY\u201d\">Leer m\u00e1s<\/a><\/p>\n","protected":false},"author":222560522,"featured_media":0,"comment_status":"open","ping_status":"open","sticky":false,"template":"","format":"standard","meta":{"footnotes":""},"categories":[1771],"tags":[],"class_list":["post-390","post","type-post","status-publish","format-standard","hentry","category-sociales"],"_links":{"self":[{"href":"https:\/\/xn--tuvozdiasporaespaola-k7b.com\/page\/2\/wp-json\/wp\/v2\/posts\/390","targetHints":{"allow":["GET"]}}],"collection":[{"href":"https:\/\/xn--tuvozdiasporaespaola-k7b.com\/page\/2\/wp-json\/wp\/v2\/posts"}],"about":[{"href":"https:\/\/xn--tuvozdiasporaespaola-k7b.com\/page\/2\/wp-json\/wp\/v2\/types\/post"}],"author":[{"embeddable":true,"href":"https:\/\/xn--tuvozdiasporaespaola-k7b.com\/page\/2\/wp-json\/wp\/v2\/users\/222560522"}],"replies":[{"embeddable":true,"href":"https:\/\/xn--tuvozdiasporaespaola-k7b.com\/page\/2\/wp-json\/wp\/v2\/comments?post=390"}],"version-history":[{"count":0,"href":"https:\/\/xn--tuvozdiasporaespaola-k7b.com\/page\/2\/wp-json\/wp\/v2\/posts\/390\/revisions"}],"wp:attachment":[{"href":"https:\/\/xn--tuvozdiasporaespaola-k7b.com\/page\/2\/wp-json\/wp\/v2\/media?parent=390"}],"wp:term":[{"taxonomy":"category","embeddable":true,"href":"https:\/\/xn--tuvozdiasporaespaola-k7b.com\/page\/2\/wp-json\/wp\/v2\/categories?post=390"},{"taxonomy":"post_tag","embeddable":true,"href":"https:\/\/xn--tuvozdiasporaespaola-k7b.com\/page\/2\/wp-json\/wp\/v2\/tags?post=390"}],"curies":[{"name":"wp","href":"https:\/\/api.w.org\/{rel}","templated":true}]}}