{"id":3898,"date":"2023-09-25T11:48:47","date_gmt":"2023-09-25T14:48:47","guid":{"rendered":"https:\/\/xn--tuvozdiasporaespaola-k7b.com\/page\/2\/?p=3898"},"modified":"2023-09-25T11:48:48","modified_gmt":"2023-09-25T14:48:48","slug":"derecha-extrema-y-extrema-derecha","status":"publish","type":"post","link":"https:\/\/xn--tuvozdiasporaespaola-k7b.com\/page\/2\/derecha-extrema-y-extrema-derecha\/","title":{"rendered":"Derecha extrema y extrema derecha"},"content":{"rendered":"\n<p>Por Julio Ortega Tous, Rep\u00fablica  Dominicana.<\/p>\n\n\n\n<p>Al mismo tiempo que triunfa L\u00f3pez Obrador en M\u00e9xico, Petro en Colombia, Lula en Brasil, Alce en Bolivia o Boric en Chile, adem\u00e1s del triunfo de la presidenta Xiomara Castro en Honduras y recientemente del electo presidente Ar\u00e9valo en Guatemala, surge con fuerza una corriente racista, fascista y ultra neoliberal.<\/p>\n\n\n\n<p>Hay un auge de la extrema derecha a nivel global. El quiebre del paradigma creado por la econom\u00eda post segunda guerra mundial en los pa\u00edses de Europa y Norteam\u00e9rica ha hecho irrumpir las derechas extremas populistas. Estas tambi\u00e9n se han expandido hacia Am\u00e9rica Latina, particularmente en Brasil, Argentina y Chile.<\/p>\n\n\n\n<p>En el periodo anterior se mantuvo la estabilidad pol\u00edtica en base a un predominio de los partidos socialdem\u00f3cratas en Europa occidental y a los avances del Estado del Bienestar en el mundo industrial. Entre la socialdemocracia (centroizquierda) y la democracia cristiana (centro derecha), con matices y variantes de todo tipo, todo estuvo controlado por las instituciones de democracia liberal.<\/p>\n\n\n\n<p> En EEUU la tradicional lucha entre republicanos y dem\u00f3cratas continu\u00f3 en el marco de un capitalismo imperial ejercido por ambos partidos.Un consenso entre estas corrientes pol\u00edticas permiti\u00f3 una gran estabilidad del sistema pol\u00edtico en los llamados \u201cgloriosos treinta\u201d en el mundo desarrollado. <\/p>\n\n\n\n<p>El periodo que va de 1945 a 1975, grosso modo. Fin de la guerra, surgimiento de los Estados Unidos como potencia dominante, creaci\u00f3n de nuevas instituciones controladas por el hegem\u00f3n occidental, como el complejo de las Naciones Unidas, las instituciones multilaterales de desarrollo -Banco Mundial, Fondo Monetario Internacional, Banco Interamericano de Desarrollo y sus pares en \u00c1frica, Asia y Oriente Medio,  Rondas del GATT, entre lo m\u00e1s relevante-.<\/p>\n\n\n\n<figure class=\"wp-block-embed is-type-video is-provider-youtube wp-block-embed-youtube wp-embed-aspect-16-9 wp-has-aspect-ratio\"><div class=\"wp-block-embed__wrapper\">\n<iframe title=\"El auge de la ultraderecha en Europa\" width=\"1110\" height=\"624\" src=\"https:\/\/www.youtube.com\/embed\/-C7GG4ogRBE?feature=oembed\" frameborder=\"0\" allow=\"accelerometer; autoplay; clipboard-write; encrypted-media; gyroscope; picture-in-picture; web-share\" allowfullscreen><\/iframe>\n<\/div><\/figure>\n\n\n\n<p>Algunos factores no previstos debieron ser concedidos. El m\u00e1s importante fue el proceso de descolonizaci\u00f3n ayudado y apoyado por la Uni\u00f3n Sovi\u00e9tica y la Rep\u00fablica Popular China. La India, Asia del Sudeste, el mundo musulm\u00e1n y \u00c1frica fueron de una forma u otra obteniendo la independencia de las antiguas metr\u00f3polis coloniales.<\/p>\n\n\n\n<p> Para ilustrar el caso, cuando la ONU fue fundada, eran solamente 50 estados. Hoy la ONU tiene oficialmente 193 pa\u00edses, sin incluir Palestina, Puerto Rico, Guyana (f), todos los territorios coloniales existentes a la fecha bajo control de Francia, Reino Unido y los Estados Unidos.<\/p>\n\n\n\n<p> No ser\u00eda absurdo pensar que en unas d\u00e9cadas la ONU pueda tener m\u00e1s de 250 pa\u00edses miembros.La descolonizaci\u00f3n fue un factor fundamental. Ya sea aquella conquistada por los movimientos de liberaci\u00f3n nacional, como en Vietnam, Argelia, Angola, Mozambique, Eritrea o por grandes movilizaciones como el caso de India, que inclu\u00eda entonces a Pakist\u00e1n, Bangladesh y Sri Lanka. Tanto Inglaterra como Francia entendieron que para mantener por la fuerza a las colonias era preferible una \u201cindependencia pactada\u201d con amplia dependencia de los nuevos Estados respecto a sus metr\u00f3polis.<\/p>\n\n\n\n<p>Esto, unido al boom econ\u00f3mico de la postguerra, indujo a los pa\u00edses colonizadores a traer a las metr\u00f3polis grandes cantidades de trabajadores migrantes de \u00c1frica subsahariana, del Magreb y el Norte de \u00c1frica, de India, de Pakist\u00e1n, de Vietnam y de muchos territorios recientemente \u201cdescolonizados\u201d. En EEUU comenz\u00f3 la masiva emigraci\u00f3n de mexicanos, centroamericanos, asi\u00e1ticos y caribe\u00f1os.<\/p>\n\n\n\n<p>Esto hizo surgir grupos extremistas y racistas en Europa y Norteam\u00e9rica. No eran representaciones de los violentos y criminales del KKK creado por los dem\u00f3cratas en el Sur de los EEUU despu\u00e9s de la Guerra Civil para combatir la libertad de los negros, sino movimientos que reivindicaban la herencia fascista, nazi y racista  que persistente en muchos sectores de las sociedades occidentales.<\/p>\n\n\n\n<p> As\u00ed surgen fen\u00f3menos como la ultraderecha en Europa occidental, que inicialmente fue declarado un \u201ccerco sanitario\u201d como el caso del FP\u00d6 en Austria, el primer partido de ultraderecha en formar gobierno con la derecha tradicional en 1999. Tambi\u00e9n en Francia con el cerco al auge del Frente Nacional, y la uni\u00f3n de todas las fuerzas desde la derecha tradicional hasta la izquierda m\u00e1s revolucionaria. <\/p>\n\n\n\n<p>La \u201cnormalizaci\u00f3n\u201d de la deriva ultraderechista de grandes sectores pol\u00edticos y sociales, que pasaban de los partidos socialdem\u00f3cratas o comunistas (Francia, Italia, Alemania entre los m\u00e1s relevantes) a engrosar los partidos fascistas se generaliz\u00f3 progresivamente. <\/p>\n\n\n\n<p>Esa evoluci\u00f3n marc\u00f3 que los partidos de la \u201cderecha democr\u00e1tica\u201d o centro derecha se acoraran cada vez m\u00e1s al discurso ultra de la extrema derecha: odio al inmigrante (sobretodo al inmigrante pobre, que cre\u00f3 el concepto de Aporofobia, u odio al pobre), ultra conservadurismo, neoliberalismo en algunos casos, nacionalismo extremo, rechazo a los \u201cdiferente\u201d, incluyendo en ello los nuevos feminismos y movimientos por la igualdad sexual y los derechos de la comunidad LGBT, rechazo al derecho al aborto, racismo generalizado\u2026<\/p>\n\n\n\n<figure class=\"wp-block-embed is-type-video is-provider-youtube wp-block-embed-youtube wp-embed-aspect-16-9 wp-has-aspect-ratio\"><div class=\"wp-block-embed__wrapper\">\n<iframe title=\"El Manual del Buen Fascista (de Qu\u00e9 hablan, C\u00f3mo y Por Qu\u00e9) | CAF\u00c9INNA\" width=\"1110\" height=\"624\" src=\"https:\/\/www.youtube.com\/embed\/MdZubV0hNl8?feature=oembed\" frameborder=\"0\" allow=\"accelerometer; autoplay; clipboard-write; encrypted-media; gyroscope; picture-in-picture; web-share\" allowfullscreen><\/iframe>\n<\/div><\/figure>\n\n\n\n<p><\/p>\n\n\n\n<p>La centro derecha se fue convirtiendo en derecha extrema como respuesta al auge de la ultraderecha. En Francia el gaullismo desaparece para dar paso a una derecha extrema representada hoy por el macronismo surgido del Partido Socialista. En Alemania la socialdemocracia se reduce cada vez m\u00e1s, a favor de la AfD, Alternativa por Alemania, un partido neo nazi. <\/p>\n\n\n\n<p>El trumpismo y alt-rigth en EEUU, desplaza cada vez m\u00e1s a los republicanos moderados y se hace con el partido republicano, mientras el partido dem\u00f3crata se acomoda m\u00e1s y m\u00e1s en manos del capital financiero, Wall Street y los ultra ricos. El auge de la pobreza y los multimillonarios en EEUU est\u00e1 polarizando cada vez m\u00e1s la sociedad norteamericana. <\/p>\n\n\n\n<p>Los fen\u00f3menos progresistas de centro izquierda como el encabezado por Bernie Sanders han sido borrados, igual como pas\u00f3 con Jeremy Corbin en el partido laborista en Gran Breta\u00f1a. En Espa\u00f1a, la ultraderecha convive dentro del Partido Popular de origen franquista. Pero decidi\u00f3 montar tienda aparte en 2013 encabezados por Santiago Abascal, y asesorado por Esperanza Aguirre y Steve Bannon. <\/p>\n\n\n\n<p>En Italia, los neofascistas del MSI se transformaron \u201cFratelli d\u2019Italia\u201d con el mismo discurso racista, anti inmigraci\u00f3n, anti aborto, anti derechos LGBT, y el mismo programa enarbolado en toda Europa. <\/p>\n\n\n\n<p>Puede decirse que asistimos a una \u201cInternacional neofascista\u201d.Ahora bien, en Am\u00e9rica Latina, al mismo tiempo que triunfa L\u00f3pez Obrador en M\u00e9xico, Petro en Colombia, Lula en Brasil, Alce en Bolivia o Boric en Chile, adem\u00e1s del triunfo de la presidenta Xiomara Castro en Honduras y recientemente del electo presidente Ar\u00e9valo en Guatemala, surge con fuerza una corriente racista, fascista y ultra neoliberal que amenaza con arrasar con las conquistas logradas.<\/p>\n\n\n\n<p>El bolsonarismo, un movimiento ultraderechista con amplias bases de los evang\u00e9licos y los militares borra a los partidos de la derecha tradicional de Cardoso y Collor de Melo; el surgimiento del Partido Republicano de Kast en Chile que reivindica abiertamente la dictadura y los m\u00e9todos de ella,  borra la democracia cristiana y la \u201cderecha civilizada\u201d en ese pa\u00eds; el movimiento El Yunque de M\u00e9xico, que patrocina a Vox en Espa\u00f1a y al PAN en M\u00e9xico y una pretendida \u201cIberoesfera\u201d de ultraderecha, y a los movimientos de base ultra cat\u00f3lica en la regi\u00f3n, la evoluci\u00f3n cada vez m\u00e1s ultraderechista del uribismo en Colombia; el movimiento ultra en Bolivia con bases en Santa Cruz de la Sierra y muchos otros, nos pintan un panorama de auge de la ultraderecha, la ideolog\u00eda de odio, la xenofobia, el racismo como bases ideol\u00f3gicas en la regi\u00f3n.<\/p>\n\n\n\n<p><\/p>\n\n\n\n<p><\/p>\n\n\n\n<p><\/p>\n","protected":false},"excerpt":{"rendered":"<p>Por Julio Ortega Tous, Rep\u00fablica Dominicana. Al mismo tiempo que triunfa L\u00f3pez Obrador en M\u00e9xico, Petro en Colombia, Lula en Brasil, Alce en Bolivia &#8230; <\/p>\n<p class=\"read-more-container\"><a title=\"Derecha extrema y extrema derecha\" class=\"read-more button\" href=\"https:\/\/xn--tuvozdiasporaespaola-k7b.com\/page\/2\/derecha-extrema-y-extrema-derecha\/#more-3898\" aria-label=\"M\u00e1s en Derecha extrema y extrema derecha\">Leer m\u00e1s<\/a><\/p>\n","protected":false},"author":222560522,"featured_media":3909,"comment_status":"open","ping_status":"open","sticky":false,"template":"","format":"standard","meta":{"footnotes":""},"categories":[121850],"tags":[],"class_list":["post-3898","post","type-post","status-publish","format-standard","has-post-thumbnail","hentry","category-politica","resize-featured-image"],"_links":{"self":[{"href":"https:\/\/xn--tuvozdiasporaespaola-k7b.com\/page\/2\/wp-json\/wp\/v2\/posts\/3898","targetHints":{"allow":["GET"]}}],"collection":[{"href":"https:\/\/xn--tuvozdiasporaespaola-k7b.com\/page\/2\/wp-json\/wp\/v2\/posts"}],"about":[{"href":"https:\/\/xn--tuvozdiasporaespaola-k7b.com\/page\/2\/wp-json\/wp\/v2\/types\/post"}],"author":[{"embeddable":true,"href":"https:\/\/xn--tuvozdiasporaespaola-k7b.com\/page\/2\/wp-json\/wp\/v2\/users\/222560522"}],"replies":[{"embeddable":true,"href":"https:\/\/xn--tuvozdiasporaespaola-k7b.com\/page\/2\/wp-json\/wp\/v2\/comments?post=3898"}],"version-history":[{"count":6,"href":"https:\/\/xn--tuvozdiasporaespaola-k7b.com\/page\/2\/wp-json\/wp\/v2\/posts\/3898\/revisions"}],"predecessor-version":[{"id":3904,"href":"https:\/\/xn--tuvozdiasporaespaola-k7b.com\/page\/2\/wp-json\/wp\/v2\/posts\/3898\/revisions\/3904"}],"wp:featuredmedia":[{"embeddable":true,"href":"https:\/\/xn--tuvozdiasporaespaola-k7b.com\/page\/2\/wp-json\/wp\/v2\/media\/3909"}],"wp:attachment":[{"href":"https:\/\/xn--tuvozdiasporaespaola-k7b.com\/page\/2\/wp-json\/wp\/v2\/media?parent=3898"}],"wp:term":[{"taxonomy":"category","embeddable":true,"href":"https:\/\/xn--tuvozdiasporaespaola-k7b.com\/page\/2\/wp-json\/wp\/v2\/categories?post=3898"},{"taxonomy":"post_tag","embeddable":true,"href":"https:\/\/xn--tuvozdiasporaespaola-k7b.com\/page\/2\/wp-json\/wp\/v2\/tags?post=3898"}],"curies":[{"name":"wp","href":"https:\/\/api.w.org\/{rel}","templated":true}]}}