{"id":3885,"date":"2023-09-24T21:42:35","date_gmt":"2023-09-25T00:42:35","guid":{"rendered":"https:\/\/xn--tuvozdiasporaespaola-k7b.com\/page\/2\/?p=3885"},"modified":"2023-09-25T12:44:33","modified_gmt":"2023-09-25T15:44:33","slug":"la-tarea-es-descentralizar-el-cre-de-buenos-aires","status":"publish","type":"post","link":"https:\/\/xn--tuvozdiasporaespaola-k7b.com\/page\/2\/la-tarea-es-descentralizar-el-cre-de-buenos-aires\/","title":{"rendered":"LA TAREA ES DESCENTRALIZAR el CRE de Buenos Aires."},"content":{"rendered":"\n<p>Transcripci\u00f3n efectuada por Walter C. Medina<\/p>\n\n\n\n<p>Diego Samiguel, miembro del Consejo de Residentes de Espa\u00f1oles en el Extranjero en el Consulado de Buenos Aires, adelant\u00f3 cu\u00e1les ser\u00e1n las propuestas del Frente Progresista Las Trece Rosas en el pr\u00f3ximo pleno.<\/p>\n\n\n\n<p>Entrevistado por Roberto San Mart\u00edn en el programa radiof\u00f3nico \u201cCenizas de Babilonia-Di\u00e1spora Espa\u00f1ola\u201d (AM830), Samiguel se refiri\u00f3 a las propuestas en las que trabaja, de cara a la reuni\u00f3n que se celebrar\u00e1 en los pr\u00f3ximos d\u00edas. <\/p>\n\n\n\n<figure class=\"wp-block-gallery has-nested-images columns-default is-cropped wp-block-gallery-1 is-layout-flex wp-block-gallery-is-layout-flex\">\n<figure class=\"wp-block-image size-full is-style-rounded\"><img fetchpriority=\"high\" decoding=\"async\" width=\"1080\" height=\"1384\" data-id=\"3892\" src=\"https:\/\/xn--tuvozdiasporaespaola-k7b.com\/wp-content\/uploads\/2023\/09\/1000152309.jpg\" alt=\"\" class=\"wp-image-3892\"\/><\/figure>\n<\/figure>\n\n\n\n<p>\u201cLa particularidad que tiene este CRE es que tiene tres miembros que somos del interior. Uno de Bol\u00edvar, otro de La Plata y yo que soy del Municipio de General Villegas. Pero todos respondemos a la circunscripci\u00f3n del Consulado General de Buenos Aires. No es federal como quisi\u00e9ramos pero somos tres miembros que intentamos el interior y la realidad de la provincia en lo que respecta a la actividad del consulado\u201d<\/p>\n\n\n\n<p><strong>El pr\u00f3ximo martes ten\u00e9is una reuni\u00f3n en el CRE \u00bfCu\u00e1les son los temas que el Frente Progresista Las Trece Rosas va a presentar en esa reuni\u00f3n?<\/strong><\/p>\n\n\n\n<p>La reuni\u00f3n que corresponde al mes de octubre se adelant\u00f3 a fin de septiembre. Desde nuestro bloque de cuatro integrantes que tenemos de las Trece Rosas llevamos adelante dos mociones. Una tiene que ver con un seguimiento, con una se\u00f1al de alerta desde el Consulado General de Buenos Aires, particularmente hacia las agencias consulares y hacia los vice consulados del interior de la provincia para que haya un diagn\u00f3stico sobre su funcionamiento. <\/p>\n\n\n\n<p>Hay muchos que lo est\u00e1n haciendo muy bien, pero hay otros que no; hay muchos que no logra tener una atenci\u00f3n. Hay algunos municipios que abarcan una secci\u00f3n, tienen horarios de atenci\u00f3n, los respetan, tienen una persona a cargo que est\u00e1 presente y hay otros que tienen una imagen un poco fantasmal. <\/p>\n\n\n\n<p>Por eso el pedido de informe de seguimiento que nosotros como consejeros le intimamos o le pedimos al Consulado General de Buenos Aires que es del que dependen esas unidades descentralizadas, para que particularmente no se sobrecarguen otros. <\/p>\n\n\n\n<figure class=\"wp-block-gallery has-nested-images columns-default is-cropped wp-block-gallery-2 is-layout-flex wp-block-gallery-is-layout-flex\">\n<figure class=\"wp-block-image size-large\"><img decoding=\"async\" width=\"1073\" height=\"713\" data-id=\"3893\" src=\"https:\/\/xn--tuvozdiasporaespaola-k7b.com\/wp-content\/uploads\/2023\/09\/1000152304.jpg\" alt=\"\" class=\"wp-image-3893\"\/><figcaption class=\"wp-element-caption\">Viceconsulado de Mar del Plata <\/figcaption><\/figure>\n<\/figure>\n\n\n\n<p>Porque lo que pasa es que en el interior, cuando no funciona el de un distrito, la persona va a hacer tr\u00e1mites por cercan\u00eda o por afinidad a otro, entonces se sobrecarga. <\/p>\n\n\n\n<p>Es una responsabilidad del Consulado de Buenos Aires velar para que todas sus dependencias funcionen de manera correcta. No solamente porque no responden a la atenci\u00f3n al p\u00fablico como tiene que ser, sino porque es responsabilidad de nuestras autoridades consulares. <\/p>\n\n\n\n<p>Diego Samiguel record\u00f3 que en las reuniones siempre se tratan cuatro temas. <strong>\u201cNosotros siempre respetuosos de lo que proponen los otros dos bloques, porque el CRE est\u00e1 integrado por dos bloques m\u00e1s.<\/strong> Sesi\u00f3n tras sesi\u00f3n, desde el grupo de las Trece Rosas nunca hemos dejado de presentar alguna moci\u00f3n para tratar. <\/p>\n\n\n\n<p>Si habr\u00eda alg\u00fan m\u00e9rito a la labor parlamentaria, desde el grupo nuestro nunca dejamos de llevar como m\u00ednimo dos propuestas, respetuosos del resto de los bloques. <\/p>\n\n\n\n<p>La otra propuesta tiene que ver con lo que venimos haciendo desde hace alg\u00fan tiempo, que es tratar de vincular la tarea que venimos haciendo nosotros desde el CRE con lo que viene haciendo el Consejo General de la Ciudadan\u00eda. <\/p>\n\n\n\n<p>Particularmente la segunda propuesta tiene que ver con la incorporaci\u00f3n que ha habido ya de nuevo personal en el Consulado General de Buenos Aires, tom\u00e1ndolo desde una sugerencia, desde los plenos de febrero que hizo en Consejo General, de que algunos tr\u00e1mites se hagan de manera itinerante y descentralizada. <\/p>\n\n\n\n<figure class=\"wp-block-gallery has-nested-images columns-default is-cropped wp-block-gallery-3 is-layout-flex wp-block-gallery-is-layout-flex\">\n<figure class=\"wp-block-image size-large\"><img decoding=\"async\" width=\"1080\" height=\"720\" data-id=\"3894\" src=\"https:\/\/xn--tuvozdiasporaespaola-k7b.com\/wp-content\/uploads\/2023\/09\/1000152306.jpg\" alt=\"\" class=\"wp-image-3894\"\/><figcaption class=\"wp-element-caption\">Viceconsulado de Lincoln <\/figcaption><\/figure>\n<\/figure>\n\n\n\n<p>Lo que sugiere el Consejo General es la renovaci\u00f3n de pasaporte, que se pueda hacer en estas agencias consulares, en los viceconsulados del interior. Que cierto personal del Consulado General de Buenos Aires se mueva itinerantemente con citas previas, con todo lo que corresponde; pero que empiece a descentralizar la atenci\u00f3n, ahora que va a contar con m\u00e1s personal. <\/p>\n\n\n\n<p>Esto es algo que se viene demandando, particularmente en donde las jurisdicciones son muy grandes y hay mucha distancia con respecto al lugar en donde se debe hacer la renovaci\u00f3n. A nosotros en Buenos Aires nos vendr\u00eda muy bien y ojal\u00e1 que se pueda replicar al resto de los consulados en la Argentina.        <\/p>\n","protected":false},"excerpt":{"rendered":"<p>Transcripci\u00f3n efectuada por Walter C. Medina Diego Samiguel, miembro del Consejo de Residentes de Espa\u00f1oles en el Extranjero en el Consulado de Buenos Aires, &#8230; <\/p>\n<p class=\"read-more-container\"><a title=\"LA TAREA ES DESCENTRALIZAR el CRE de Buenos Aires.\" class=\"read-more button\" href=\"https:\/\/xn--tuvozdiasporaespaola-k7b.com\/page\/2\/la-tarea-es-descentralizar-el-cre-de-buenos-aires\/#more-3885\" aria-label=\"M\u00e1s en LA TAREA ES DESCENTRALIZAR el CRE de Buenos Aires.\">Leer m\u00e1s<\/a><\/p>\n","protected":false},"author":222560522,"featured_media":3895,"comment_status":"open","ping_status":"open","sticky":false,"template":"","format":"standard","meta":{"footnotes":""},"categories":[121854],"tags":[],"class_list":["post-3885","post","type-post","status-publish","format-standard","has-post-thumbnail","hentry","category-consejo-de-residentes-espanoles","resize-featured-image"],"_links":{"self":[{"href":"https:\/\/xn--tuvozdiasporaespaola-k7b.com\/page\/2\/wp-json\/wp\/v2\/posts\/3885","targetHints":{"allow":["GET"]}}],"collection":[{"href":"https:\/\/xn--tuvozdiasporaespaola-k7b.com\/page\/2\/wp-json\/wp\/v2\/posts"}],"about":[{"href":"https:\/\/xn--tuvozdiasporaespaola-k7b.com\/page\/2\/wp-json\/wp\/v2\/types\/post"}],"author":[{"embeddable":true,"href":"https:\/\/xn--tuvozdiasporaespaola-k7b.com\/page\/2\/wp-json\/wp\/v2\/users\/222560522"}],"replies":[{"embeddable":true,"href":"https:\/\/xn--tuvozdiasporaespaola-k7b.com\/page\/2\/wp-json\/wp\/v2\/comments?post=3885"}],"version-history":[{"count":4,"href":"https:\/\/xn--tuvozdiasporaespaola-k7b.com\/page\/2\/wp-json\/wp\/v2\/posts\/3885\/revisions"}],"predecessor-version":[{"id":3915,"href":"https:\/\/xn--tuvozdiasporaespaola-k7b.com\/page\/2\/wp-json\/wp\/v2\/posts\/3885\/revisions\/3915"}],"wp:featuredmedia":[{"embeddable":true,"href":"https:\/\/xn--tuvozdiasporaespaola-k7b.com\/page\/2\/wp-json\/wp\/v2\/media\/3895"}],"wp:attachment":[{"href":"https:\/\/xn--tuvozdiasporaespaola-k7b.com\/page\/2\/wp-json\/wp\/v2\/media?parent=3885"}],"wp:term":[{"taxonomy":"category","embeddable":true,"href":"https:\/\/xn--tuvozdiasporaespaola-k7b.com\/page\/2\/wp-json\/wp\/v2\/categories?post=3885"},{"taxonomy":"post_tag","embeddable":true,"href":"https:\/\/xn--tuvozdiasporaespaola-k7b.com\/page\/2\/wp-json\/wp\/v2\/tags?post=3885"}],"curies":[{"name":"wp","href":"https:\/\/api.w.org\/{rel}","templated":true}]}}