{"id":3870,"date":"2023-09-22T20:21:24","date_gmt":"2023-09-22T23:21:24","guid":{"rendered":"https:\/\/xn--tuvozdiasporaespaola-k7b.com\/page\/2\/?p=3870"},"modified":"2023-09-24T07:56:37","modified_gmt":"2023-09-24T10:56:37","slug":"el-lawfare-esta-mas-vigente-que-nunca","status":"publish","type":"post","link":"https:\/\/xn--tuvozdiasporaespaola-k7b.com\/page\/2\/el-lawfare-esta-mas-vigente-que-nunca\/","title":{"rendered":"EL LAWFARE EST\u00c1 M\u00c1S VIGENTE QUE NUNCA"},"content":{"rendered":"\n<p>Transcripci\u00f3n efectuada por Walter C. Medina<\/p>\n\n\n\n<p>ENTREVISTA A LEANDRO CARVALHO<\/p>\n\n\n\n<p>Licenciado en Cine Documental en la Universidad Popular de Madres de Plaza de Mayo, el realizador de \u201cGente de la Tierra\u201d, Leandro Carvalho, habl\u00f3 sobre su nuevo trabajo cinematogr\u00e1fico que aborda la guerra judicial y medi\u00e1tica contra l\u00edderes populares de Latinoam\u00e9rica.&nbsp;<\/p>\n\n\n\n<figure class=\"wp-block-gallery has-nested-images columns-default is-cropped wp-block-gallery-1 is-layout-flex wp-block-gallery-is-layout-flex\">\n<figure class=\"wp-block-image size-large\"><img fetchpriority=\"high\" decoding=\"async\" width=\"824\" height=\"464\" data-id=\"3873\" src=\"https:\/\/xn--tuvozdiasporaespaola-k7b.com\/wp-content\/uploads\/2023\/09\/1000152289.jpg\" alt=\"\" class=\"wp-image-3873\"\/><\/figure>\n<\/figure>\n\n\n\n<p>Entrevistado por Roberto San Mart\u00edn para el programa radiof\u00f3nico \u201cCenizas de Babilonia-Di\u00e1spora Espa\u00f1ola\u201d (AM 830 Radio del Pueblo), Carvalho sostuvo que \u201cla guerra judicial y medi\u00e1tica contin\u00faa vigente y es el modo en el que operan contra los l\u00edderes y los movimientos populares de la regi\u00f3n\u201d.\u00a0<\/p>\n\n\n\n<p>\u201cAntes que nada les agradezco el espacio porque es muy dif\u00edcil que a comunicadores populares y gente que produce sin fines de lucro, como nosotros, se nos d\u00e9 lugar en los medios de comunicaci\u00f3n. Y eso resulta muy valioso para poder comunicar despu\u00e9s de mucho tiempo de investigaci\u00f3n en determinadas tem\u00e1ticas logramos cerrar materiales audiovisuales documentales que buscan clarificar, que buscan de alguna manera ser una herramienta did\u00e1ctica y pedag\u00f3gicas para tem\u00e1ticas complejas.<\/p>\n\n\n\n<p>En cuanto al primer material al que hac\u00edas referencia, se trata de algo que yo hice cuando egres\u00e9 de la Universidad Popular de Madres de Plaza de Mayo en la carrera de Cine Documental. \u201cGente de la Tierra\u201d es un estudio que hice durante el a\u00f1o 2011 en el sur, en la Patagonia Argentina, sobre todo en Bariloche, donde ya se estaba dando en fen\u00f3meno que luego vimos bien claro la sociedad toda, con respecto a Santiago Maldonado. <\/p>\n\n\n\n<p>Esta cuesti\u00f3n de la lucha por las tierras de los pueblos originarios, en particular los mapuches que tienen una mirada muy curiosa para un porte\u00f1o. Ellos niegan de alg\u00fan modo la nacionalidad argentina y tienen otra mirada, cosa que est\u00e1 contemplada en la modificaci\u00f3n de la Constituci\u00f3n en el a\u00f1o 1994, donde aparece la figura de trashumancia, esto de que la pertenencia a la regi\u00f3n est\u00e1 m\u00e1s all\u00e1 de la pertenencia a la naci\u00f3n. <\/p>\n\n\n\n<p>Esto es muy curioso y es muy interesante en t\u00e9rminos jur\u00eddicos, porque esto significa que determinados pobladores hist\u00f3ricos de la regi\u00f3n patag\u00f3nica pertenecientes a los mapuches tehuelches que hist\u00f3ricamente habitaban la regi\u00f3n mucho antes de la colonizaci\u00f3n, est\u00e1n en su derecho de reclamar tierras, tienen el derecho constitucional para el reclamo, y de ah\u00ed surge toda la problem\u00e1tica que pudimos conocer mucho m\u00e1s popularmente con el tema de Santiago Maldonado. <\/p>\n\n\n\n<figure class=\"wp-block-gallery has-nested-images columns-default is-cropped wp-block-gallery-2 is-layout-flex wp-block-gallery-is-layout-flex\">\n<figure class=\"wp-block-image size-large\"><img decoding=\"async\" width=\"500\" height=\"273\" data-id=\"3875\" src=\"https:\/\/xn--tuvozdiasporaespaola-k7b.com\/wp-content\/uploads\/2023\/09\/1000152288-1.jpg\" alt=\"\" class=\"wp-image-3875\"\/><\/figure>\n<\/figure>\n\n\n\n<p>Pero ya hab\u00eda habido en el a\u00f1o 2011 el triple homicidio de Bariloche, donde fueron fusilados tres pibes mapuches del alto de Bariloche en la lucha por las tierras. Y esto tiene toda una connotaci\u00f3n pol\u00edtica. Yo me pude vincular con organizaciones internacionales que estaban al tanto de esto, tuve la oportunidad de viajar por la regi\u00f3n, sobre todo por el lado argentino, y recabar testimonios que explicaba un poco la situaci\u00f3n que ven\u00eda sucediendo hace much\u00edsimos a\u00f1os. Era una tem\u00e1tica que me interesaba mucho, ya que ten\u00eda que ver con los pueblos originarios y con los procesos que hubo, como la conquista del desierto, que no era ning\u00fan desierto, pero se lo llamaba as\u00ed. Los v\u00ednculos de esto con los procesos democr\u00e1ticos, con la historia de la Patagonia. As\u00ed que ese material, \u201cGente de la Tierra\u201d, fue un material que se present\u00f3 en el cine Gaumont y tuvo buena asistencia. Por supuesto, sin fines de lucro, al igual que el resto del contenido que desarrollo. Fue el punta pi\u00e9 del trabajo de investigaci\u00f3n; sin fines de lucro y sin financiamiento importante.<\/p>\n\n\n\n<figure class=\"wp-block-gallery has-nested-images columns-default is-cropped wp-block-gallery-3 is-layout-flex wp-block-gallery-is-layout-flex\">\n<figure class=\"wp-block-image size-large\"><img decoding=\"async\" width=\"1080\" height=\"580\" data-id=\"3876\" src=\"https:\/\/xn--tuvozdiasporaespaola-k7b.com\/wp-content\/uploads\/2023\/09\/1000152291.jpg\" alt=\"\" class=\"wp-image-3876\"\/><\/figure>\n<\/figure>\n\n\n\n<p><strong>En tu nueva obra el lawfare vuelve a estar \u201cde rabiosa actualidad\u201d, como dec\u00edan los antiguos radiofonistas. H\u00e1blanos de \u201cLa Guerra Judicial en Latinoam\u00e9rica\u201d, el nuevo documental que has presentado y que est\u00e1 orientado a este tema en Argentina, Brasil y Ecuador.<\/strong><\/p>\n\n\n\n<p>Te lo voy a resumir porque es un trabajo que venimos haciendo desde hace muchos a\u00f1os. En el a\u00f1o 2017, como grupo de creaci\u00f3n audiovisual cooperativo, en el marco de una mesa de solidaridad que se form\u00f3 en la CTA de Hugo Yasky, empezamos a enterarnos de lo que significaba el fen\u00f3meno del lawfare en Latinoam\u00e9rica cuando comienza la persecuci\u00f3n fuerte a Lula en Brasil. <\/p>\n\n\n\n<p>Pero tambi\u00e9n ten\u00eda que ver con la destrucci\u00f3n de imagen o la decapitaci\u00f3n de liderazgo social y pol\u00edtico que hab\u00eda en Argentina, cundo se empieza a intensificar la demonizaci\u00f3n de Cristina Kirchner y del movimiento kirchnerista en general, y de todos los movimientos que presentaban batalla a ciertos procesos neoliberales, de colonizaci\u00f3n sociopol\u00edtica y comunicacional, pero por sobre todo jur\u00eddica. Exist\u00eda una persecuci\u00f3n jur\u00eddica muy clara, tanto en el caso de Correa; ya hab\u00eda habido un trabajo de demonizaci\u00f3n muy fuerte de Ch\u00e1vez, sabemos tambi\u00e9n lo que ocurri\u00f3 con Evo Morales en el golpe y la desinformaci\u00f3n bestial que hubo respecto de su trabajo, de su gobierno y de su legitimidad democr\u00e1tica en Bolivia. <\/p>\n\n\n\n<p>Empezamos a investigar, formamos un grupo de trabajo dedicado a las guerras sin restricciones. Este tipo de guerra, que tambi\u00e9n se llaman h\u00edbridas, no cin\u00e9ticas fue lo que empezamos a investigar. Encontramos archivos de c\u00f3mo hab\u00eda sido tomada la nueva definici\u00f3n de las guerras sin restricciones, asim\u00e9tricas y no b\u00e9licas, y logramos una muy buena base para comprender de qu\u00e9 est\u00e1bamos hablando cuando habl\u00e1bamos de lawfare, porque es un concepto antiguo pero tiene una resignificaci\u00f3n contempor\u00e1nea, sobre todo en nuestra regi\u00f3n. <\/p>\n\n\n\n<p>Este fue el primer frente de los tres frentes que elegimos para documentar en esta trilog\u00eda sobre guerras sin restricciones. El primer frente fue el lawfare; estuvimos desde el 2017 al 2019, fue declarado de Inter\u00e9s Cultural en el Congreso de la Naci\u00f3n, en la C\u00e1mara de Diputados de la Naci\u00f3n, y fuimos invitados al Foro de San Pablo, en Caracas a presentarlo frente a gente de todo el mundo. Luego tambi\u00e9n fuimos invitados a la Asamblea Nacional del Ecuador, en donde pudimos estar junto a parlamentarios del Ecuador presentando este contenido que se puede ver en Internet y se llama \u201cGuerra Judicial en Latinoam\u00e9rica\u201d.<\/p>\n\n\n\n<p>Pudimos hacer una investigaci\u00f3n sumando unas cincuenta voces calificadas de estos tres campos, el jur\u00eddico, el pol\u00edtico y el comunicacional. Pudimos contar como se desenvolv\u00edan estas nuevas t\u00e9cnicas b\u00e9licas encargadas por el Departamento de Estado Norteamericano; expl\u00edcitamente, no es nada delirante, sino algo que est\u00e1 documentado perfectamente. <\/p>\n\n\n\n<p>En el documental se ve claramente c\u00f3mo se utiliza el libro \u201cGuerra sin Restricciones\u201d, del a\u00f1o 1999, e inclusive se pide autorizaci\u00f3n oficial para poder utilizarlo como libro de formaci\u00f3n. Estados Unidos incorpora una pol\u00edtica exterior basada en el lawfare, en la idea de decapitar liderazgos populares que de alguna manera est\u00e1n en contra de los intereses de pol\u00edtica exterior y econ\u00f3mica norteamericana.&nbsp;<\/p>\n\n\n\n<p>Carvalho explic\u00f3 adem\u00e1s que en el trabajo documental quedan al descubierto c\u00f3mo estas t\u00e1cticas son aplicadas en la regi\u00f3n \u201cde acuerdo a la idiosincrasia y a la cultura contempor\u00e1nea de estos pa\u00edses, incluyendo a Argentina, Brasil, Ecuador, Bolivia\u201d.<\/p>\n\n\n\n<p>El segundo documental es \u201cLa Guerra Permanente. Noticias Falsas y Manipulaci\u00f3n de Opini\u00f3n P\u00fablica\u201d, y se complementa con el primer contenido, con la l\u00f3gica del lawfare, la guerra medi\u00e1tica, la informaci\u00f3n sesgada y la generaci\u00f3n de informaci\u00f3n falsa.&nbsp;&nbsp;&nbsp;<\/p>\n\n\n\n<figure class=\"wp-block-gallery has-nested-images columns-default is-cropped wp-block-gallery-4 is-layout-flex wp-block-gallery-is-layout-flex\">\n<figure class=\"wp-block-image size-full\"><img loading=\"lazy\" decoding=\"async\" width=\"1280\" height=\"720\" data-id=\"3878\" src=\"https:\/\/xn--tuvozdiasporaespaola-k7b.com\/wp-content\/uploads\/2023\/09\/1000152296.jpg\" alt=\"\" class=\"wp-image-3878\"\/><\/figure>\n<\/figure>\n\n\n\n<p>&nbsp;&nbsp;&nbsp;&nbsp;&nbsp;<\/p>\n\n\n\n<p><strong>\u00bfC\u00f3mo ves la utilizaci\u00f3n del lawfare en Argentina a nivel electoral?<\/strong><\/p>\n\n\n\n<p>Yo creo que ha sido ininterrumpido, que las pol\u00edticas exteriores de Estados Unidos respecto del movimiento kirchnerista nunca han dejado de estar presentes. Es un proyecto de demonizaci\u00f3n y decapitaci\u00f3n. Esto existe y tiene que ver con el arraigo fuert\u00edsimo que tiene en t\u00e9rminos pol\u00edticos en el Poder Judicial de la Argentina. Esto no ha cambiado por m\u00e1s que haya fallecido Bonad\u00edo. <\/p>\n\n\n\n<p>Sigue siendo un Poder judicial cipayo, que persigue, que evade la presunci\u00f3n de inocencia, que es el principio elemental del estado de derecho, no solo en nuestro pa\u00eds. Lula estuvo casi dos a\u00f1os preso sin motivo, luego sali\u00f3 y gan\u00f3 la presidencia por tercera vez. El Poder Judicial en Argentina es comprado, cipayo y corrupto, sobre todo contra el gobierno de Cristina Kirchner, que ha significado una transformaci\u00f3n muy importante para la calidad de vida de la ciudadan\u00eda en general. <\/p>\n\n\n\n<p>Mientras se afecten intereses del poder concentrado, van a seguir existiendo estos mecanismos de persecuci\u00f3n. La quieren muerta o presa. No es ninguna novedad que reactiven causas contra Cristina. Lamentablemente esto implica una especia de guerra civil en nuestro pa\u00eds, porque esto es algo que los sectores populares no van a tolerar, y menos sin pruebas y de una forma tan burda como lo vienen haciendo.&nbsp;<\/p>\n\n\n\n<figure class=\"wp-block-gallery has-nested-images columns-default is-cropped wp-block-gallery-5 is-layout-flex wp-block-gallery-is-layout-flex\">\n<figure class=\"wp-block-image size-large\"><img loading=\"lazy\" decoding=\"async\" width=\"375\" height=\"211\" data-id=\"3879\" src=\"https:\/\/xn--tuvozdiasporaespaola-k7b.com\/wp-content\/uploads\/2023\/09\/1000152298.jpg\" alt=\"\" class=\"wp-image-3879\"\/><\/figure>\n<\/figure>\n\n\n\n<p><strong>\u00bfPodr\u00edas darnos tu opini\u00f3n acerca del candidato de La Libertad Avanza, Javier Milei?<\/strong><\/p>\n\n\n\n<p>Un cipayo, una persona que trabaja para intereses for\u00e1neos, para sectores que nosotros denominamos buitres. Est\u00e1 claro que en este momento ni siquiera el gobierno de Estados unidos apoya el proyecto de Milei y creo que tanto \u00e9l como Villarruel son muy peligrosos para la democracia; son personajes nefastos, incre\u00edblemente populares hoy en d\u00eda.&nbsp;<\/p>\n","protected":false},"excerpt":{"rendered":"<p>Transcripci\u00f3n efectuada por Walter C. Medina ENTREVISTA A LEANDRO CARVALHO Licenciado en Cine Documental en la Universidad Popular de Madres de Plaza de Mayo, &#8230; <\/p>\n<p class=\"read-more-container\"><a title=\"EL LAWFARE EST\u00c1 M\u00c1S VIGENTE QUE NUNCA\" class=\"read-more button\" href=\"https:\/\/xn--tuvozdiasporaespaola-k7b.com\/page\/2\/el-lawfare-esta-mas-vigente-que-nunca\/#more-3870\" aria-label=\"M\u00e1s en EL LAWFARE EST\u00c1 M\u00c1S VIGENTE QUE NUNCA\">Leer m\u00e1s<\/a><\/p>\n","protected":false},"author":222560522,"featured_media":3881,"comment_status":"open","ping_status":"open","sticky":false,"template":"","format":"standard","meta":{"footnotes":""},"categories":[121868],"tags":[],"class_list":["post-3870","post","type-post","status-publish","format-standard","has-post-thumbnail","hentry","category-latinoamerica","resize-featured-image"],"_links":{"self":[{"href":"https:\/\/xn--tuvozdiasporaespaola-k7b.com\/page\/2\/wp-json\/wp\/v2\/posts\/3870","targetHints":{"allow":["GET"]}}],"collection":[{"href":"https:\/\/xn--tuvozdiasporaespaola-k7b.com\/page\/2\/wp-json\/wp\/v2\/posts"}],"about":[{"href":"https:\/\/xn--tuvozdiasporaespaola-k7b.com\/page\/2\/wp-json\/wp\/v2\/types\/post"}],"author":[{"embeddable":true,"href":"https:\/\/xn--tuvozdiasporaespaola-k7b.com\/page\/2\/wp-json\/wp\/v2\/users\/222560522"}],"replies":[{"embeddable":true,"href":"https:\/\/xn--tuvozdiasporaespaola-k7b.com\/page\/2\/wp-json\/wp\/v2\/comments?post=3870"}],"version-history":[{"count":3,"href":"https:\/\/xn--tuvozdiasporaespaola-k7b.com\/page\/2\/wp-json\/wp\/v2\/posts\/3870\/revisions"}],"predecessor-version":[{"id":3907,"href":"https:\/\/xn--tuvozdiasporaespaola-k7b.com\/page\/2\/wp-json\/wp\/v2\/posts\/3870\/revisions\/3907"}],"wp:featuredmedia":[{"embeddable":true,"href":"https:\/\/xn--tuvozdiasporaespaola-k7b.com\/page\/2\/wp-json\/wp\/v2\/media\/3881"}],"wp:attachment":[{"href":"https:\/\/xn--tuvozdiasporaespaola-k7b.com\/page\/2\/wp-json\/wp\/v2\/media?parent=3870"}],"wp:term":[{"taxonomy":"category","embeddable":true,"href":"https:\/\/xn--tuvozdiasporaespaola-k7b.com\/page\/2\/wp-json\/wp\/v2\/categories?post=3870"},{"taxonomy":"post_tag","embeddable":true,"href":"https:\/\/xn--tuvozdiasporaespaola-k7b.com\/page\/2\/wp-json\/wp\/v2\/tags?post=3870"}],"curies":[{"name":"wp","href":"https:\/\/api.w.org\/{rel}","templated":true}]}}