{"id":3840,"date":"2023-09-19T17:30:26","date_gmt":"2023-09-19T20:30:26","guid":{"rendered":"https:\/\/xn--tuvozdiasporaespaola-k7b.com\/page\/2\/?p=3840"},"modified":"2023-09-20T05:12:30","modified_gmt":"2023-09-20T08:12:30","slug":"reflexiones-sobre-documento-politico-de-debate-de-la-direccion-de-podemos","status":"publish","type":"post","link":"https:\/\/xn--tuvozdiasporaespaola-k7b.com\/page\/2\/reflexiones-sobre-documento-politico-de-debate-de-la-direccion-de-podemos\/","title":{"rendered":"REFLEXIONES SOBRE \u2018DOCUMENTO POLITICO DE DEBATE\u2019 DE LA DIRECCION DE PODEMOS"},"content":{"rendered":"\n<p><\/p>\n\n\n\n<p>Miguel Angel Ferris, militante de Podemos Paris.<\/p>\n\n\n\n<p>Sin tiempo para analizar con detalle todo lo referido en el Documento, pero tampoco para realizar aportaciones de calado, ni detectar los numerosos silencios en torno a temas que se evitan a prop\u00f3sito, paso a comentar algunas reflexiones siguiendo y citando los textos sometidos a \u201cconversaci\u00f3n\u201d con la militancia. <\/p>\n\n\n\n<p>Desde la cr\u00edtica constructiva, la experiencia y responsabilidades acumuladas y la voluntad de ayudar a reconstruir Podemos con lo mejor de su trayectoria, la mayor actitud cr\u00edtica y positiva y la esperanza en volver a liderar el frente de las izquierdas plurales y democr\u00e1ticas en el Estado Espa\u00f1ol.<\/p>\n\n\n\n<p>1.-Cuando se refiere <strong>al \u201cEquipo de mujeres j\u00f3venes que asumi\u00f3 la direcci\u00f3n\u201d se olvida que tienen todas casi un mismo perfil y por ello no representan la diversidad que compone Podemos ni de g\u00e9nero, ni de extracto social, ni de nivel de estudios, etc<\/strong>.<\/p>\n\n\n\n<p>2- Se elude en todo momento, <strong>al marcar ya una \u201cHoja de Ruta\u201d para seguir adelante, la necesaria rendici\u00f3n de cuentas de la direcci\u00f3n en cuanto a su gesti\u00f3n, imprescindible para tener la credibilidad<\/strong> suficiente de liderar un proceso de transformaci\u00f3n o regeneraci\u00f3n de Podemos de cara a la nueva etapa pol\u00edtica y papel de Podemos.<\/p>\n\n\n\n<p>3.- <strong>Se requiere a la militancia para llevar a cabo, en lugar de procesos decisorios claros con fechas y \u00e1mbitos comprometidos a la militancia, \u201cesa conversaci\u00f3n\u201d a la que quieren someter en tan s\u00f3lo tres d\u00edas <\/strong>(que acabaron cuando se acababa pr\u00e1cticamente de difundir) el documento.<\/p>\n\n\n\n<figure class=\"wp-block-gallery has-nested-images columns-default is-cropped wp-block-gallery-1 is-layout-flex wp-block-gallery-is-layout-flex\">\n<figure class=\"wp-block-image size-large\"><img fetchpriority=\"high\" decoding=\"async\" width=\"1300\" height=\"731\" data-id=\"3841\" src=\"https:\/\/xn--tuvozdiasporaespaola-k7b.com\/wp-content\/uploads\/2023\/09\/1000151430.jpg\" alt=\"\" class=\"wp-image-3841\"\/><\/figure>\n<\/figure>\n\n\n\n<p>4.- Se presume continuamente de <strong>\u201cla gran contribuci\u00f3n de Podemos a la constituci\u00f3n de un bloque democr\u00e1tico y plurinacional en Espa\u00f1a\u201d, <\/strong>pero se sigue practicando el m\u00e1s duro centralismo jer\u00e1rquico desde la direcci\u00f3n, sin respetar las din\u00e1micas de democracia interna ni el esp\u00edritu del 15M con el que naci\u00f3. Se ha convertido en un partido cl\u00e1sico sin comisiones de garant\u00edas que funcionen ni resoluci\u00f3n dialogada de conflictos internos. <strong>Los territorios se ven ninguneados continuamente. Eso s\u00ed, queremos una Espa\u00f1a \u201cplurinacional\u201d<\/strong>.<\/p>\n\n\n\n<p>5.- Da la impresi\u00f3n de que, cuando ya no es una dirigente de Podemos quien representa al grupo parlamentario de las izquierdas y lo es otra dirigente como Yolanda Diaz, no se acepta en absoluto y se insiste hasta la saciedad con el latiguillo de que \u201c<strong>Hoy no hay mayor\u00eda de izquierdas en el Congreso de los Diputados\u201d<\/strong>, minusvalor\u00e1ndose de forma peligrosa el papel de la nueva Coalici\u00f3n de izquierdas en la cohesi\u00f3n de la nueva mayor\u00eda pol\u00edtica de gobierno. <\/p>\n\n\n\n<figure class=\"wp-block-gallery has-nested-images columns-default is-cropped wp-block-gallery-2 is-layout-flex wp-block-gallery-is-layout-flex\">\n<figure class=\"wp-block-image size-large\"><img decoding=\"async\" width=\"640\" height=\"480\" data-id=\"3842\" src=\"https:\/\/xn--tuvozdiasporaespaola-k7b.com\/wp-content\/uploads\/2023\/09\/1000151428.jpg\" alt=\"\" class=\"wp-image-3842\"\/><\/figure>\n<\/figure>\n\n\n\n<p>Se oculta de paso que,<strong> la suma de la Coalici\u00f3n con los votos de otras tres formaciones de izquierdas (ERC, Bildu y BNG), si representan junto al PSOE esa mayor\u00eda progresista que se est\u00e1 negando<\/strong>.<\/p>\n\n\n\n<p>6.- Porqu\u00e9, si se afirma que \u201c<strong>fue la resistencia de los inscritos, las inscritas, la militancia y la direcci\u00f3n de Podemos y su defensa de un Gobierno de cambio, frente a enormes presiones externas y tambi\u00e9n internas, lo que cambi\u00f3 para siempre la historia de Espa\u00f1a\u2026\u201d<\/strong>, ahora y desde hace ya demasiado tiempo se ningunea a esas bases permanentemente, a sus Circulos y organizaciones territoriales, ofreci\u00e9ndoseles nada m\u00e1s que eventos auto-reafirmativos para la \u2018claque\u2019 y procesos de primarias y consultas pre-cocinados que refuercen las tesis previas de la direcci\u00f3n.<\/p>\n\n\n\n<figure class=\"wp-block-gallery has-nested-images columns-default is-cropped wp-block-gallery-3 is-layout-flex wp-block-gallery-is-layout-flex\">\n<figure class=\"wp-block-image size-large\"><img decoding=\"async\" width=\"900\" height=\"600\" data-id=\"3843\" src=\"https:\/\/xn--tuvozdiasporaespaola-k7b.com\/wp-content\/uploads\/2023\/09\/1000151432.jpg\" alt=\"\" class=\"wp-image-3843\"\/><\/figure>\n<\/figure>\n\n\n\n<p>7.- Se sigue planteando <strong>la supeditaci\u00f3n de todo el movimiento transformador a los vaivenes y din\u00e1micas propias del movimiento feminista al que se considera que es \u201cel \u00fanico movimiento capaz de llevar a cabo transformaciones sociales profundas que hacen tambalearse las estructuras tradicionales\u2026\u201d.<\/strong> Adem\u00e1s de ser una afirmaci\u00f3n controvertida supone una reiteraci\u00f3n en los mismos errores que han creado divisi\u00f3n y cr\u00edticas en distintos sectores movimentistas y de las izquierdas plurales. <strong>\u00bfAcaso no son las tesis soberanistas catalanas de izquierdas o el abertzalismo vasco movimientos que implican una transformaci\u00f3n profunda en la estructura y valores de sus respectivas sociedades? \u00bfHay alg\u00fan an\u00e1lisis sobre la ineficacia actual del movimiento sindical espa\u00f1ol cuando en pa\u00edses como Francia o Estados Unidos en estos momentos encabeza la mayor fuerza de oposici\u00f3n al establishment?<\/strong><\/p>\n\n\n\n<p>8.-Cuando se afirman cosas <strong>como \u201cqueremos formar parte de una organizaci\u00f3n pol\u00edtica que se parezca m\u00e1s a la sociedad que queremos construir\u2026\u201d <\/strong>parece ser que se olvida la imagen de esa direcci\u00f3n, designada tras el dedazo de P.I., <strong>escenificada el s\u00e1bado 16 bajo el eslogan: \u201cCon vosotras, Podemos<\/strong>\u201d. <\/p>\n\n\n\n<p>Podemos, en la pr\u00e1ctica, hace tiempo que ha dejado de representar en sus \u00f3rganos de direcci\u00f3n y en las declaraciones de sus portavoces a la mayor\u00eda de la poblaci\u00f3n a la que dice defender.<\/p>\n\n\n\n<p>9.- Se incurre en la vieja concepci\u00f3n del \u201c<strong>hegemonismo dentro de la izquierda\u201d, practicado largamente por el PCE en la Transici\u00f3n, por el cual se desprecia y menoscaba al resto de tradiciones y formaciones de la izquierda<\/strong>, autoafirm\u00e1ndose como la \u00fanica fuerza necesaria para la tit\u00e1nica labor de transformar el pa\u00eds. Cuando se afirma <strong>\u201ces indispensable que exista en Espa\u00f1a una fuerza pol\u00edtica como Podemos\u201d como soluci\u00f3n para cambiarlo todo, se ignora la pluralidad de las izquierdas estatales y auton\u00f3micas o soberanistas<\/strong>, muchas de las cuales comparten en gran medida los planteamientos de Podemos.<\/p>\n\n\n\n<figure class=\"wp-block-gallery has-nested-images columns-default is-cropped wp-block-gallery-4 is-layout-flex wp-block-gallery-is-layout-flex\">\n<figure class=\"wp-block-image size-large\"><img loading=\"lazy\" decoding=\"async\" width=\"1080\" height=\"1080\" data-id=\"3849\" src=\"https:\/\/xn--tuvozdiasporaespaola-k7b.com\/wp-content\/uploads\/2023\/09\/1000151433-1.jpg\" alt=\"\" class=\"wp-image-3849\"\/><\/figure>\n<\/figure>\n\n\n\n<p>10.- <strong>Cuando se nombra a la multitud de sectores de la poblaci\u00f3n con los que se quiere trabajar conjuntamente para cambiar el pa\u00eds de nuevo, una vez m\u00e1s se olvida inexcusablemente la existencia de 3.300.000 emigrantes espa\u00f1oles, en cuyos pa\u00edses adem\u00e1s Podemos Exterior es la \u00fanica formaci\u00f3n de izquierda con cierta presencia y actividad<\/strong>. <\/p>\n\n\n\n<p>Ya no es posible pensar en coincidencias y es manifiesto que <strong>determinados responsables de la direcci\u00f3n de Podemos ignoran deliberadamente en cualquier evento o manifiesto del partido a su realidad organizativa en el extranjero.<\/strong><\/p>\n\n\n\n<p>11.- Cuando se afirma rotundamente\u2026 <strong>\u201c las listas de la candidatura se conformen siempre mediante primarias abiertas sin restricciones y sin vetos\u201d parece que se olvida el reciente episodio de la negaci\u00f3n de legitimidad y recursos, al margen de las represalias, que han sufrido las compa\u00f1eras de Podemos Asturias cuya candidatura recogi\u00f3 el 62% de respaldos. <\/strong>De verg\u00fcenza.<\/p>\n\n\n\n<p>12.- En todo <strong>el documento de 28 p\u00e1ginas tan s\u00f3lo se nombra en una ocasi\u00f3n a \u201clos Circulos\u201d. En el apartado 2.3 y p\u00e1gina 28<\/strong>.<\/p>\n\n\n\n<p> Y eso que somos, seg\u00fan el mismo, <strong>\u201cla fuerza pol\u00edtica organizada m\u00e1s grande de Espa\u00f1a, la m\u00e1s democr\u00e1tica y la que tiene un mayor n\u00famero de militantes activos\u201d.! Es como si en el PCE, de pronto, se obviaran las \u201cc\u00e9lulas\u201d del partido!<\/strong><\/p>\n\n\n\n<figure class=\"wp-block-embed is-type-video is-provider-youtube wp-block-embed-youtube wp-embed-aspect-16-9 wp-has-aspect-ratio\"><div class=\"wp-block-embed__wrapper\">\n<iframe title=\"?MONEDERO sobre el FUTURO DE PODEMOS\" width=\"1110\" height=\"624\" src=\"https:\/\/www.youtube.com\/embed\/c8l4VgoOShg?feature=oembed\" frameborder=\"0\" allow=\"accelerometer; autoplay; clipboard-write; encrypted-media; gyroscope; picture-in-picture; web-share\" allowfullscreen><\/iframe>\n<\/div><\/figure>\n\n\n\n<p>13.- Finalmente no se aprovecha la fase de renovaci\u00f3n obligatoria de Podemos para tender de forma m\u00e1s clara y valiente un puente de trabajo y coordinaci\u00f3n con y desde los Movimientos Sociales, lo que ayudar\u00eda a reconectar al partido, <strong>muy tocado por campa\u00f1as de desprestigio y pol\u00e9micas varias, con los sectores m\u00e1s potencialmente revolucionarios (no s\u00f3lo el feminista) y asi de paso recuperar el papel impugnador que ten\u00eda Podemos como fuerza heredera del esp\u00edritu del  15M<\/strong>.<\/p>\n","protected":false},"excerpt":{"rendered":"<p>Miguel Angel Ferris, militante de Podemos Paris. Sin tiempo para analizar con detalle todo lo referido en el Documento, pero tampoco para realizar aportaciones &#8230; <\/p>\n<p class=\"read-more-container\"><a title=\"REFLEXIONES SOBRE \u2018DOCUMENTO POLITICO DE DEBATE\u2019 DE LA DIRECCION DE PODEMOS\" class=\"read-more button\" href=\"https:\/\/xn--tuvozdiasporaespaola-k7b.com\/page\/2\/reflexiones-sobre-documento-politico-de-debate-de-la-direccion-de-podemos\/#more-3840\" aria-label=\"M\u00e1s en REFLEXIONES SOBRE \u2018DOCUMENTO POLITICO DE DEBATE\u2019 DE LA DIRECCION DE PODEMOS\">Leer m\u00e1s<\/a><\/p>\n","protected":false},"author":222560522,"featured_media":3846,"comment_status":"open","ping_status":"open","sticky":false,"template":"","format":"standard","meta":{"footnotes":""},"categories":[121850],"tags":[],"class_list":["post-3840","post","type-post","status-publish","format-standard","has-post-thumbnail","hentry","category-politica","resize-featured-image"],"_links":{"self":[{"href":"https:\/\/xn--tuvozdiasporaespaola-k7b.com\/page\/2\/wp-json\/wp\/v2\/posts\/3840","targetHints":{"allow":["GET"]}}],"collection":[{"href":"https:\/\/xn--tuvozdiasporaespaola-k7b.com\/page\/2\/wp-json\/wp\/v2\/posts"}],"about":[{"href":"https:\/\/xn--tuvozdiasporaespaola-k7b.com\/page\/2\/wp-json\/wp\/v2\/types\/post"}],"author":[{"embeddable":true,"href":"https:\/\/xn--tuvozdiasporaespaola-k7b.com\/page\/2\/wp-json\/wp\/v2\/users\/222560522"}],"replies":[{"embeddable":true,"href":"https:\/\/xn--tuvozdiasporaespaola-k7b.com\/page\/2\/wp-json\/wp\/v2\/comments?post=3840"}],"version-history":[{"count":4,"href":"https:\/\/xn--tuvozdiasporaespaola-k7b.com\/page\/2\/wp-json\/wp\/v2\/posts\/3840\/revisions"}],"predecessor-version":[{"id":3863,"href":"https:\/\/xn--tuvozdiasporaespaola-k7b.com\/page\/2\/wp-json\/wp\/v2\/posts\/3840\/revisions\/3863"}],"wp:featuredmedia":[{"embeddable":true,"href":"https:\/\/xn--tuvozdiasporaespaola-k7b.com\/page\/2\/wp-json\/wp\/v2\/media\/3846"}],"wp:attachment":[{"href":"https:\/\/xn--tuvozdiasporaespaola-k7b.com\/page\/2\/wp-json\/wp\/v2\/media?parent=3840"}],"wp:term":[{"taxonomy":"category","embeddable":true,"href":"https:\/\/xn--tuvozdiasporaespaola-k7b.com\/page\/2\/wp-json\/wp\/v2\/categories?post=3840"},{"taxonomy":"post_tag","embeddable":true,"href":"https:\/\/xn--tuvozdiasporaespaola-k7b.com\/page\/2\/wp-json\/wp\/v2\/tags?post=3840"}],"curies":[{"name":"wp","href":"https:\/\/api.w.org\/{rel}","templated":true}]}}