{"id":3832,"date":"2023-09-20T21:04:05","date_gmt":"2023-09-21T00:04:05","guid":{"rendered":"https:\/\/xn--tuvozdiasporaespaola-k7b.com\/page\/2\/?p=3832"},"modified":"2023-09-20T21:13:50","modified_gmt":"2023-09-21T00:13:50","slug":"milei-es-un-lunatico","status":"publish","type":"post","link":"https:\/\/xn--tuvozdiasporaespaola-k7b.com\/page\/2\/milei-es-un-lunatico\/","title":{"rendered":"\u201cMILEI ES UN LUN\u00c1TICO\u201d"},"content":{"rendered":"\n<p>Por Walter C. Medina<\/p>\n\n\n\n<p>ENTREVISTA A FRANCISCO L\u00d3PEZ<\/p>\n\n\n\n<p> Francisco L\u00f3pez en \u201cEn Sol Mayor\u201d<\/p>\n\n\n\n<p>Entrevistado por Carlos Jos\u00e9 Codesos para el programa radiof\u00f3nico \u201cEn Sol Mayor\u201d, emitido desde hace veinte nueve a\u00f1os por AM 830 Radio del Pueblo, Francisco L\u00f3pez explic\u00f3 los motivos por los cuales es imperioso alertar respecto del oscuro panorama pol\u00edtico que se cierne sobre la Argentina en caso de que el libertario Javier Milei consiga los votos suficientes en las pr\u00f3ximas elecciones generales del 22 de octubre.<\/p>\n\n\n\n<figure class=\"wp-block-gallery has-nested-images columns-default is-cropped wp-block-gallery-1 is-layout-flex wp-block-gallery-is-layout-flex\">\n<figure class=\"wp-block-image size-large\"><img fetchpriority=\"high\" decoding=\"async\" width=\"1600\" height=\"1200\" data-id=\"3833\" src=\"https:\/\/xn--tuvozdiasporaespaola-k7b.com\/wp-content\/uploads\/2023\/09\/1000149809.jpg\" alt=\"\" class=\"wp-image-3833\"\/><\/figure>\n<\/figure>\n\n\n\n<p>\u201cDesde mi perspectiva de espa\u00f1ol en Argentina lo veo complicado porque se est\u00e1 viendo algo que no es verdaderamente pol\u00edtica. T\u00fa puedes defender unas ideas en funci\u00f3n de una coyuntura, de ideas participativas o populares.<\/p>\n\n\n\n<p>Pero lo que veo en Argentina es que esto no es pol\u00edtica; se est\u00e1 defendiendo un fascismo puro y duro, en el caso de Milei, con iniciativas inviables\u201d. Francisco L\u00f3pez, presentador de \u201cCenizas de Babilonia-Di\u00e1spora Espa\u00f1ola\u201d, y militante activo del progresismo, no dud\u00f3 en aseverar que Javier Milei representa un alto riesgo para las conquistas sociales y los derechos adquiridos en el pa\u00eds a lo largo de los a\u00f1os. \u201cLa sensaci\u00f3n  que me da es que es un lun\u00e1tico. <\/p>\n\n\n\n<p>En Espa\u00f1a, Milei est\u00e1 visto como un fascista. De hecho tiene una muy buena relaci\u00f3n con el partido VOX y con Santiago Abascal. Tanto \u00e9l como Victoria Villarruel se pasean mucho por las televisiones de corte neoliberal de tinte neaofascista, y tienen una muy buena relaci\u00f3n con la fundaci\u00f3n mexicana El Yunque, que est\u00e1 muy vinculada con asociaciones espa\u00f1olas Hazte O\u00edr o La Sociedad Civil, que sirven de financiaci\u00f3n para estas ideas. En Espa\u00f1a Milei est\u00e1 dentro de una internacional anti-comunista que se ha reunido aqu\u00ed con Javier Ortega Smith, miembro de VOX. <\/p>\n\n\n\n<p>Ese es su verdadero espacio. Dice defender a los humildes, que est\u00e1 del lado de los movimientos populares, pero es un fascista neoliberal encubierto. Pero lo m\u00e1s grave es que es un lun\u00e1tico. Que este hombre llegue al poder es asegurarse el cierre de puertas de todos los pa\u00edses; no solamente de los pa\u00edses progresistas de Latinoam\u00e9rica, sino del resto de los pa\u00edses de Europa, inclusive de los Estados Unidos, que lo miran con recelo y con miedo\u201d<\/p>\n\n\n\n<figure class=\"wp-block-gallery has-nested-images columns-default is-cropped wp-block-gallery-2 is-layout-flex wp-block-gallery-is-layout-flex\">\n<figure class=\"wp-block-image size-large\"><img decoding=\"async\" data-id=\"3865\" src=\"https:\/\/xn--tuvozdiasporaespaola-k7b.com\/wp-content\/uploads\/2023\/09\/1000151872.jpg\" alt=\"\" class=\"wp-image-3865\" style=\"width:0\" width=\"0\"\/><\/figure>\n<\/figure>\n\n\n\n<p><strong>El C\u00edrculo Rojo, aqu\u00ed en Argentina, ya debe estar preocupado porque, si bien crearon a este Frankenstein, ahora se deben preguntar c\u00f3mo librarse de \u00e9l.<\/strong><\/p>\n\n\n\n<p>\u201cClaro, pero es porque se ha ido engordando. Parte de la culpa la hemos tenido la propia sociedad argentina, porque cuando los pol\u00edticos no han estado a la altura de las circunstancias y dar respuestas a las necesidades del pueblo, pues surgen estos salva patrias, estos lun\u00e1ticos que vienen en plan incendiario y la gente prueba vot\u00e1ndolos a ver qu\u00e9 pasa. <\/p>\n\n\n\n<p>No son conscientes de lo que este hombre propone es la destrucci\u00f3n del sistema productivo del pa\u00eds. Esto es un s\u00e1lvese quien pueda. Es la implantaci\u00f3n de un neoliberalismo salvaje, pensando siempre en el que m\u00e1s tiene, a quien tampoco le interesa, porque el que m\u00e1s tiene se alimenta de un Estado que no est\u00e9 presente, porque cuanto peor est\u00e9n las cosas, ese porcentaje de poblaci\u00f3n que maneja la econom\u00eda, m\u00e1s ricos se hacen\u201d.    <\/p>\n\n\n\n<p><strong> Es como si la historia volviese a repetirse, pero con mayor agresi\u00f3n.<\/strong><\/p>\n\n\n\n<p>\u201cJuntos Por El Cambio es la derecha argentina, pero es previsible; o sea, es un fuego controlado. El gobierno que hemos tenido estos a\u00f1os es un gobierno controlado por las elites. No manda Alberto sino los grandes financistas, los que mueven la econom\u00eda, que son los que te hacen caer o subir un gobierno. Para contrarrestar esto hay que tener un gobierno firme, responsable y que haga lo que tenga que hacer sin traicionar al pueblo. En muchos pa\u00edses de Latinoam\u00e9rica, Milei se ve con buenos ojos. Es un producto medi\u00e1tico, como lo han intentado en Paraguay con el candidato que fue derrotado, lo intentaron en Colombia; o sea, lo hemos tenido en otros pa\u00edses. Son lun\u00e1ticos salva-patrias que llegan. El problema est\u00e1 cuando el pueblo se confunde\u201d. <\/p>\n\n\n\n<p>La analog\u00eda de lo que sucedi\u00f3 durante las \u00faltimas elecciones en Espa\u00f1a estuvo tambi\u00e9n presente en el desarrollo de ideas de Francisco L\u00f3pez. Seg\u00fan record\u00f3, \u201cAll\u00ed las encuestas daban por seguro que ganaba la derecha por goleada, que el Sanchismo estaba derrotado. Parec\u00eda algo que ya estaba consumado. Pero a partir de ese momento se moviliz\u00f3 much\u00edsima gente; se moviliz\u00f3 el ex presidente Jos\u00e9 Luis Rodr\u00edguez Zapatero, Pablo Iglesias, la sociedad civil se moviliz\u00f3 en general porque ven\u00edan a por los derechos de la ciudadan\u00eda.<\/p>\n\n\n\n<p>Ten\u00edamos algo claro: Despu\u00e9s de una dictadura de cuarenta a\u00f1os y de conseguir una serie de derechos, no pod\u00edamos renunciar a esos derechos. <\/p>\n\n\n\n<p>Pero cambia mucho la situaci\u00f3n porque en Espa\u00f1a no hay una necesidad como la hay aqu\u00ed, que hay gente que pasa hambre, gente al l\u00edmite de la pobreza, gente que no llega a fin de mes, etc; entonces cuando a toda esta gente le hablas de derechos y no les entra. <\/p>\n\n\n\n<p>No podemos hacer lo mismo que hemos hecho en Espa\u00f1a, eso de decir que viene el lobo, que viene por nuestros derechos. Aqu\u00ed le dices a la gente que Milei viene por los derechos y no les importa porque lo que quiere es comer y si le prometen que le van a dar d\u00f3lares, que si gana 50 mil pesos va a ganar 50 mil d\u00f3lares\u2026. Lo que se tiene que saber es que no es que vienen solo por nuestros derechos, es que los pocos derechos que tenemos nos los van a quitar.<\/p>\n\n\n\n<p>A esa gente es a la que hay que convencer. A los que dicen \u201cQue se vayan todos\u201d, hay que decirle que el primero que se va ir eres t\u00fa. Pas\u00f3 en Ecuador con la dolarizaci\u00f3n, que ahora el pa\u00eds se ha convertido en el mayor exportador de droga a nivel internacional\u201d.<\/p>\n\n\n\n<p><strong>La gente cree que si gana 100 mil pesos va a ganar 100 d\u00f3lares    <\/strong><\/p>\n\n\n\n<p>\u201cEso es imposible, es inviable. En Ecuador llev\u00f3 dos a\u00f1os y en esos dos a\u00f1os fue cuando m\u00e1s gente emigr\u00f3 a Espa\u00f1a a trabajar, porque la gente no pod\u00eda vivir en Ecuador, se mor\u00eda de hambre. Argentina es un pa\u00eds super-rico. Y en el momento en que despegue hay que hacer una reforma agraria integral, hay que tratar de que no sea un pa\u00eds meramente exportador de soja, sino que tambi\u00e9n pueda exportar productos consumados de soja. No vale que se exporte el trigo, hay que exportar galletitas que se hacen aqu\u00ed; eso va a generar much\u00edsimos puestos de trabajo\u201d. <\/p>\n\n\n\n<figure class=\"wp-block-gallery has-nested-images columns-default is-cropped wp-block-gallery-3 is-layout-flex wp-block-gallery-is-layout-flex\">\n<figure class=\"wp-block-image size-large\"><img decoding=\"async\" width=\"720\" height=\"540\" data-id=\"3864\" src=\"https:\/\/xn--tuvozdiasporaespaola-k7b.com\/wp-content\/uploads\/2023\/09\/1000151869.jpg\" alt=\"\" class=\"wp-image-3864\"\/><\/figure>\n<\/figure>\n\n\n\n<p><strong>\u00bfCu\u00e1l ser\u00eda el mensaje para el trabajador de distintas plataformas  que pedalea doce o catorce horas y que sabe que no tiene derechos y que por eso mismo va a votar a Milei?<\/strong><\/p>\n\n\n\n<p>\u00abPues muy sencillo. Cuando hay una econom\u00eda en movimiento, indudablemente todos est\u00e1n ganando plata. Si t\u00fa est\u00e1s trabajando catorce horas y tienes dos mil avisos, pues t\u00fa est\u00e1s ganando plata para dos mil avisos. Tienen que poner en una balanza derechos y conquistas avaladas por el Estado, Sanidad  Educaci\u00f3n,  Carreteras, Jubilaci\u00f3n, Servicios,  derechos laborales   etc y en otro lado recortes , retroceso,  negacionismo , paro,Fascismo &#8230; la decisi\u00f3n la dar\u00e1 el peso de la raz\u00f3n <\/p>\n\n\n\n<p>Ahora si el pa\u00eds se derrumba y no hay consumo, tu no vas a tener dos mil avisos, vas a tener quinientos avisos, por lo cual tu renta per c\u00e1pita se va a poner en un 20 por ciento. Si aparte de esto te la dolarizan, todo ese dinero que est\u00e1s cobrando se va a licuar. Con un gobierno neoliberal, de las caracter\u00edsticas de Milei, que es imprevisible y al que pr\u00e1cticamente toda Europa le va a cerrar las puertas\u2026. Milei es lo antag\u00f3nico a un pa\u00eds democr\u00e1tico, porque es imprevisible; o sea, no lo pueden controlar. Nadie va a querer hacer algo con un imprevisible.<\/p>\n\n\n\n<p>Tenemos un gran problema si este hombre llega al poder, porque va a licuar a Argentina a nivel de posibilidades de crecimiento. Argentina tiene una perspectiva de crecimiento a lo largo de los pr\u00f3ximos a\u00f1os, con el tema del gas, con el petr\u00f3leo, con hacer una serie de reformas estructurales important\u00edsima, y con este hombre pr\u00e1cticamente se va a licuar. La clase trabajadora tiene que mirar por su futuro. <\/p>\n\n\n\n<p>Hay que valorar los derechos. En Espa\u00f1a, a la derecha no le ha servido el poder medi\u00e1tico, no le han servido los jueces, porque el pueblo se ha dado cuenta de que estaba viviendo bien y no quiso arriesgarse a jugar a la ruleta rusa. Aqu\u00ed decimos que la cosa est\u00e1 mal, pero hay que recordar cuando entr\u00f3 Macri c\u00f3mo se desmoron\u00f3 el empleo, y sin pandemia ni sequ\u00eda\u201d.                   <\/p>\n","protected":false},"excerpt":{"rendered":"<p>Por Walter C. Medina ENTREVISTA A FRANCISCO L\u00d3PEZ Francisco L\u00f3pez en \u201cEn Sol Mayor\u201d Entrevistado por Carlos Jos\u00e9 Codesos para el programa radiof\u00f3nico \u201cEn &#8230; <\/p>\n<p class=\"read-more-container\"><a title=\"\u201cMILEI ES UN LUN\u00c1TICO\u201d\" class=\"read-more button\" href=\"https:\/\/xn--tuvozdiasporaespaola-k7b.com\/page\/2\/milei-es-un-lunatico\/#more-3832\" aria-label=\"M\u00e1s en \u201cMILEI ES UN LUN\u00c1TICO\u201d\">Leer m\u00e1s<\/a><\/p>\n","protected":false},"author":222560522,"featured_media":3866,"comment_status":"open","ping_status":"open","sticky":false,"template":"","format":"standard","meta":{"footnotes":""},"categories":[121850],"tags":[],"class_list":["post-3832","post","type-post","status-publish","format-standard","has-post-thumbnail","hentry","category-politica","resize-featured-image"],"_links":{"self":[{"href":"https:\/\/xn--tuvozdiasporaespaola-k7b.com\/page\/2\/wp-json\/wp\/v2\/posts\/3832","targetHints":{"allow":["GET"]}}],"collection":[{"href":"https:\/\/xn--tuvozdiasporaespaola-k7b.com\/page\/2\/wp-json\/wp\/v2\/posts"}],"about":[{"href":"https:\/\/xn--tuvozdiasporaespaola-k7b.com\/page\/2\/wp-json\/wp\/v2\/types\/post"}],"author":[{"embeddable":true,"href":"https:\/\/xn--tuvozdiasporaespaola-k7b.com\/page\/2\/wp-json\/wp\/v2\/users\/222560522"}],"replies":[{"embeddable":true,"href":"https:\/\/xn--tuvozdiasporaespaola-k7b.com\/page\/2\/wp-json\/wp\/v2\/comments?post=3832"}],"version-history":[{"count":3,"href":"https:\/\/xn--tuvozdiasporaespaola-k7b.com\/page\/2\/wp-json\/wp\/v2\/posts\/3832\/revisions"}],"predecessor-version":[{"id":3869,"href":"https:\/\/xn--tuvozdiasporaespaola-k7b.com\/page\/2\/wp-json\/wp\/v2\/posts\/3832\/revisions\/3869"}],"wp:featuredmedia":[{"embeddable":true,"href":"https:\/\/xn--tuvozdiasporaespaola-k7b.com\/page\/2\/wp-json\/wp\/v2\/media\/3866"}],"wp:attachment":[{"href":"https:\/\/xn--tuvozdiasporaespaola-k7b.com\/page\/2\/wp-json\/wp\/v2\/media?parent=3832"}],"wp:term":[{"taxonomy":"category","embeddable":true,"href":"https:\/\/xn--tuvozdiasporaespaola-k7b.com\/page\/2\/wp-json\/wp\/v2\/categories?post=3832"},{"taxonomy":"post_tag","embeddable":true,"href":"https:\/\/xn--tuvozdiasporaespaola-k7b.com\/page\/2\/wp-json\/wp\/v2\/tags?post=3832"}],"curies":[{"name":"wp","href":"https:\/\/api.w.org\/{rel}","templated":true}]}}