{"id":3822,"date":"2023-09-16T13:25:43","date_gmt":"2023-09-16T16:25:43","guid":{"rendered":"https:\/\/xn--tuvozdiasporaespaola-k7b.com\/page\/2\/?p=3822"},"modified":"2023-09-16T22:15:53","modified_gmt":"2023-09-17T01:15:53","slug":"propuestas-que-tengan-eco-en-nuestro-cre","status":"publish","type":"post","link":"https:\/\/xn--tuvozdiasporaespaola-k7b.com\/page\/2\/propuestas-que-tengan-eco-en-nuestro-cre\/","title":{"rendered":"\u201cPROPUESTAS QUE TENGAN ECO EN NUESTRO CREE\u201d"},"content":{"rendered":"\n<p>Transcripci\u00f3n efectuada por Walter C. Medina<\/p>\n\n\n\n<p><strong>ENTREVISTA A DIEGO SAMIGUEL,  integrante del Consejo de Residentes Espa\u00f1oles en el Extranjero del Consulado General de Buenos Aires, por el Frente Progresista Las Trece Rosas.<\/strong><\/p>\n\n\n\n<p>En el espacio \u201cTiempo del CREE\u201d, bloque del programa radiof\u00f3nico \u201cCenizas de Babilonia-Di\u00e1spora Espa\u00f1ola\u201d de Radio del Pueblo AM830 , Diego Samiguel se refiri\u00f3 a los planteamientos de la pasada reuni\u00f3n del Consejo, celebrado hace dos semanas atr\u00e1s en la capital Argentina.<\/p>\n\n\n\n<p>Entrevistado por Francisco L\u00f3pez, Samiguel sostuvo que en la reuni\u00f3n <em><strong>\u201cse trataron tres temas; particularmente uno que tiene que ver con una cuesti\u00f3n coyuntural, que es el tema de la vinculaci\u00f3n de tr\u00e1mites que genera el consulado de Buenos Aires con el resto de demarcaciones consulares, particularmente con los de C\u00f3rdoba y Bah\u00eda Blanca, para que haya m\u00e1s celeridad en el v\u00ednculo entre uno y otro. <\/strong><\/em><\/p>\n\n\n\n<p><em><strong>Luego hubo dos temas m\u00e1s estructurales, uno tiene que ver con este v\u00ednculo que venimos demandando desde nuestro espacio con el Consejo General de la Ciudadan\u00eda, dado que se viene el Pleno en Asturias en noviembre, para que las propuestas que est\u00e1 elaborando el Consejo General tengan eco en nuestro CREE, y viceversa. <\/strong><\/em><\/p>\n\n\n\n<p><em><strong>Y e tercer punto tratado fue el tema de que en el caso de que no haya investidura (ojal\u00e1 que as\u00ed lo sea en favor de un gobierno progresista), que se tomen todos los recaudos necesarios para garantizar m\u00e1s lugares de votaci\u00f3n y que se trabaje de mejor manera con el Correo Argentino, particularmente en nuestro pa\u00eds<\/strong><\/em>\u00ab. <\/p>\n\n\n\n<figure class=\"wp-block-gallery has-nested-images columns-default is-cropped wp-block-gallery-1 is-layout-flex wp-block-gallery-is-layout-flex\">\n<figure class=\"wp-block-image size-large\"><img fetchpriority=\"high\" decoding=\"async\" width=\"4000\" height=\"3000\" data-id=\"3827\" src=\"https:\/\/xn--tuvozdiasporaespaola-k7b.com\/wp-content\/uploads\/2023\/09\/1000150161.jpg\" alt=\"\" class=\"wp-image-3827\"\/><\/figure>\n<\/figure>\n\n\n\n<p><strong>\u00bfC\u00f3mo se elevan esas propuestas para que se puedan garantizar?<\/strong><\/p>\n\n\n\n<p>Las propuestas llegan de una manera indirecta, en el nombre de alguno de nuestros consejeros. Los nuestros me refiero particularmente al de Buenos Aires, que est\u00e1n en  diferentes comisiones pero como miembros suplentes. Por eso la insistencia y el pedido de nuestra parte para que las propuestas se eleven como entidad general. Que el CREE de Buenos Aires, como instituci\u00f3n, genere sus inquietudes, sus propuestas, sus mociones al Consejo General de la Ciudadan\u00eda. Que no se haga por diferentes comisiones porque cada una de esas comisiones no tenemos titularidad, por m\u00e1s que alguno de los temas que se llevan adelante si sean particulares de alguna comisi\u00f3n; por ejemplo lo que ata\u00f1e a educaci\u00f3n, la celeridad en la homologaci\u00f3n de t\u00edtulos, etc; Cosas recurrentes que en vez de plantearlas por la suplencia de la Consejer\u00eda, plantearlas como Consejo de Residentes Espa\u00f1oles en el Extranjero de Buenos Aires, institucionalmente. <\/p>\n\n\n\n<p>Eso se puede hacer y as\u00ed es como lo hemos hecho con el pedido de informe que hicimos meses atr\u00e1s respecto a los temas que se estaban trabajando; estas cuarenta propuestas que se van a llevar al pleno de Asturias.<\/p>\n\n\n\n<p>Plantear todas las inquietudes que nosotros tengamos, consensuarlas y que salgan institucionalmente, no por parte sino en general. Que sea del CREE de Buenos Aires hacia el Consejo General de la Ciudadan\u00eda, no que sea de una comisi\u00f3n que integra como suplente alg\u00fan consejero nuestro, para que tenga fuerza institucional y llegada.<\/p>\n\n\n\n<p>En este mismo sentido, Samiguel sostuvo que \u201c<strong>a partir de ahora hay que empezar a trabajar dentro de lo que se pueda, y creo que ah\u00ed est\u00e1 nuestra cintura democr\u00e1tica y nuestra responsabilidad con nuestros representados en la demarcaci\u00f3n de Buenos Aires\u00bb.<\/strong> <\/p>\n\n\n\n<p>No es que nos avocamos pero por ah\u00ed caemos en una l\u00f3gica de la cuesti\u00f3n coyuntural, de lo diario; que no digo que no sea necesario y hay que tratarlo, asuntos que tienen que ver con tr\u00e1mites y cuestiones de corto plazo, y tambi\u00e9n tener en cuenta, en cada una de las sesiones que tenemos, lo relacionado al \u00e1rea de migraciones, que salgamos un poco de lo bonaerense e ir cuestiones que, de alguna u otra manera, afectan nuestro funcionamiento.<\/p>\n\n\n\n<p><strong>Se ha contratado en el Consulado de Buenos Aires para la Ley de Memoria Democr\u00e1tica a distintos empleados, pero en los viceconsulados \u00bfse est\u00e1n haciendo m\u00e1s tr\u00e1mites o se ha ampliado el personal en la provincia ? <\/strong><\/p>\n\n\n\n<p>No, y eso lo dej\u00f3 claro, cuando tuvimos la comparecencia con las autoridades consulares, que la tuvimos hace dos sesiones atr\u00e1s en el Consulado de Buenos Aires y que se hace cada tres meses. <\/p>\n\n\n\n<p>Se inform\u00f3 sobre la cantidad de miembros que iban a entrar, el rol que iban a ocupar, la apertura de ventanillas, <strong>pero no se dijo que ninguna de esas personas iba a ocupar un rol en el interior del territorio bonaerense<\/strong>.<\/p>\n\n\n\n<p>\u00abS\u00ed que estaba la posibilidad de dar alguna ayuda pero no como algo f\u00e1ctico sino como una posibilidad. Ser\u00eda todo personal para el consulado de Buenos Aires, de C\u00f3rdoba y de alg\u00fan otro consulado del territorio argentino, <strong>pero no que vayan al consulado honor\u00edfico de Lincoln, de Mar del Plata, de La Plata, de Trenque Lauquen. <\/strong><\/p>\n\n\n\n<p>Antes de fin de a\u00f1o tendremos la otra comparecencia. En la que tuvimos con anterioridad no hab\u00edan ingresado todav\u00eda estas personas, la pr\u00f3xima seguramente ya las vamos a tener en funciones efectivas y ah\u00ed podremos demandar que salgan por todo el territorio bonaerense, que hay much\u00edsima necesidad. <\/p>\n\n\n\n<figure class=\"wp-block-gallery has-nested-images columns-default is-cropped wp-block-gallery-2 is-layout-flex wp-block-gallery-is-layout-flex\">\n<figure class=\"wp-block-image size-large\"><img decoding=\"async\" width=\"1080\" height=\"1200\" data-id=\"3826\" src=\"https:\/\/xn--tuvozdiasporaespaola-k7b.com\/wp-content\/uploads\/2023\/09\/1000150154-1.jpg\" alt=\"\" class=\"wp-image-3826\"\/><\/figure>\n<\/figure>\n\n\n\n<p><strong>Hay dos viceconsulados, en de Z\u00e1rate y el de San Nicol\u00e1s, que est\u00e1n cerrados y sin representaci\u00f3n vice consular. \u00bfEso es as\u00ed? \u00bfQu\u00e9 nos puedes decir al respecto?<\/strong><\/p>\n\n\n\n<p>\u00abNos llegan demandas de que muchas personas en algunos consulados terminan yendo al del distrito vecino porque el funcionamiento que tienen es muy ag\u00f3nico o no existe como en los viceconsulados que estan sin representaci\u00f3n.<\/p>\n\n\n\n<p><strong>Los viceconsules tienen el t\u00e9rmino honor\u00edfico pero en el mal sentido, el de una figura decorativa.  En la mayoria no tienen horarios de atenci\u00f3n, no co-gestionan tr\u00e1mites, no cogestionan citas. B\u00e1sicamente son una cuesti\u00f3n decorativa<\/strong>\u00ab.<\/p>\n\n\n\n<p>La idea ser\u00eda potenciar responsabilidades y atenciones como se est\u00e1 proyectando en el Viceconsulado de San Miguel de Tucum\u00e1n como ejemplo de eficacia y servicio a la di\u00e1spora espa\u00f1ola.                                            <\/p>\n","protected":false},"excerpt":{"rendered":"<p>Transcripci\u00f3n efectuada por Walter C. Medina ENTREVISTA A DIEGO SAMIGUEL, integrante del Consejo de Residentes Espa\u00f1oles en el Extranjero del Consulado General de Buenos &#8230; <\/p>\n<p class=\"read-more-container\"><a title=\"\u201cPROPUESTAS QUE TENGAN ECO EN NUESTRO CREE\u201d\" class=\"read-more button\" href=\"https:\/\/xn--tuvozdiasporaespaola-k7b.com\/page\/2\/propuestas-que-tengan-eco-en-nuestro-cre\/#more-3822\" aria-label=\"M\u00e1s en \u201cPROPUESTAS QUE TENGAN ECO EN NUESTRO CREE\u201d\">Leer m\u00e1s<\/a><\/p>\n","protected":false},"author":222560522,"featured_media":3828,"comment_status":"open","ping_status":"open","sticky":false,"template":"","format":"standard","meta":{"footnotes":""},"categories":[121854],"tags":[],"class_list":["post-3822","post","type-post","status-publish","format-standard","has-post-thumbnail","hentry","category-consejo-de-residentes-espanoles","resize-featured-image"],"_links":{"self":[{"href":"https:\/\/xn--tuvozdiasporaespaola-k7b.com\/page\/2\/wp-json\/wp\/v2\/posts\/3822","targetHints":{"allow":["GET"]}}],"collection":[{"href":"https:\/\/xn--tuvozdiasporaespaola-k7b.com\/page\/2\/wp-json\/wp\/v2\/posts"}],"about":[{"href":"https:\/\/xn--tuvozdiasporaespaola-k7b.com\/page\/2\/wp-json\/wp\/v2\/types\/post"}],"author":[{"embeddable":true,"href":"https:\/\/xn--tuvozdiasporaespaola-k7b.com\/page\/2\/wp-json\/wp\/v2\/users\/222560522"}],"replies":[{"embeddable":true,"href":"https:\/\/xn--tuvozdiasporaespaola-k7b.com\/page\/2\/wp-json\/wp\/v2\/comments?post=3822"}],"version-history":[{"count":3,"href":"https:\/\/xn--tuvozdiasporaespaola-k7b.com\/page\/2\/wp-json\/wp\/v2\/posts\/3822\/revisions"}],"predecessor-version":[{"id":3831,"href":"https:\/\/xn--tuvozdiasporaespaola-k7b.com\/page\/2\/wp-json\/wp\/v2\/posts\/3822\/revisions\/3831"}],"wp:featuredmedia":[{"embeddable":true,"href":"https:\/\/xn--tuvozdiasporaespaola-k7b.com\/page\/2\/wp-json\/wp\/v2\/media\/3828"}],"wp:attachment":[{"href":"https:\/\/xn--tuvozdiasporaespaola-k7b.com\/page\/2\/wp-json\/wp\/v2\/media?parent=3822"}],"wp:term":[{"taxonomy":"category","embeddable":true,"href":"https:\/\/xn--tuvozdiasporaespaola-k7b.com\/page\/2\/wp-json\/wp\/v2\/categories?post=3822"},{"taxonomy":"post_tag","embeddable":true,"href":"https:\/\/xn--tuvozdiasporaespaola-k7b.com\/page\/2\/wp-json\/wp\/v2\/tags?post=3822"}],"curies":[{"name":"wp","href":"https:\/\/api.w.org\/{rel}","templated":true}]}}