{"id":3806,"date":"2023-09-14T13:20:00","date_gmt":"2023-09-14T16:20:00","guid":{"rendered":"https:\/\/xn--tuvozdiasporaespaola-k7b.com\/page\/2\/?p=3806"},"modified":"2023-09-16T06:17:18","modified_gmt":"2023-09-16T09:17:18","slug":"la-trobada-va-a-funcionaren-pais-valencia-la-militancia-se-organiza-sin-la-gestora","status":"publish","type":"post","link":"https:\/\/xn--tuvozdiasporaespaola-k7b.com\/page\/2\/la-trobada-va-a-funcionaren-pais-valencia-la-militancia-se-organiza-sin-la-gestora\/","title":{"rendered":"\u201cLA TROBADA VA A FUNCIONAR\u201den Pa\u00eds Valenci\u00e0 la militancia se Organiza sin la gestora."},"content":{"rendered":"\n<p>Transcripci\u00f3n efectuada por Walter C. Medina.<\/p>\n\n\n\n<p>ENTREVISTA A ROSSANA GARC\u00cdA MIRALLES<\/p>\n\n\n\n<p>Entrevistada por Roberto San Mart\u00edn y Francisco L\u00f3pez para \u201cCenizas de Babilonia-Di\u00e1spora Espa\u00f1ola\u201d (AM830 Radio del Pueblo), Rossana Garc\u00eda Miralles detall\u00f3 la situaci\u00f3n por la que atraviesa la Comunidad Valenciana y puntualiz\u00f3 en la importancia de la militancia activa.<\/p>\n\n\n\n<p>T\u00e9cnica Superior en Educaci\u00f3n Infantil e Innovaci\u00f3n Educativa, Garc\u00eda Miralles comenz\u00f3 a trabajar en la Vila Joisa (Villajoyosa en la provincia de Alacant-Alicante) por Podemos  con la intenci\u00f3n de ayudar a Podemos. Y lo hizo sin percibir dinero a cambio, e incluso poniendo de su propio bolsillo. <\/p>\n\n\n\n<figure class=\"wp-block-gallery has-nested-images columns-default is-cropped wp-block-gallery-1 is-layout-flex wp-block-gallery-is-layout-flex\">\n<figure class=\"wp-block-image size-large\"><img fetchpriority=\"high\" decoding=\"async\" width=\"1080\" height=\"1086\" data-id=\"3810\" src=\"https:\/\/xn--tuvozdiasporaespaola-k7b.com\/wp-content\/uploads\/2023\/09\/1000149741-1.jpg\" alt=\"\" class=\"wp-image-3810\"\/><\/figure>\n<\/figure>\n\n\n\n<p>Consejera de la Intercomarcal  y Secretaria de Sociedad Civil y Movimientos Sociales, se autodefine como \u201c<strong>una militante que contin\u00faa acudiendo  a manifestaciones, siempre trabajando para el bien com\u00fan\u201d<\/strong>.<\/p>\n\n\n\n<p><strong>Despu\u00e9s de las elecciones auton\u00f3micas y municipales Podemos se encuentra en una situaci\u00f3n cr\u00edtica. T\u00fa est\u00e1s en una amalgama de c\u00edrculos llamada Trobada. \u00bfQu\u00e9 es y a qu\u00e9 se dedica la Trobada?<\/strong><\/p>\n\n\n\n<p>En 2016 se hizo una trobada en Torrent. Fue la primera auto-gestionada totalmente por la militancia, y en donde tambi\u00e9n estuve, por supuesto; y luego, ahora, como tampoco estamos de acuerdo en que el dinero que han  puesto los militantes para los c\u00edrculos y muchas cosas m\u00e1s, como ese <em>stalinismo<\/em> que se ha instalado en el partido, esa verticalidad, esa falta de variedad, ese <strong>\u201cest\u00e1s conmigo o contra m\u00ed\u201d<\/strong>, pues hemos decidido hacer otra trobada porque las instituciones se han separado muchos de las calles. <\/p>\n\n\n\n<p>Entonces era necesario que la militancia, la gente cr\u00edtica y la no cr\u00edtica, tuviera la libertad de expresarse; incluso invitamos a la gestora, que no vino. Nos juntamos un centenar de personas que tenemos por delante m\u00e1s trabajo, porque ese era el principio, que es recuperar el Podemos que queremos, esa horizontalidad, ese no ser un partido al uso, el de ser militancia que acoge a la sociedad civil, que es diverso y que trata la diversidad mediante el di\u00e1logo y la inteligencia colectiva, que llega al consenso por el bien com\u00fan, no por el bien de unos pocos. <\/p>\n\n\n\n<p>Yo creo que los compa\u00f1eros y compa\u00f1eras que han trabajado lo han hecho como pensaban que lo hac\u00edan mejor, pero yo creo que ese no era mi partido. <strong>En el momento en el que entr\u00e9 en la ejecutiva dije \u201cya s\u00e9 lo que no quiero\u201d, porque no me sent\u00eda en un sitio de Podemos, sino en un partido cualquiera<\/strong>. Y para eso me voy al PSOE. Entonces segu\u00ed trabajando como pude, porque tuve que hacer muchos desplazamientos. <\/p>\n\n\n\n<p>Muchas veces me ayud\u00f3 gente de sociedad civil de otras comunidades, pero de la m\u00eda la verdad es que no. Yo creo que no es una cosa personal, sino que es a nivel de todo. Los c\u00edrculos siempre se quejaban de que no hab\u00eda comunicaci\u00f3n, no nos enter\u00e1bamos de las cosas. <strong>Ni yo que estaba en la ejecutiva me enteraba, a no ser que fuera por la prensa o por Twitter; y era una cosa muy fea.<\/strong> Estas cosas se resuelven hablando, pero pareciera que sienta mal que la militancia se junte a hablar, pues no sabemos c\u00f3mo hacer para benepl\u00e1cito de todos. Entonces hacemos lo que hemos hecho siempre: Reunirnos, hablar, ser militantes.\u00bb <em><strong>Lo que queremos es que se convoque la asamblea ciudadana lo m\u00e1s antes posible para que los cargos no se queden perpetuos y podamos seguir avanzando<\/strong>\u00ab.<\/em><\/p>\n\n\n\n<figure class=\"wp-block-gallery has-nested-images columns-default is-cropped wp-block-gallery-2 is-layout-flex wp-block-gallery-is-layout-flex\">\n<figure class=\"wp-block-image size-large\"><img decoding=\"async\" width=\"1200\" height=\"675\" data-id=\"3811\" src=\"https:\/\/xn--tuvozdiasporaespaola-k7b.com\/wp-content\/uploads\/2023\/09\/1000149743.jpg\" alt=\"\" class=\"wp-image-3811\"\/><\/figure>\n<\/figure>\n\n\n\n<p><strong>\u00bfC\u00f3mo ves el futuro de Podemos? \u00bfCrees que reflotar\u00e1 o quedar\u00e1 como un partido marginal?<\/strong><\/p>\n\n\n\n<p>Hay que decir que hay gente que pasamos de cierta edad, que son los cuarenta. Porque los j\u00f3venes por desgracia no tienen cultura, son los que los ilusiona VOX. Los que tienen cultura, por desgracia, se tienen que ir a trabajar fuera. Por desgracia son as\u00ed las cosas.<\/p>\n\n\n\n<p>El futuro que queda es trabajar mucho, pero por trabajar unidos. Hay que hacer una tuber\u00eda que vertebre todas las comarcas y que se comunique; juntarse m\u00e1s a menudo, verse, tocarse. La pandemia ya pas\u00f3. Ahora necesitamos hablar, debatir y llegar a consensos que sean buenos para todos.<\/p>\n\n\n\n<p>\u00bf<strong>Qu\u00e9 opinas de la coalici\u00f3n que se hizo con SUMAR y c\u00f3mo lo ves a nivel de militancia, de calle, all\u00ed donde t\u00fa vives?<\/strong><\/p>\n\n\n\n<p>En <strong>el momento en el que el PSOE regal\u00f3 el Sahara, me hubiera salido del gobierno. Hubi\u00e9ramos evitado parte de esta debacle. M\u00e1s vale una oposici\u00f3n valiente y digna, que un gobierno cobarde, <\/strong>aunque ha habido ministras muy valientes. <\/p>\n\n\n\n<figure class=\"wp-block-gallery has-nested-images columns-default is-cropped wp-block-gallery-3 is-layout-flex wp-block-gallery-is-layout-flex\">\n<figure class=\"wp-block-image size-large is-resized\"><img decoding=\"async\" data-id=\"3815\" src=\"https:\/\/xn--tuvozdiasporaespaola-k7b.com\/wp-content\/uploads\/2023\/09\/1000149753.jpg\" alt=\"\" class=\"wp-image-3815\" style=\"height:13px\" height=\"13\"\/><figcaption class=\"wp-element-caption\">Yolanda Diaz traiciono al pueblo del S\u00e1hara  no reconociendo sus derechos.<\/figcaption><\/figure>\n<\/figure>\n\n\n\n<p>En cuanto a lo de SUMAR, un espacio diverso que una a la izquierda a m\u00ed no me parece mal; era la intenci\u00f3n de Podemos. Luego han venido unas cosas extra\u00f1as, como demonizarnos desde lo de Andaluc\u00eda, y eso ya es lo que tenemos que recuperar.<\/p>\n\n\n\n<p> Tenemos que tener claro que SUMAR no es un partido pol\u00edtico, es una plataforma, y lo que debemos recuperar es nuestra propia identidad, porque yo creo que <strong>SUMAR tampoco va a ser algo muy s\u00f3lido si sigue de esa manera. <\/strong><\/p>\n\n\n\n<p><strong>\u00bfCu\u00e1l es tu opini\u00f3n a nivel de Ministerios?, \u00bfQu\u00e9 te parece el trabajo que han desarrollado en la anterior legislatura Ione Belarra e Irene Montero?     <\/strong><\/p>\n\n\n\n<p>Pues en esos dos ministerios el avance ha sido brutal. Pero luego, por ejemplo aqu\u00ed, en el Pa\u00eds Valenciano, se cre\u00f3 la Consejer\u00eda de Vivienda; yo misma he ayudado a mucha gente a que no los tire los fondos buitres, mi casa ahora mismo est\u00e1 siendo amenazada por uno de ellos, cuando a nosotros nos han estafado y hemos pagad siempre, no somos okupas ni nada por el estilo. <\/p>\n\n\n\n<figure class=\"wp-block-gallery has-nested-images columns-default is-cropped wp-block-gallery-4 is-layout-flex wp-block-gallery-is-layout-flex\">\n<figure class=\"wp-block-image size-full\"><img decoding=\"async\" width=\"1600\" height=\"900\" data-id=\"3814\" src=\"https:\/\/xn--tuvozdiasporaespaola-k7b.com\/wp-content\/uploads\/2023\/09\/1000149752-1.webp\" alt=\"\" class=\"wp-image-3814\"\/><\/figure>\n<\/figure>\n\n\n\n<p>Lo que te puedo decir es que la funci\u00f3n que se ha hecho, se ha hecho bien. Luego las interpretaciones de las leyes y los palos en las ruedas nos las han ido poniendo, porque si t\u00fa te das cuenta, las cloacas del Estado que engloban tambi\u00e9n los medios de comunicaci\u00f3n estatales, que son un poco vergonzosos, pues han criticado una labor que en otros pa\u00edses se ha vendido como una vanguardia en avance feminista.<\/p>\n\n\n\n<p>Lo que yo pienso es que una de las mejores ministras que hemos tenido por la labor en los avances de feminismo, es Irene Montero. Hay cosas que no se deber\u00edan haber consentido al socio de gobierno progresista.<\/p>\n\n\n\n<p><strong>\u00bfCu\u00e1les son las diferencias en la Comunidad Valenciana del gobierno anterior, de coalici\u00f3n, al gobierno que ten\u00e9is ahora?<\/strong><\/p>\n\n\n\n<p>Lo primero es que han quitado la Consejer\u00eda de Igualdad y la Consejer\u00eda de Vivienda. Tambi\u00e9n <strong>dicen que no nos van a dejar llevar pancartas que pongan \u201cTerrorismo Machista\u201d ni \u201cViolencia Machista\u201d<\/strong>. Aqu\u00ed ahora estamos llegando a extremos en los que no tenemos derechos. Esta ma\u00f1ana han venido a mi edificio, se han presentado sin habernos avisado con una orden para hacer una lista de los vivimos aqu\u00ed; todos tenemos el contrato en regla. Han venido con un cerrajero y con catorce bombines antideshaucio.<\/p>\n\n\n\n<p>A las personas que no estuvieran en su vivienda pretend\u00edan reventarle la puerta y dejarlos fuera. Los fondos buitre y los bancos son los que ganan, porque el IBEX35 ha vuelto meter la pata en el sitio que m\u00e1s dinero les da. <\/p>\n\n\n\n<p><strong>\u00bfC\u00f3mo est\u00e1n las cosas a nivel de Cultura y Educaci\u00f3n?<\/strong><\/p>\n\n\n\n<p>En educaci\u00f3n hice un Twitter ayer porque hay gente que ha ido a su puesto de trabajo sin estar dada de alta, hay muchos profesores que todav\u00eda no est\u00e1n asignados, alumnos sin tutores. Los privados y los concertados, sin problema.<\/p>\n\n\n\n<figure class=\"wp-block-gallery has-nested-images columns-default is-cropped wp-block-gallery-5 is-layout-flex wp-block-gallery-is-layout-flex\">\n<figure class=\"wp-block-image size-large\"><img loading=\"lazy\" decoding=\"async\" width=\"1080\" height=\"538\" data-id=\"3813\" src=\"https:\/\/xn--tuvozdiasporaespaola-k7b.com\/wp-content\/uploads\/2023\/09\/1000149744.jpg\" alt=\"\" class=\"wp-image-3813\"\/><\/figure>\n<\/figure>\n\n\n\n<p><strong>\u00bfCrees que el trabajo que est\u00e1is haciendo con la Trobada puede dar sus frutos en la Comunidad Valenciana dentro de Podemos?<\/strong><\/p>\n\n\n\n<p>Hay mucha gente que no se ha atrevido a venir porque luego te se\u00f1alan. Yo creo en la militancia libre, a m\u00ed me da igual que me se\u00f1alen o no; yo lo que intento es ayudar a la gente. <strong>La Trobada va a funcionar porque hay mucha gente dispuesta a respaldar esa petici\u00f3n de asamblea ciudadana m\u00e1s anticipada.<\/strong><\/p>\n\n\n\n<p><strong>Otra cosa es que nos hagan caso, porque seguro va a haber silencio por respuesta. Pero el silencio se llena de ruidos y de monstruos<\/strong> que lo \u00fanico que intentan es destruir el partido, hay que hablar alto y claro y hacer autocr\u00edtica.<\/p>\n","protected":false},"excerpt":{"rendered":"<p>Transcripci\u00f3n efectuada por Walter C. Medina. ENTREVISTA A ROSSANA GARC\u00cdA MIRALLES Entrevistada por Roberto San Mart\u00edn y Francisco L\u00f3pez para \u201cCenizas de Babilonia-Di\u00e1spora Espa\u00f1ola\u201d &#8230; <\/p>\n<p class=\"read-more-container\"><a title=\"\u201cLA TROBADA VA A FUNCIONAR\u201den Pa\u00eds Valenci\u00e0 la militancia se Organiza sin la gestora.\" class=\"read-more button\" href=\"https:\/\/xn--tuvozdiasporaespaola-k7b.com\/page\/2\/la-trobada-va-a-funcionaren-pais-valencia-la-militancia-se-organiza-sin-la-gestora\/#more-3806\" aria-label=\"M\u00e1s en \u201cLA TROBADA VA A FUNCIONAR\u201den Pa\u00eds Valenci\u00e0 la militancia se Organiza sin la gestora.\">Leer m\u00e1s<\/a><\/p>\n","protected":false},"author":222560522,"featured_media":3816,"comment_status":"open","ping_status":"open","sticky":false,"template":"","format":"standard","meta":{"footnotes":""},"categories":[121850],"tags":[],"class_list":["post-3806","post","type-post","status-publish","format-standard","has-post-thumbnail","hentry","category-politica","resize-featured-image"],"_links":{"self":[{"href":"https:\/\/xn--tuvozdiasporaespaola-k7b.com\/page\/2\/wp-json\/wp\/v2\/posts\/3806","targetHints":{"allow":["GET"]}}],"collection":[{"href":"https:\/\/xn--tuvozdiasporaespaola-k7b.com\/page\/2\/wp-json\/wp\/v2\/posts"}],"about":[{"href":"https:\/\/xn--tuvozdiasporaespaola-k7b.com\/page\/2\/wp-json\/wp\/v2\/types\/post"}],"author":[{"embeddable":true,"href":"https:\/\/xn--tuvozdiasporaespaola-k7b.com\/page\/2\/wp-json\/wp\/v2\/users\/222560522"}],"replies":[{"embeddable":true,"href":"https:\/\/xn--tuvozdiasporaespaola-k7b.com\/page\/2\/wp-json\/wp\/v2\/comments?post=3806"}],"version-history":[{"count":4,"href":"https:\/\/xn--tuvozdiasporaespaola-k7b.com\/page\/2\/wp-json\/wp\/v2\/posts\/3806\/revisions"}],"predecessor-version":[{"id":3820,"href":"https:\/\/xn--tuvozdiasporaespaola-k7b.com\/page\/2\/wp-json\/wp\/v2\/posts\/3806\/revisions\/3820"}],"wp:featuredmedia":[{"embeddable":true,"href":"https:\/\/xn--tuvozdiasporaespaola-k7b.com\/page\/2\/wp-json\/wp\/v2\/media\/3816"}],"wp:attachment":[{"href":"https:\/\/xn--tuvozdiasporaespaola-k7b.com\/page\/2\/wp-json\/wp\/v2\/media?parent=3806"}],"wp:term":[{"taxonomy":"category","embeddable":true,"href":"https:\/\/xn--tuvozdiasporaespaola-k7b.com\/page\/2\/wp-json\/wp\/v2\/categories?post=3806"},{"taxonomy":"post_tag","embeddable":true,"href":"https:\/\/xn--tuvozdiasporaespaola-k7b.com\/page\/2\/wp-json\/wp\/v2\/tags?post=3806"}],"curies":[{"name":"wp","href":"https:\/\/api.w.org\/{rel}","templated":true}]}}