{"id":380,"date":"2022-10-15T20:59:00","date_gmt":"2022-10-15T23:59:00","guid":{"rendered":"https:\/\/xn--tuvozdiasporaespaola-k7b.com\/2022\/10\/15\/vox-y-su-espana-o-espana-y-sus-comicos\/"},"modified":"2022-10-15T21:23:18","modified_gmt":"2022-10-16T00:23:18","slug":"vox-y-su-espana-o-espana-y-sus-comicos","status":"publish","type":"post","link":"https:\/\/xn--tuvozdiasporaespaola-k7b.com\/page\/2\/vox-y-su-espana-o-espana-y-sus-comicos\/","title":{"rendered":"\u00bfVOX y SU ESPA\u00d1A o ESPA\u00d1A y sus C\u00d3MICOS?"},"content":{"rendered":"\n<p>Estos d\u00edas pasados&nbsp; hemos acudido a una demostraci\u00f3n de circo,&nbsp; de c\u00f3micos frustrados de una&nbsp; pat\u00e9tica  pol\u00edtica de abrumadoras escenas del Rid\u00edculo m\u00e1s espantoso, de&nbsp; &nbsp; verguenza ajena dir\u00eda un sabio.<\/p>\n\n\n\n<p>Abascal y su corte insinuando a la Espa\u00f1a Imperial aquella que domin\u00f3 mares, esclavizo pueblos aut\u00f3ctonos , elimin\u00f3 sistem\u00e1ticamente culturas ancestrales ,&nbsp; robo su oro y plata y lo m\u00e1s grave instaur\u00f3 una dominaci\u00f3n Criolla descendiente que llev\u00f3 a Latinoam\u00e9rica a una pseudo independencia dominando a los pueblos y gestionando una deuda con el todopoderoso Imperio Ingl\u00e9s para independizarse de Espa\u00f1a que dur\u00f3 100 a\u00f1os .<\/p>\n\n\n\n<figure class=\"wp-block-image size-large\"><img fetchpriority=\"high\" decoding=\"async\" width=\"1200\" height=\"553\" src=\"http:\/\/xn--tuvozdiasporaespaola-k7b.com\/wp-content\/uploads\/2022\/10\/wysk8cs-jkuewb0-6384872573199650110.jpg?w=1024\" alt=\"\" class=\"wp-image-372\" srcset=\"https:\/\/xn--tuvozdiasporaespaola-k7b.com\/wp-content\/uploads\/2022\/10\/wysk8cs-jkuewb0-6384872573199650110.jpg 1200w, https:\/\/xn--tuvozdiasporaespaola-k7b.com\/wp-content\/uploads\/2022\/10\/wysk8cs-jkuewb0-6384872573199650110-300x138.jpg 300w, https:\/\/xn--tuvozdiasporaespaola-k7b.com\/wp-content\/uploads\/2022\/10\/wysk8cs-jkuewb0-6384872573199650110-1024x472.jpg 1024w, https:\/\/xn--tuvozdiasporaespaola-k7b.com\/wp-content\/uploads\/2022\/10\/wysk8cs-jkuewb0-6384872573199650110-768x354.jpg 768w\" sizes=\"(max-width: 1200px) 100vw, 1200px\" \/><figcaption class=\"wp-element-caption\">Entrada Principal de la comitiva del circo<\/figcaption><\/figure>\n\n\n\n<p>Esos descendientes de&nbsp; criollos que apoyaron a VOX&nbsp; como Uribe, Millei, Jos\u00e9 Antonio Kast, Pi\u00f1era, Lasso etc\u2026 acto parecido a esos torneos de antes de la&nbsp; Colonizacion de \u00e9pocas medievales&nbsp; donde buscan seguir  ejerciendo el&nbsp; yugo del poder blanco y las guerras del despecho hacia los pueblos nativos .<\/p>\n\n\n\n<p>Vimos a un Abascal fuera de s\u00ed , disfrazado de tercio&nbsp; de Flandes , acompa\u00f1ado por lo m\u00e1s variopinto y rid\u00edculo de su Camada fastizoide retr\u00f3grada y&nbsp; casposa.<\/p>\n\n\n\n<p>Disfrazados&nbsp; de Cruzados , Reyes cat\u00f3licos y humoristas sin gracia,&nbsp; ofrecieron un espect\u00e1culo espeluznante,&nbsp; tenebroso y de dudosa constitucionalidad.&nbsp;<\/p>\n\n\n\n<p>Cualquier fiscal decente con la  Ley de Memoria Hist\u00f3rica y ahora Democr\u00e1tica en la mano pondr\u00eda un p\u00e1rate a semejante disparate sobre el escenario&nbsp; con cantantes&nbsp; espoleando una guerra civil , con \u00abVolvemos al 36 \u00bb gritos xen\u00f3fobos contra la Ley de Solo Si es S\u00cd, ,&nbsp; Racistas contra la Ley de Extranjer\u00eda, Poniendo a los partidos Dem\u00f3cratas y Progresistas a los pies de la Inquisici\u00f3n dictatorial y de resonancias Franquistas &nbsp; pidiendo poco menos que el exterminio de PODEMOS.<\/p>\n\n\n\n<figure class=\"wp-block-image size-large\"><img decoding=\"async\" width=\"1200\" height=\"749\" src=\"http:\/\/xn--tuvozdiasporaespaola-k7b.com\/wp-content\/uploads\/2022\/10\/acto-vox1568548442749491816.jpeg?w=1024\" alt=\"\" class=\"wp-image-373\" srcset=\"https:\/\/xn--tuvozdiasporaespaola-k7b.com\/wp-content\/uploads\/2022\/10\/acto-vox1568548442749491816.jpeg 1200w, https:\/\/xn--tuvozdiasporaespaola-k7b.com\/wp-content\/uploads\/2022\/10\/acto-vox1568548442749491816-300x187.jpeg 300w, https:\/\/xn--tuvozdiasporaespaola-k7b.com\/wp-content\/uploads\/2022\/10\/acto-vox1568548442749491816-1024x639.jpeg 1024w, https:\/\/xn--tuvozdiasporaespaola-k7b.com\/wp-content\/uploads\/2022\/10\/acto-vox1568548442749491816-768x479.jpeg 768w\" sizes=\"(max-width: 1200px) 100vw, 1200px\" \/><figcaption class=\"wp-element-caption\">Ya en el escenario esperando los aplausos de un P\u00fablico \u00bfcualificado culturalmente?<\/figcaption><\/figure>\n\n\n\n<p>Un disparate de macumba con camada de Brujer\u00eda&nbsp; y verbena circense acompa\u00f1ada por Bravuconadas y brazos en altos al estilo HITLERIANO y FALANGISTA<\/p>\n\n\n\n<p>Y en esto LLEG\u00d3 JAVIER MILEI el m\u00e1s c\u00ednico y loco personaje que llega desde Argentina un Fascista disfrazado de Libertarios a regalar los o\u00eddos a unos asistente que se encontraban en pleno ORGASMO de masas, &nbsp; entregadas a la&nbsp; Extrema Derecha , con dichos como que no existir\u00edan los&nbsp; 30.000 desaparecidos&nbsp; en Argentina , alegrandose de la muerte de los Zurdos o tergiversando la verdad sobre las causas de los Pobres que encandil\u00f3 a un auditorio lleno de Ignorancia y Odio hacia el Progreso , la Justicia Social y el Derecho a coexistir en la Diversidad de los Hombres y Mujeres en lo diferente y normal,&nbsp; o el presidente de POLONIA &nbsp; y DONALD TRUMP ( mensaje grabado )&nbsp; que no dudaron en&nbsp; se\u00f1alar a los emigrantes&nbsp; como responsables de todos los males y exponer en el escenario la expulsi\u00f3n de los moros del a\u00f1o 1482 , todo un s\u00edntoma de sometimiento y crueldad.<\/p>\n\n\n\n<figure class=\"wp-block-image size-large\"><img decoding=\"async\" width=\"1200\" height=\"675\" src=\"http:\/\/xn--tuvozdiasporaespaola-k7b.com\/wp-content\/uploads\/2022\/10\/02eca95f-e89f-4bc1-8d8f-994adf75a9b5_16-9-discover-aspect-ratio_default_01948303079681526065.jpg?w=1024\" alt=\"\" class=\"wp-image-374\" srcset=\"https:\/\/xn--tuvozdiasporaespaola-k7b.com\/wp-content\/uploads\/2022\/10\/02eca95f-e89f-4bc1-8d8f-994adf75a9b5_16-9-discover-aspect-ratio_default_01948303079681526065.jpg 1200w, https:\/\/xn--tuvozdiasporaespaola-k7b.com\/wp-content\/uploads\/2022\/10\/02eca95f-e89f-4bc1-8d8f-994adf75a9b5_16-9-discover-aspect-ratio_default_01948303079681526065-300x169.jpg 300w, https:\/\/xn--tuvozdiasporaespaola-k7b.com\/wp-content\/uploads\/2022\/10\/02eca95f-e89f-4bc1-8d8f-994adf75a9b5_16-9-discover-aspect-ratio_default_01948303079681526065-1024x576.jpg 1024w, https:\/\/xn--tuvozdiasporaespaola-k7b.com\/wp-content\/uploads\/2022\/10\/02eca95f-e89f-4bc1-8d8f-994adf75a9b5_16-9-discover-aspect-ratio_default_01948303079681526065-768x432.jpg 768w\" sizes=\"(max-width: 1200px) 100vw, 1200px\" \/><figcaption class=\"wp-element-caption\">No pod\u00eda faltar la Legi\u00f3n  en tan noble acto patri\u00f3tico <\/figcaption><\/figure>\n\n\n\n<figure class=\"wp-block-image size-large\"><img loading=\"lazy\" decoding=\"async\" width=\"1069\" height=\"636\" src=\"http:\/\/xn--tuvozdiasporaespaola-k7b.com\/wp-content\/uploads\/2022\/10\/screenshot_20221015-202440_google2514491117959500698.jpg?w=1024\" alt=\"\" class=\"wp-image-376\" srcset=\"https:\/\/xn--tuvozdiasporaespaola-k7b.com\/wp-content\/uploads\/2022\/10\/screenshot_20221015-202440_google2514491117959500698.jpg 1069w, https:\/\/xn--tuvozdiasporaespaola-k7b.com\/wp-content\/uploads\/2022\/10\/screenshot_20221015-202440_google2514491117959500698-300x178.jpg 300w, https:\/\/xn--tuvozdiasporaespaola-k7b.com\/wp-content\/uploads\/2022\/10\/screenshot_20221015-202440_google2514491117959500698-1024x609.jpg 1024w, https:\/\/xn--tuvozdiasporaespaola-k7b.com\/wp-content\/uploads\/2022\/10\/screenshot_20221015-202440_google2514491117959500698-768x457.jpg 768w\" sizes=\"(max-width: 1069px) 100vw, 1069px\" \/><figcaption class=\"wp-element-caption\">Para volver al 36 , al final nos llevan estos locos a la Guerra .<\/figcaption><\/figure>\n\n\n\n<p>Nos debemos preguntar que estamos haciendo mal las izquierdas para darles protagonismo a semejantes incautos analfabetos,&nbsp; flautistas de Hamel\u00edn , que sin exponer una soluci\u00f3n a ning\u00fan a los problemas de la sociedad al margen de cantar UNA GRANDE Y LIBRE, ESPA\u00d1A PARA LOS ESPA\u00d1OLES , ETC\u2026 hacen que los m\u00e1s humildes se dejen embaucar por estos encantadores de serpientes, oportunistas de desencantados&nbsp; y solitarios payasos en espera de la oportunidad para que domadores de felinos o magos sin bola m\u00e1gica se cambien en salvadores de los Humildes , y Desamparados echando la culpa a otros Humildes y tan Desamparados como ellos .<\/p>\n\n\n\n<p><strong>Memoria&nbsp; Activa ciudadanos:<\/strong><\/p>\n\n\n\n<p>.-NO dicen quienes son m\u00e1s ricos a costa de los m\u00e1s pobres&nbsp;<\/p>\n\n\n\n<p>&nbsp;&nbsp;.-NO dicen c\u00f3mo generar trabajo.<\/p>\n\n\n\n<p>&nbsp;&nbsp;.-NO dicen como imponer justicia Social y solidaridad en Crecimiento.<\/p>\n\n\n\n<p>&nbsp;&nbsp;.-NO&nbsp; dicen c\u00f3mo crecer en el reconocimiento de libertades &nbsp; etc\u2026<\/p>\n\n\n\n<p>&nbsp;.-NO DICEN NADA aparte de ODIO.<\/p>\n\n\n\n<figure class=\"wp-block-image size-large\"><img loading=\"lazy\" decoding=\"async\" width=\"2880\" height=\"2880\" src=\"http:\/\/xn--tuvozdiasporaespaola-k7b.com\/wp-content\/uploads\/2022\/10\/20221015_2053005085028678096113878.jpg?w=1024\" alt=\"\" class=\"wp-image-377\" srcset=\"https:\/\/xn--tuvozdiasporaespaola-k7b.com\/wp-content\/uploads\/2022\/10\/20221015_2053005085028678096113878.jpg 2880w, https:\/\/xn--tuvozdiasporaespaola-k7b.com\/wp-content\/uploads\/2022\/10\/20221015_2053005085028678096113878-300x300.jpg 300w, https:\/\/xn--tuvozdiasporaespaola-k7b.com\/wp-content\/uploads\/2022\/10\/20221015_2053005085028678096113878-1024x1024.jpg 1024w, https:\/\/xn--tuvozdiasporaespaola-k7b.com\/wp-content\/uploads\/2022\/10\/20221015_2053005085028678096113878-150x150.jpg 150w, https:\/\/xn--tuvozdiasporaespaola-k7b.com\/wp-content\/uploads\/2022\/10\/20221015_2053005085028678096113878-768x768.jpg 768w, https:\/\/xn--tuvozdiasporaespaola-k7b.com\/wp-content\/uploads\/2022\/10\/20221015_2053005085028678096113878-1568x1568.jpg 1568w\" sizes=\"(max-width: 2880px) 100vw, 2880px\" \/><figcaption class=\"wp-element-caption\">Criollos Neoliberales y Fascistas que gobiernan o intentan Gobernar Latinoam\u00e9rica. <\/figcaption><\/figure>\n\n\n\n<p>Solo ponen el gui\u00f3n de un comediante y los aplaudidores de turno para escenificar la rid\u00edcula pantomima de tiempo pasados &nbsp; coloniales y dictatoriales, de personas&nbsp; adineradas en la \u00e9lite que&nbsp; fue el legado del \u00c9xito siendo solo el comienzo del Declive de un imperio corrompido en el saqueo que gener\u00f3 una aristocracia criolla que hoy en d\u00eda comparten con Vox en Latinoam\u00e9rica&nbsp; la idea de Pa\u00eds.&nbsp;<\/p>\n\n\n\n<p>SUMIENDO en el ostracismo y en los imperios Oligarcas y neoliberales que retrasan la recuperaci\u00f3n de identidad propia de una Latinoam\u00e9rica que se desangra&nbsp; de la ESCLAVITUD de un  imperio Espa\u00f1ol ya desaparecido   y de algunos dirigentes Gobernantes Criollos que hoy contin\u00faan  con pol\u00edticas coloniales hasta estos mismos d\u00edas caso de Bolsonaro en Brasil o Lasso en Ecuador .<\/p>\n\n\n\n<figure class=\"wp-block-image size-large\"><img loading=\"lazy\" decoding=\"async\" width=\"750\" height=\"445\" src=\"http:\/\/xn--tuvozdiasporaespaola-k7b.com\/wp-content\/uploads\/2022\/10\/20210419171631298761179510819749278100.jpg?w=750\" alt=\"\" class=\"wp-image-378\" srcset=\"https:\/\/xn--tuvozdiasporaespaola-k7b.com\/wp-content\/uploads\/2022\/10\/20210419171631298761179510819749278100.jpg 750w, https:\/\/xn--tuvozdiasporaespaola-k7b.com\/wp-content\/uploads\/2022\/10\/20210419171631298761179510819749278100-300x178.jpg 300w\" sizes=\"(max-width: 750px) 100vw, 750px\" \/><figcaption class=\"wp-element-caption\">M\u00e1ximo exponente del odio de clases, una derecha volcada al fascismo y el recuerdo de una Guerra fratricida entre Espa\u00f1oles.<\/figcaption><\/figure>\n\n\n\n<p>El progresismo tendr\u00e1 que repensar en respuestas claras en convencer con hechos , para trasladar la certeza de un cambio hacia el futuro lleno de esperanza , de combatir la Pobreza y no dejar a nadie atr\u00e1s,&nbsp; de Generar trabajo estable y duradero , de garantizar derechos y compromisos&nbsp; en definitiva estar presentes y seguir ofreciendo pol\u00edticas que hagan que las clases m\u00e1s humildes no se fije en estos encantadores de serpientes que sin ofrecer nada solo odio y fracaso hacen que nuestros compatriotas&nbsp; se arrojen a brazos de personas sin escr\u00fapulos como Millei,&nbsp; Donald Trump,&nbsp; Bolsonaro &nbsp; Meloni o el propio Abascal y sus alcahuetes de turno.&nbsp;<\/p>\n\n\n\n<p><br \/><br \/>Redacci\u00f3n de Revista TU VOZ.<br \/><br \/><br \/><\/p>\n\n\n\n<figure class=\"wp-block-image size-large\"><img loading=\"lazy\" decoding=\"async\" width=\"730\" height=\"450\" src=\"http:\/\/xn--tuvozdiasporaespaola-k7b.com\/wp-content\/uploads\/2022\/10\/e1rnrt8x0aqap9c968612708704838587.jpg?w=730\" alt=\"\" class=\"wp-image-379\" srcset=\"https:\/\/xn--tuvozdiasporaespaola-k7b.com\/wp-content\/uploads\/2022\/10\/e1rnrt8x0aqap9c968612708704838587.jpg 730w, https:\/\/xn--tuvozdiasporaespaola-k7b.com\/wp-content\/uploads\/2022\/10\/e1rnrt8x0aqap9c968612708704838587-300x185.jpg 300w\" sizes=\"(max-width: 730px) 100vw, 730px\" \/><figcaption class=\"wp-element-caption\">Santiago Abascal director necesario para esta farsa, el Hernan Cortes del siglo XXII en la m\u00e1s pura decadencia humana.<\/figcaption><\/figure>\n","protected":false},"excerpt":{"rendered":"<p>Estos d\u00edas pasados&nbsp; hemos acudido a una demostraci\u00f3n de circo,&nbsp; de c\u00f3micos frustrados de una&nbsp; pat\u00e9tica pol\u00edtica de abrumadoras escenas del Rid\u00edculo m\u00e1s espantoso, &#8230; <\/p>\n<p class=\"read-more-container\"><a title=\"\u00bfVOX y SU ESPA\u00d1A o ESPA\u00d1A y sus C\u00d3MICOS?\" class=\"read-more button\" href=\"https:\/\/xn--tuvozdiasporaespaola-k7b.com\/page\/2\/vox-y-su-espana-o-espana-y-sus-comicos\/#more-380\" aria-label=\"M\u00e1s en \u00bfVOX y SU ESPA\u00d1A o ESPA\u00d1A y sus C\u00d3MICOS?\">Leer m\u00e1s<\/a><\/p>\n","protected":false},"author":222560522,"featured_media":0,"comment_status":"open","ping_status":"open","sticky":false,"template":"","format":"standard","meta":{"footnotes":""},"categories":[1771],"tags":[],"class_list":["post-380","post","type-post","status-publish","format-standard","hentry","category-sociales"],"_links":{"self":[{"href":"https:\/\/xn--tuvozdiasporaespaola-k7b.com\/page\/2\/wp-json\/wp\/v2\/posts\/380","targetHints":{"allow":["GET"]}}],"collection":[{"href":"https:\/\/xn--tuvozdiasporaespaola-k7b.com\/page\/2\/wp-json\/wp\/v2\/posts"}],"about":[{"href":"https:\/\/xn--tuvozdiasporaespaola-k7b.com\/page\/2\/wp-json\/wp\/v2\/types\/post"}],"author":[{"embeddable":true,"href":"https:\/\/xn--tuvozdiasporaespaola-k7b.com\/page\/2\/wp-json\/wp\/v2\/users\/222560522"}],"replies":[{"embeddable":true,"href":"https:\/\/xn--tuvozdiasporaespaola-k7b.com\/page\/2\/wp-json\/wp\/v2\/comments?post=380"}],"version-history":[{"count":0,"href":"https:\/\/xn--tuvozdiasporaespaola-k7b.com\/page\/2\/wp-json\/wp\/v2\/posts\/380\/revisions"}],"wp:attachment":[{"href":"https:\/\/xn--tuvozdiasporaespaola-k7b.com\/page\/2\/wp-json\/wp\/v2\/media?parent=380"}],"wp:term":[{"taxonomy":"category","embeddable":true,"href":"https:\/\/xn--tuvozdiasporaespaola-k7b.com\/page\/2\/wp-json\/wp\/v2\/categories?post=380"},{"taxonomy":"post_tag","embeddable":true,"href":"https:\/\/xn--tuvozdiasporaespaola-k7b.com\/page\/2\/wp-json\/wp\/v2\/tags?post=380"}],"curies":[{"name":"wp","href":"https:\/\/api.w.org\/{rel}","templated":true}]}}