{"id":3767,"date":"2023-09-11T17:01:16","date_gmt":"2023-09-11T20:01:16","guid":{"rendered":"https:\/\/xn--tuvozdiasporaespaola-k7b.com\/page\/2\/?p=3767"},"modified":"2023-09-11T19:17:01","modified_gmt":"2023-09-11T22:17:01","slug":"violeta-alonsotodavia-queda-mucho-por-recorrer","status":"publish","type":"post","link":"https:\/\/xn--tuvozdiasporaespaola-k7b.com\/page\/2\/violeta-alonsotodavia-queda-mucho-por-recorrer\/","title":{"rendered":"VIOLETA ALONSO\u201cTODAV\u00cdA QUEDA MUCHO POR RECORRER\u201d"},"content":{"rendered":"\n<p>Transcripci\u00f3n efectuada por Walter C. Medina<\/p>\n\n\n\n<p>ENTREVISTA a la Presidenta del Consejo General de Ciudadanos Espa\u00f1oles en el Exterior, Violeta Alonso, confirm\u00f3 que el pr\u00f3ximo pleno del Consejo tendr\u00e1 lugar en Asturias en el mes de noviembre. <\/p>\n\n\n\n<p>Lo hizo durante una entrevista concedida al programa radiof\u00f3nico \u201cCenizas de Babilonia-Di\u00e1spora Espa\u00f1ola\u201d (AM830 Radio del Pueblo) efectuada por Francisco L\u00f3pez y Roberto San Mart\u00edn, en la que tambi\u00e9n dio detalles de las propuestas que se presentar\u00e1n en los pr\u00f3ximos meses.<\/p>\n\n\n\n<p>\u00bf<strong>C\u00f3mo fue que finalmente Adri\u00e1n Barb\u00f3n propuso que el pleno del Consejo se celebre en Asturias?<\/strong><\/p>\n\n\n\n<p>Bueno, pues, me encontr\u00e9 con Barb\u00f3n en enero, en ese momento \u00e9l estaba muy interesado en todos los temas de emigraci\u00f3n, hizo el ofrecimiento y luego tambi\u00e9n estuvo con David Casarejos, y por toda la vinculaci\u00f3n que tiene Asturias con la emigraci\u00f3n, ha salido adelante y efectivamente el pleno de este a\u00f1o se va a celebrar en Asturias a principios de noviembre.<\/p>\n\n\n\n<p><strong>Una de las ideas de Barb\u00f3n era que Asturias fuese sede permanente del plenario del Consejo. \u00bfEsto es as\u00ed?<\/strong><\/p>\n\n\n\n<p>Es un tema puntual. A m\u00ed, personalmente, me gustar\u00eda que el pleno salga m\u00e1s de Madrid, que no sea s\u00f3lo esta vez; estar\u00eda bien que habilitemos otros lugares, especialmente todos aquellos que tienen especial vinculaci\u00f3n con la emigraci\u00f3n. Yo me alegro de ir esta vez a Asturias, pero de momento es algo puntual. <\/p>\n\n\n\n<p><strong>En tu trayectoria como Presidenta del Consejo hab\u00e9is tenido relaci\u00f3n con los representantes del gobierno en funciones. \u00bfCrees que ha cambiado la actitud del gobierno de Espa\u00f1a con relaci\u00f3n a la di\u00e1spora espa\u00f1ola a trav\u00e9s de vuestra relaci\u00f3n como Consejo General de la Ciudadan\u00eda?<\/strong><\/p>\n\n\n\n<p>Quiero pensar que s\u00ed pero todav\u00eda queda mucho por recorrer. Desde las distintas administraciones son conscientes que desde el Consejo General se est\u00e1 haciendo mucho trabajo. Estamos por varias v\u00edas intentando que la comunicaci\u00f3n con esas administraciones, tanto el gobierno central como los distintos ministerios, como las administraciones locales, sean m\u00e1s fluidas que hasta ahora. Y en algunas cosas lo hemos notado.<\/p>\n\n\n\n<figure class=\"wp-block-gallery has-nested-images columns-default is-cropped wp-block-gallery-1 is-layout-flex wp-block-gallery-is-layout-flex\">\n<figure class=\"wp-block-image size-large\"><img fetchpriority=\"high\" decoding=\"async\" width=\"1054\" height=\"847\" data-id=\"3786\" src=\"https:\/\/xn--tuvozdiasporaespaola-k7b.com\/wp-content\/uploads\/2023\/09\/1000134062.jpg\" alt=\"\" class=\"wp-image-3786\"\/><\/figure>\n<\/figure>\n\n\n\n<p>Por ejemplo este a\u00f1o es de las primeras veces que se nos piden varios informes al Consejo General, sin ser nosotros los que tengamos que estar diciendo \u201ctened en cuenta que tenemos que hacer un informe y dar nuestra opini\u00f3n\u201d, sino que realmente se nos pide a nosotros. <\/p>\n\n\n\n<p>Esto es una muestra de c\u00f3mo est\u00e1n cambiando las cosas. Van cambiando las cosas pero el paso es m\u00e1s lento del que a todos nos gustar\u00eda.<\/p>\n\n\n\n<p><strong>\u00bfEn qu\u00e9 proyectos est\u00e1is trabajando ahora de cara a la pr\u00f3xima legislatura?   <\/strong><\/p>\n\n\n\n<p>Pues en este pleno que va a ser en noviembre, llevamos m\u00e1s de cuarenta propuestas para someterlas a votaci\u00f3n. Se est\u00e1 trabajando en el tema del protocolo, en el estatuto, con la esperanza de que salga lo antes posible. <\/p>\n\n\n\n<p>Y tambi\u00e9n hay temas como la propuesta de reforma del C\u00f3digo Civil, en materia de nacionalidad, o como la Circunscripci\u00f3n Exterior, estamos siempre detr\u00e1s de que se consigan abrir m\u00e1s aulas de lengua y cultura espa\u00f1ola en distintos pa\u00edses.<\/p>\n\n\n\n<p> Estamos trabajando temas de acceso a la universidad y el tema de los recursos consulares que sabemos que los espa\u00f1oles en el exterior no paramos de aumentar y los recursos son demasiado ajustados. Estos son algunos temas, pero hay much\u00edsimos m\u00e1s en los que vamos avanzando.<\/p>\n\n\n\n<p><strong>\u00bfC\u00f3mo hab\u00e9is vivido desde el Consejo los procesos electorales despu\u00e9s de la anulaci\u00f3n del voto rogado? \u00bfCu\u00e1l ha sido vuestra percepci\u00f3n, vuestra cr\u00edtica y aquello que se pueda trasmitir al gobierno para que en el futuro mejoren las cosas?<\/strong><\/p>\n\n\n\n<p>La verdad es que evidentemente, con la derogaci\u00f3n del voto rogado ha habido un gran avance. El proceso de voto es mucho m\u00e1s sencillo ahora pero todav\u00eda quedan unos puntos que se deber\u00edan mejorar o subsanar, por ejemplo en tema del n\u00famero de centros para dep\u00f3sito de votos en urna, o que en pa\u00edses con demarcaciones extensas, y donde mucha distancia hasta el centro de votaci\u00f3n m\u00e1s pr\u00f3ximo, y donde quiz\u00e1s el correo no funciona demasiado bien todav\u00eda son complejos; deber\u00eda haber m\u00e1s centros y al respecto se hizo un informe en diciembre del a\u00f1o pasado y esperamos que para las pr\u00f3ximas elecciones se aumenten estos centros de votaci\u00f3n. <\/p>\n\n\n\n<p>Se propusieron en ese informe alguna mejora m\u00e1s respecto al voto, y en eso se seguir\u00e1 trabajando durante los pr\u00f3ximos meses. Tambi\u00e9n nos preocupa no solo ya la parte operativa que se pueda mejorar, sino tambi\u00e9n volver a movilizar a todos los potenciales electores que despu\u00e9s de tantos a\u00f1os sin poder votar o teniendo que hacerlo con tr\u00e1mites muy engorrosos, que se vuelvan a animar a ir a las urnas. <\/p>\n\n\n\n<p>Es verdad que se ha recuperado parte de ese porcentaje de participaci\u00f3n que se hab\u00eda perdido, pero todav\u00eda no estamos en los niveles previos al voto rogado y ese s\u00ed que es un objetivo del Consejo General, porque cuanto m\u00e1s participaci\u00f3n desde el exterior, m\u00e1s se tendr\u00e1n en cuenta todas las demandas que podamos tener.<\/p>\n\n\n\n<p><strong>\u00bfC\u00f3mo est\u00e1n participando los CREs de distintos pa\u00edses dentro del organigrama de aportaciones al Consejo General de la Ciudadan\u00eda? \u00bfEst\u00e1n funcionando todos los CREs como deber\u00edan o crees que hay que darles un impulso?<\/strong><\/p>\n\n\n\n<p>La mayor\u00eda de miembros del Consejo provienen de Consejos de Residentes, entonces las propuestas s\u00ed tienen que venir a trav\u00e9s de miembros del Consejo General pero muchas de ellas se han consensuado en los respectivos CREE o incluso si surge alguna idea dentro de un CREE, al final el consejero general que haya en ese pa\u00eds, si lo estima oportuno, la elevar\u00e1 al Consejo. El nivel de participaci\u00f3n es muy variable. Hay pa\u00edses en los que se est\u00e1 funcionando bien, y hay pa\u00edses desde los que est\u00e1n llegando bastantes propuestas y otros desde donde llegan menos. El nivel de actividad es variable, pero la v\u00eda de comunicaci\u00f3n est\u00e1 ah\u00ed. De todas maneras nosotros como Consejo General siempre intentamos que la relaci\u00f3n con los CREE sea todo lo fluida posible pero depende en cada pa\u00eds de las din\u00e1micas internas. Pero la comunicaci\u00f3n en general es positiva. Las propuestas tienen que venir siempre de un miembro del Consejo. Personas que no pertenezcan al Consejo no pueden elevar directamente propuestas, pero lo que s\u00ed pueden hacer es envi\u00e1rselas a los consejeros.                           <\/p>\n","protected":false},"excerpt":{"rendered":"<p>Transcripci\u00f3n efectuada por Walter C. Medina ENTREVISTA a la Presidenta del Consejo General de Ciudadanos Espa\u00f1oles en el Exterior, Violeta Alonso, confirm\u00f3 que el &#8230; <\/p>\n<p class=\"read-more-container\"><a title=\"VIOLETA ALONSO\u201cTODAV\u00cdA QUEDA MUCHO POR RECORRER\u201d\" class=\"read-more button\" href=\"https:\/\/xn--tuvozdiasporaespaola-k7b.com\/page\/2\/violeta-alonsotodavia-queda-mucho-por-recorrer\/#more-3767\" aria-label=\"M\u00e1s en VIOLETA ALONSO\u201cTODAV\u00cdA QUEDA MUCHO POR RECORRER\u201d\">Leer m\u00e1s<\/a><\/p>\n","protected":false},"author":222560522,"featured_media":3684,"comment_status":"open","ping_status":"open","sticky":false,"template":"","format":"standard","meta":{"footnotes":""},"categories":[121854],"tags":[],"class_list":["post-3767","post","type-post","status-publish","format-standard","has-post-thumbnail","hentry","category-consejo-de-residentes-espanoles","resize-featured-image"],"_links":{"self":[{"href":"https:\/\/xn--tuvozdiasporaespaola-k7b.com\/page\/2\/wp-json\/wp\/v2\/posts\/3767","targetHints":{"allow":["GET"]}}],"collection":[{"href":"https:\/\/xn--tuvozdiasporaespaola-k7b.com\/page\/2\/wp-json\/wp\/v2\/posts"}],"about":[{"href":"https:\/\/xn--tuvozdiasporaespaola-k7b.com\/page\/2\/wp-json\/wp\/v2\/types\/post"}],"author":[{"embeddable":true,"href":"https:\/\/xn--tuvozdiasporaespaola-k7b.com\/page\/2\/wp-json\/wp\/v2\/users\/222560522"}],"replies":[{"embeddable":true,"href":"https:\/\/xn--tuvozdiasporaespaola-k7b.com\/page\/2\/wp-json\/wp\/v2\/comments?post=3767"}],"version-history":[{"count":3,"href":"https:\/\/xn--tuvozdiasporaespaola-k7b.com\/page\/2\/wp-json\/wp\/v2\/posts\/3767\/revisions"}],"predecessor-version":[{"id":3789,"href":"https:\/\/xn--tuvozdiasporaespaola-k7b.com\/page\/2\/wp-json\/wp\/v2\/posts\/3767\/revisions\/3789"}],"wp:featuredmedia":[{"embeddable":true,"href":"https:\/\/xn--tuvozdiasporaespaola-k7b.com\/page\/2\/wp-json\/wp\/v2\/media\/3684"}],"wp:attachment":[{"href":"https:\/\/xn--tuvozdiasporaespaola-k7b.com\/page\/2\/wp-json\/wp\/v2\/media?parent=3767"}],"wp:term":[{"taxonomy":"category","embeddable":true,"href":"https:\/\/xn--tuvozdiasporaespaola-k7b.com\/page\/2\/wp-json\/wp\/v2\/categories?post=3767"},{"taxonomy":"post_tag","embeddable":true,"href":"https:\/\/xn--tuvozdiasporaespaola-k7b.com\/page\/2\/wp-json\/wp\/v2\/tags?post=3767"}],"curies":[{"name":"wp","href":"https:\/\/api.w.org\/{rel}","templated":true}]}}