{"id":3763,"date":"2023-09-08T00:38:01","date_gmt":"2023-09-08T03:38:01","guid":{"rendered":"https:\/\/xn--tuvozdiasporaespaola-k7b.com\/page\/2\/?p=3763"},"modified":"2023-09-11T19:27:08","modified_gmt":"2023-09-11T22:27:08","slug":"hay-que-ir-hacia-una-economia-autosuficiente-podemos-y-ecologia","status":"publish","type":"post","link":"https:\/\/xn--tuvozdiasporaespaola-k7b.com\/page\/2\/hay-que-ir-hacia-una-economia-autosuficiente-podemos-y-ecologia\/","title":{"rendered":"\u201cHAY QUE IR HACIA UNA ECONOM\u00cdA AUTOSUFICIENTE\u201d PODEMOS Y ECOLOGIA"},"content":{"rendered":"\n<p>Transcripci\u00f3n efectuada por Walter C. Medina<\/p>\n\n\n\n<p>ENTREVISTA A MICHAEL ARCONADA<\/p>\n\n\n\n<p>Entrevistado por Francisco L\u00f3pez y Roberto San Mart\u00edn para el programa \u201cCenizas de Babilonia-Di\u00e1spora Espa\u00f1ola\u201d (AM 830 Radio del Pueblo), Michael Arconada, licenciado  de la Universidad Aut\u00f3noma de Madrid,  activista e investigador, se refiri\u00f3 a la necesidad de implementar pol\u00edticas econ\u00f3micas que prioricen en la protecci\u00f3n y el cuidado del medioambiente. \u201c<em>Es la mejor forma de conectar con la tierra para regenerarlo, transformarlo y transform\u00e1ndonos\u201d<\/em>.<\/p>\n\n\n\n<p><strong>\u00bfQu\u00e9 estamos haciendo mal para que el mundo est\u00e9 tan revuelto como est\u00e1 a nivel ecol\u00f3gico?<\/strong><\/p>\n\n\n\n<p>Como especie humana estamos desconectados, hablando a nivel global. Hemos creado una civilizaci\u00f3n que se va a caer por su propio peso, porque no puede seguir creciendo y devorando a todos los ecosistemas del planeta Tierra.<\/p>\n\n\n\n<p>Y estamos en esa vor\u00e1gine de devorar de los ecosistemas, en los cambios clim\u00e1ticos que los seres humanos estamos generando. Y estamos en esa disyuntiva; que las personas que se quieran reconectar con la naturaleza, y sobre todo a trav\u00e9s de hueros ecol\u00f3gicos, que es la mejor forma de conectar con la tierra para regenerarlo, transformarlo y transform\u00e1ndonos, al mismo tiempo, los seres humanos para regenerarnos. <\/p>\n\n\n\n<p>Es decir, que podemos cambiar una econom\u00eda de destrucci\u00f3n en una econom\u00eda de autosuficiencia; con menos, que es m\u00e1s.<\/p>\n\n\n\n<figure class=\"wp-block-gallery has-nested-images columns-default is-cropped wp-block-gallery-1 is-layout-flex wp-block-gallery-is-layout-flex\">\n<figure class=\"wp-block-image size-large\"><img fetchpriority=\"high\" decoding=\"async\" width=\"518\" height=\"600\" data-id=\"3772\" src=\"https:\/\/xn--tuvozdiasporaespaola-k7b.com\/wp-content\/uploads\/2023\/09\/1000147772.jpg\" alt=\"\" class=\"wp-image-3772\"\/><\/figure>\n<figcaption class=\"blocks-gallery-caption wp-element-caption\">MICHAEL ARCONADA<\/figcaption><\/figure>\n\n\n\n<p> <strong>\u00bfY estamos a tiempo de ello?<\/strong><\/p>\n\n\n\n<p>Estamos muy a tiempo. Si os pudiera enviar fotos de estas comunidades ecol\u00f3gicas que estamos coordinando aqu\u00ed en Italia, ver\u00edan que hay una abundancia extraordinaria. Es decir, de una semilla mil semillas. <\/p>\n\n\n\n<p>Si cuidamos los campos ecol\u00f3gicos y los cultivamos de una forma inteligente, la naturaleza te recompensa con una abundancia tan extraordinaria que entonces te reconectas, te ilusionas, te regeneras y empiezas a dar las gracias a la naturaleza por esa abundancia, por ser tan generosa con los seres humanos que han sido tan destructivos.<\/p>\n\n\n\n<p>As\u00ed y todo podemos regenerarla siendo capaces de poner nuestras manos en huertos ecol\u00f3gicos comunitarios en cada pueblo, en cada aldea, en cada regi\u00f3n; eso se puede hacer. Las comunidades locales toman posesi\u00f3n de los medios de producci\u00f3n. <\/p>\n\n\n\n<p>Y eso es muy poderoso porque es un procedimiento de tomar control, de adquirir una soberan\u00eda alimentaria y energ\u00e9tica de materiales presentes en las bio-regiones lindantes y propias, y genera unos procedimientos que son sostenibles y superabundantes de producci\u00f3n, sobre todo de soberan\u00eda alimentaria y energ\u00e9tica.<\/p>\n\n\n\n<p><strong>Habr\u00eda gente que considerase que esto es un comunismo de regreso al Siglo XIX, que considerase que la propiedad privada y el desarrollo estuvieran en peligro por esta idea del ecologismo. Me imagino que tienes una respuesta contra esta falacia.<\/strong><\/p>\n\n\n\n<p>Ha habido un proceso hist\u00f3rico, evolutivo de los seres humanos; hemos pasado por vicisitudes de comunismos, de fascismos, hasta la revoluci\u00f3n neoliberal en la que nos encontramos; de opresi\u00f3n que lleva a la autodestrucci\u00f3n. Como seres humanos tenemos que saber navegar de una forma inteligente y no quedarnos en t\u00e9rminos que pueden ser m\u00e1s o menos filos\u00f3ficos que pueden ser obsoletos, sino reinventarnos; focalizarnos de una forma emp\u00edrica es lo m\u00e1s importante.<\/p>\n\n\n\n<figure class=\"wp-block-gallery has-nested-images columns-default is-cropped wp-block-gallery-2 is-layout-flex wp-block-gallery-is-layout-flex\">\n<figure class=\"wp-block-image size-large\"><img decoding=\"async\" width=\"800\" height=\"400\" data-id=\"3775\" src=\"https:\/\/xn--tuvozdiasporaespaola-k7b.com\/wp-content\/uploads\/2023\/09\/1000147776-1.jpg\" alt=\"\" class=\"wp-image-3775\"\/><\/figure>\n<\/figure>\n\n\n\n<p>Lo m\u00e1s importante como seres humanos es adquirir una soberan\u00eda alimentaria y energ\u00e9tica, viviendas, estructuras de trabajo, materiales limpios, educaci\u00f3n, sanidad, cultura, artes, ciencia, desde y alrededor de los jardines y huertos ecol\u00f3gicos en cada bio-regi\u00f3n, pueblo, y en cada aldea. Y esto como una unidad esencial del nuevo funcionamiento ecol\u00f3gico y econ\u00f3mico, y de la formaci\u00f3n de la nueva econom\u00eda en un entramado pol\u00edtico ecol\u00f3gico de municipios del cambio, de estructuras de Podemos, que estamos vivos y tenemos que regenerarnos.<\/p>\n\n\n\n<p>Tenemos que regenerarnos a nosotros mismos para que la ciudadan\u00eda pueda vivir esa abundancia que el planeta y la naturaleza nos ofrece. Estamos hablando de un cambio de paradigma, de jugar con la pol\u00edtica. Para realizar este cambio debe haber m\u00e1s voluntad pol\u00edtica que econ\u00f3mica, porque sin pol\u00edtica no hay desarrollo posible para acercarse a la madre naturaleza.<\/p>\n\n\n\n<p>La parte pol\u00edtica debe generar procesos que sean cambiantes, verificables y que produzcan transformaciones a nivel del tejido comunitario, de lo que somos como seres humanos, de saber regenerarnos y vivir la vida aut\u00e9ntica. Podemos intervenir a nivel de comunidad y a nivel pol\u00edtico; y debemos, porque la mejor forma de intervenir es a trav\u00e9s de comunidades ecol\u00f3gicas y de transformaci\u00f3n en cada pueblo, en cada comunidad y en cada ecosistema. Y organiz\u00e1ndonos de forma pol\u00edtica, porque no se puede separar la ecolog\u00eda de la econom\u00eda ni de la pol\u00edtica, todo est\u00e1 interconectado. <\/p>\n\n\n\n<figure class=\"wp-block-gallery has-nested-images columns-default is-cropped wp-block-gallery-3 is-layout-flex wp-block-gallery-is-layout-flex\">\n<figure class=\"wp-block-image size-large\"><img decoding=\"async\" width=\"686\" height=\"386\" data-id=\"3777\" src=\"https:\/\/xn--tuvozdiasporaespaola-k7b.com\/wp-content\/uploads\/2023\/09\/1000147775.jpg\" alt=\"\" class=\"wp-image-3777\"\/><\/figure>\n<\/figure>\n\n\n\n<p><strong>Despu\u00e9s de las elecciones en Espa\u00f1a, \u00bfc\u00f3mo crees que tiene que reiniciar Podemos ese proceso de transformaci\u00f3n para afianzar todo lo conseguido?   <\/strong><\/p>\n\n\n\n<p>He realizado un manifiesto, al que llamo \u201c<em><strong>Manifiesto Regeneraci\u00f3n Reconstrucci\u00f3n Podemos 2023<\/strong><\/em>\u201d. Es una reflexi\u00f3n sobre lo que consideramos en Podemos muy importante. La regeneraci\u00f3n y reconstrucci\u00f3n de Podemos, abordando las causas \u00faltimas a nivel de ra\u00edz de la problem\u00e1tica interna que, entre otras causas, est\u00e1 la falta de democracia interna, es decir la imposici\u00f3n de arriba abajo y la supresi\u00f3n y falta de comunicaci\u00f3n desde las bases al liderazgo.<\/p>\n\n\n\n<p>Y junto con esto, la falta de igualdad de oportunidades dentro de Podemos, sobre todo de cara a las elecciones primarias. Esto yo lo sufr\u00ed personalmente en las primarias de la Comunidad de Madrid.<\/p>\n\n\n\n<p>Lo present\u00e9 en garant\u00edas pero los comit\u00e9s de garant\u00edas no existen o no responden de una forma inmediata. Entonces tenemos que refundar y regenerar Podemos. Si somos honestos y sinceros, estas condiciones nefastas perduran en el tiempo hasta ahora mismo y constituyen las causas \u00faltimas del desgaste de Podemos, los batacazos electorales progresivos y la p\u00e9rdida de credibilidad.<\/p>\n\n\n\n<p>Estas causas sin soluciones, a nivel de ra\u00edz, nos llevan a la desmotivaci\u00f3n, al desgaste y a la p\u00e9rdida de credibilidad. No es hora de perdernos en miedos del malestar reinante, sino que tenemos que tener el coraje, la audacia de enfrentar la verdad y reconocer las soluciones necesarias. <\/p>\n\n\n\n<p>Fundamentalmente: Capacitar a Podemos, regenerar a Podemos para que se transforme en el veh\u00edculo \u00f3ptimo de la ciudadan\u00eda en la formaci\u00f3n de las coaliciones y agrupaciones de izquierda. <\/p>\n\n\n\n<figure class=\"wp-block-gallery has-nested-images columns-default is-cropped wp-block-gallery-4 is-layout-flex wp-block-gallery-is-layout-flex\">\n<figure class=\"wp-block-image size-large\"><img loading=\"lazy\" decoding=\"async\" width=\"1057\" height=\"397\" data-id=\"3778\" src=\"https:\/\/xn--tuvozdiasporaespaola-k7b.com\/wp-content\/uploads\/2023\/09\/1000147777.jpg\" alt=\"\" class=\"wp-image-3778\"\/><\/figure>\n<\/figure>\n\n\n\n<p>Es imperativo especificar, delinear estas soluciones a nivel de ra\u00edz para que se puedan implementar lo antes posible, para dotar a Podemos de las estructuras tanto adentro como afuera, que son generadoras de \u00e9xitos en las pr\u00f3ximas elecciones. Esta propuesta, este manifiesto de reconstrucci\u00f3n de Podemos, debe llegar a todos los c\u00edrculos, para su consenso, para su discusi\u00f3n y ampliaci\u00f3n, aprobaci\u00f3n y env\u00edo urgente de todas las bases a Podemos estatal.                                                  <\/p>\n","protected":false},"excerpt":{"rendered":"<p>Transcripci\u00f3n efectuada por Walter C. Medina ENTREVISTA A MICHAEL ARCONADA Entrevistado por Francisco L\u00f3pez y Roberto San Mart\u00edn para el programa \u201cCenizas de Babilonia-Di\u00e1spora &#8230; <\/p>\n<p class=\"read-more-container\"><a title=\"\u201cHAY QUE IR HACIA UNA ECONOM\u00cdA AUTOSUFICIENTE\u201d PODEMOS Y ECOLOGIA\" class=\"read-more button\" href=\"https:\/\/xn--tuvozdiasporaespaola-k7b.com\/page\/2\/hay-que-ir-hacia-una-economia-autosuficiente-podemos-y-ecologia\/#more-3763\" aria-label=\"M\u00e1s en \u201cHAY QUE IR HACIA UNA ECONOM\u00cdA AUTOSUFICIENTE\u201d PODEMOS Y ECOLOGIA\">Leer m\u00e1s<\/a><\/p>\n","protected":false},"author":222560522,"featured_media":3776,"comment_status":"open","ping_status":"open","sticky":false,"template":"","format":"standard","meta":{"footnotes":""},"categories":[121850],"tags":[],"class_list":["post-3763","post","type-post","status-publish","format-standard","has-post-thumbnail","hentry","category-politica","resize-featured-image"],"_links":{"self":[{"href":"https:\/\/xn--tuvozdiasporaespaola-k7b.com\/page\/2\/wp-json\/wp\/v2\/posts\/3763","targetHints":{"allow":["GET"]}}],"collection":[{"href":"https:\/\/xn--tuvozdiasporaespaola-k7b.com\/page\/2\/wp-json\/wp\/v2\/posts"}],"about":[{"href":"https:\/\/xn--tuvozdiasporaespaola-k7b.com\/page\/2\/wp-json\/wp\/v2\/types\/post"}],"author":[{"embeddable":true,"href":"https:\/\/xn--tuvozdiasporaespaola-k7b.com\/page\/2\/wp-json\/wp\/v2\/users\/222560522"}],"replies":[{"embeddable":true,"href":"https:\/\/xn--tuvozdiasporaespaola-k7b.com\/page\/2\/wp-json\/wp\/v2\/comments?post=3763"}],"version-history":[{"count":5,"href":"https:\/\/xn--tuvozdiasporaespaola-k7b.com\/page\/2\/wp-json\/wp\/v2\/posts\/3763\/revisions"}],"predecessor-version":[{"id":3792,"href":"https:\/\/xn--tuvozdiasporaespaola-k7b.com\/page\/2\/wp-json\/wp\/v2\/posts\/3763\/revisions\/3792"}],"wp:featuredmedia":[{"embeddable":true,"href":"https:\/\/xn--tuvozdiasporaespaola-k7b.com\/page\/2\/wp-json\/wp\/v2\/media\/3776"}],"wp:attachment":[{"href":"https:\/\/xn--tuvozdiasporaespaola-k7b.com\/page\/2\/wp-json\/wp\/v2\/media?parent=3763"}],"wp:term":[{"taxonomy":"category","embeddable":true,"href":"https:\/\/xn--tuvozdiasporaespaola-k7b.com\/page\/2\/wp-json\/wp\/v2\/categories?post=3763"},{"taxonomy":"post_tag","embeddable":true,"href":"https:\/\/xn--tuvozdiasporaespaola-k7b.com\/page\/2\/wp-json\/wp\/v2\/tags?post=3763"}],"curies":[{"name":"wp","href":"https:\/\/api.w.org\/{rel}","templated":true}]}}