{"id":3752,"date":"2023-09-09T23:14:26","date_gmt":"2023-09-10T02:14:26","guid":{"rendered":"https:\/\/xn--tuvozdiasporaespaola-k7b.com\/page\/2\/?p=3752"},"modified":"2023-09-10T07:23:26","modified_gmt":"2023-09-10T10:23:26","slug":"chile-50-anos-del-golpe-contra-salvador-allende","status":"publish","type":"post","link":"https:\/\/xn--tuvozdiasporaespaola-k7b.com\/page\/2\/chile-50-anos-del-golpe-contra-salvador-allende\/","title":{"rendered":"CHILE: \u00bb 50 A\u00d1OS\u00bb del Golpe contra Salvador Allende."},"content":{"rendered":"\n<p>Por Roberto San Mart\u00edn, Argentina.<\/p>\n\n\n\n<p>En una fecha como la que se avecina, es necesario recordar un poco de lo que pas\u00f3 en Chile en septiembre de 1973, concretamente, el 11 de septiembre. <\/p>\n\n\n\n<p>El pr\u00f3ximo lunes se cumplen 50 a\u00f1os de un hecho que cambi\u00f3 el paradigma del liberalismo en el mundo, acerc\u00e1ndolo a un neofascismo actualmente vigente y de triste moda. Habr\u00e1 partidarios y detractores, pero, independientemente de las pasiones de cada uno, debemos de mirar el hecho como un importante acontecimiento hist\u00f3rico que cambi\u00f3 el devenir del pa\u00eds austral-andino.<\/p>\n\n\n\n<figure class=\"wp-block-gallery has-nested-images columns-default is-cropped wp-block-gallery-1 is-layout-flex wp-block-gallery-is-layout-flex\">\n<figure class=\"wp-block-image size-large\"><img fetchpriority=\"high\" decoding=\"async\" width=\"547\" height=\"344\" data-id=\"3760\" src=\"https:\/\/xn--tuvozdiasporaespaola-k7b.com\/wp-content\/uploads\/2023\/09\/1000147733.png\" alt=\"\" class=\"wp-image-3760\"\/><\/figure>\n<\/figure>\n\n\n\n<p>En las elecciones presidenciales de 1970, Allende lider\u00f3 las votaciones, aunque no lleg\u00f3 al 40 por ciento. A pesar de las evidencias, s\u00f3lo cerca de las 22 horas, Radomiro Tomic admiti\u00f3 su tercer lugar en la sede de la Democracia Cristiana. Desde all\u00ed partieron grupos de j\u00f3venes DC en direcci\u00f3n a la sede del Partido Socialista voceando consignas de apoyo al nuevo Presidente. En la DC los sentimientos eran ambiguos. Patricio Aylwin record\u00f3 a\u00f1os despu\u00e9s<\/p>\n\n\n\n<p><em> \u00abUna cosa era clara entre nosotros: si bien est\u00e1bamos muy preocupados, dec\u00edamos &#8216;menos mal que gan\u00f3 Allende y no gan\u00f3 Alessandri&#8217;. Ve\u00edamos con m\u00e1s simpat\u00eda a Allende que a Alessandri, con m\u00e1s cercan\u00eda a la izquierda que a la derecha. Esa posici\u00f3n era generalizada, porque en el antiguo falangista y en el militante medio, la derecha provocaba alergia\u00bb.<\/em><\/p>\n\n\n\n<p>A\u00fan faltaba que el gobierno de Eduardo Frei Montalva reconociera el triunfo de la UP (Unidad Popular) oficialmente, lo que manten\u00eda tensos a Allende y a sus seguidores. S\u00f3lo cerca de las 23.00 horas se autorizaron las celebraciones .Vinieron las fiestas hasta altas horas de la madrugada. Esa noche, Allende no durmi\u00f3 en su casa de Guardia Vieja, en Providencia. Se refugi\u00f3 en el hogar del padre de Eduardo Paredes, el hombre que nombrar\u00eda como director de la Polic\u00eda de Investigaciones. A los pocos minutos de traspasar la puerta son\u00f3 el tel\u00e9fono. La operadora anunci\u00f3 una llamada del extranjero para Salvador Allende. Era Fidel Castro. Desde La Habana lo llamaba para felicitarle. A partir de esa noche y hasta el 4 de noviembre, d\u00eda en que se materializ\u00f3 la transmisi\u00f3n del mando, Allende dormir\u00eda cada noche en una casa diferente. Otra vida comenzaba para \u00e9l y para todos los chilenos.<\/p>\n\n\n\n<p>El 16 de septiembre de 1970, hubo una reuni\u00f3n de la CIA presidida por su director Richard Helms para analizar la situaci\u00f3n chilena. En los documentos desclasificados, se lee que el Presidente Nixon pidi\u00f3 a la CIA impedir que Allende asumiera el poder o que lo desalojara de \u00e9l, para lo que destin\u00f3 10 millones de d\u00f3lares. Allende no cay\u00f3. Pero el paso del tiempo, lejos de disminuir, acrecent\u00f3 la creencia de que las maniobras para terminar con el gobierno emanadas desde la CIA y la derecha continuaban.<\/p>\n\n\n\n<figure class=\"wp-block-gallery has-nested-images columns-default is-cropped wp-block-gallery-2 is-layout-flex wp-block-gallery-is-layout-flex\">\n<figure class=\"wp-block-image size-large\"><img decoding=\"async\" width=\"470\" height=\"313\" data-id=\"3759\" src=\"https:\/\/xn--tuvozdiasporaespaola-k7b.com\/wp-content\/uploads\/2023\/09\/1000147735.jpg\" alt=\"\" class=\"wp-image-3759\"\/><\/figure>\n<\/figure>\n\n\n\n<p>El asesinato del ex ministro DC Edmundo P\u00e9rez Zujovic ocurrido el 8 de junio de 1971 fue visto por la izquierda como una artima\u00f1a para apartar a la DC definitivamente de la UP. Se cuenta que 15 j\u00f3venes, cinco del Partido Comunista, cinco del MIR (Movimiento de Izquierda Revolucionaria, fundado en Chile en 1965 por Clotario Blest, Miguel Enr\u00edquez y Luis Vitale) y cinco del Partido Socialista partieron a fines de 1970 por seis meses a recibir instrucci\u00f3n a La Habana para enfrentar alg\u00fan golpe de Estado.<\/p>\n\n\n\n<p>Estando all\u00ed, fue el mismo Fidel quien les inform\u00f3 del asesinato de P\u00e9rez Zujovic. Uno de esos j\u00f3venes an\u00f3nimos declar\u00f3 tiempo despu\u00e9s: \u00ab<em>Todos pensamos que era un atentado ejecutado por la derecha para provocar a la DC. Fidel pens\u00f3 lo mismo, porque ese mismo d\u00eda nos dijo que \u00edbamos a tener que lanzarnos en paraca\u00eddas sobre territorio chileno porque ese asesinato era un movimiento que preparaba el golpe. Y no fueron s\u00f3lo palabras. Nos hicieron un entrenamiento r\u00e1pido como de 48 horas de lanzamiento en paraca\u00eddas\u00bb.<\/em><\/p>\n\n\n\n<p>En Washington, el Presidente Nixon pens\u00f3 que el asesinato hab\u00eda sido orquestado por su central de inteligencia. Pidi\u00f3 un informe y eljefe de la CIA en Santiago asegur\u00f3 que el asesino hab\u00eda sido un ex mirista del VOP (Vanguardia Organizada del Pueblo, revoltijo ideol\u00f3gico liderado por Ronald Rivera Calder\u00f3n). Nixon no qued\u00f3 conforme y sigui\u00f3 manifestando sus dudas. Ante ellas, Kissinger le se\u00f1al\u00f3:<em> \u00bfPor qu\u00e9 lo habr\u00edamos asesinado nosotros si era nuestro m\u00e1s firme partidario?\u201d.<\/em><\/p>\n\n\n\n<p>El asesinato de P\u00e9rez Zujovic provoc\u00f3, de todos modos, varios quiebres. Mientras el sector m\u00e1s conservador de la DC opt\u00f3 por poner fin al acuerdo parlamentario con la UP (mediante el cual la DC ten\u00eda la presidencia del Senado y el oficialismo, la de la C\u00e1mara de Diputados), el ala m\u00e1s izquierdista se escindi\u00f3 del partido &#8211; entre ellos el diputado Luis Maira junto a otros cinco pares- para formar la Izquierda Cristiana, que se incorpor\u00f3 a la UP.<\/p>\n\n\n\n<p>Despu\u00e9s de la ca\u00edda de Carlos Prats, Pinochet asume la Comandancia en Jefe del Ej\u00e9rcito y solicita las renuncias a todos los generales. En esa \u00e9poca, las dudas sobre su pensamiento se acrecientan, tal como qued\u00f3 plasmado en la agenda del general Sergio Arellano Stark en agosto de1973: <em>\u00abPinochet insiste en que a fin de a\u00f1o llamar\u00eda a retiro a tres generales. \u00bfIndica esta l\u00ednea de conducta que estar\u00e1 de acuerdo con derrocar al r\u00e9gimen marxista? Es triste, pero debo reconocer que hemos empezado a perder la confianza en Augusto Pinochet. A  pesar de todo, y en esto discrepo de otros generales, soy partidario de avisarle a \u00faltima hora de nuestra decisi\u00f3n de derrocar al Gobierno de Salvador Allende, ya que necesitamos actuar como instituci\u00f3n y sin correr el riesgo de quiebres\u00bb<\/em>.<\/p>\n\n\n\n<p>Las FF.AA. chilenas decidieron que su intervenci\u00f3n se har\u00edaen los primeros d\u00edas de septiembre. Pero el golpe, comenz\u00f3 a fraguarse dentro de las FF.AA. mucho antes, en 1972, cuando el destino uni\u00f3 a tres hombres en Valpara\u00edso: el vicealmirante de la Armada Jos\u00e9 Toribio Merino, el general de Carabineros Arturo Yovane y el general de Ej\u00e9rcito Sergio Arellano Stark. En junio de 1973, muchos sab\u00edan del futuro pronunciamiento.<\/p>\n\n\n\n<p>El 25 de ese mes, se form\u00f3 la <em>\u00abCofrad\u00eda de Lo Curro\u00bb<\/em>, que discuti\u00f3 por primera vez en serio sobre una posible intervenci\u00f3n militar. A la reuni\u00f3n en la casa del abogado Jorge Gamboa en la Villa Amarilla, asisten Gustavo Leigh, segundo de la FACh (Fuerza A\u00e9rea de Chile), el vicealmirante Patricio Carvajal, el contraalmirante Ismael Huerta (en representaci\u00f3n de Jos\u00e9 Toribio Merino), los generales de Ej\u00e9rcito Arturo Vivero, Javier Palacios Ruhmann, Sergio Arellano Stark y Sergio Nu\u00f1o Bowden, y los generales del aire Francisco Herrera y Nicanor D\u00edaz Estrada. <\/p>\n\n\n\n<p>A esa primera reuni\u00f3n, a la que no asisti\u00f3 el general Oscar Bonilla, siguieron muchas m\u00e1s. En septiembre de 1973, Merino estaba pr\u00e1cticamente a la cabeza de la Armada, negociando cu\u00e1ndo asumir\u00eda el puesto en reemplazo de Ra\u00fal Montero (quien en los hechos sigui\u00f3 como Comandante en Jefe hasta el 11 de septiembre), lo que posibilitaba el golpe.<\/p>\n\n\n\n<p>Fue el 7 de septiembre cuando se decidi\u00f3 &#8211; con Pinochet a\u00fan desinformado- la fecha final del d\u00eda \u00abD\u00bb. Lo decidieron Merino, Arellano y el Jefe del Estado Mayor de la Defensa Nacional, contraalmirante Patricio Carvajal, en la oficina de este \u00faltimo. A Pinochet le inform\u00f3 primero Arellano Stark, y luego formalmente se lo hizo saber el domingo 9 Gustavo Leigh, y s\u00f3lo el lunes 10 se habr\u00eda tenido su respuesta positiva.<\/p>\n\n\n\n<p>El golpe del d\u00eda 11 de septiembre sorprendi\u00f3 a Allende y a sus seguidores, quienes lo esperaban para el viernes 14.<\/p>\n\n\n\n<p>Oscar Landerretche, ministro de Energ\u00eda de Frei Ruiz Tagle, en1973 era conocido como \u00abManuel\u00bb, el jefe de inteligencia y contrainteligencia del PS, dice sobre el 11 de septiembre: \u00ab<em>Me fui de inmediato a una casa de seguridad de Calle \u00d1uble. All\u00ed ten\u00edamos un barret\u00edn construido por los Tupamaros, con armamento pesado,el que nunca se hab\u00eda abierto porque estaba destinado a ser usado s\u00f3lo en caso de guerra. Hab\u00eda ametralladoras, antitanques, lanzacohetes\u00bb<\/em>.<\/p>\n\n\n\n<figure class=\"wp-block-gallery has-nested-images columns-default is-cropped wp-block-gallery-3 is-layout-flex wp-block-gallery-is-layout-flex\">\n<figure class=\"wp-block-image size-large\"><img decoding=\"async\" width=\"1800\" height=\"1200\" data-id=\"3758\" src=\"https:\/\/xn--tuvozdiasporaespaola-k7b.com\/wp-content\/uploads\/2023\/09\/1000147736.jpg\" alt=\"\" class=\"wp-image-3758\"\/><figcaption class=\"wp-element-caption\">El \u00e9xito de las primeras reformas econ\u00f3micas, que acabaron con la hiperinflaci\u00f3n, llev\u00f3 a hablar de \u00abmilagro econ\u00f3mico chileno\u00bb. Pinochet confi\u00f3 su pol\u00edtica de estabilizaci\u00f3n a los llamados \u00abChicago Boys\u00bb, economistas liberales chilenos procedentes de la Universidad de Chicago, que dirigieron su proyecto de un Chile \u00abde empresarios, no de proletarios\u00bb. Una de las consecuencias negativas de su pol\u00edtica econ\u00f3mica fue el deterioro social de las clases medias y bajas, que vieron fuertemente recortado su poder adquisivo.<\/figcaption><\/figure>\n<\/figure>\n\n\n\n<p>Finalmente, y como es de todos conocido, la izquierda fue superada por el poder\u00edo de las FF.AA., perdiendo el gobierno.<\/p>\n","protected":false},"excerpt":{"rendered":"<p>Por Roberto San Mart\u00edn, Argentina. En una fecha como la que se avecina, es necesario recordar un poco de lo que pas\u00f3 en Chile &#8230; <\/p>\n<p class=\"read-more-container\"><a title=\"CHILE: \u00bb 50 A\u00d1OS\u00bb del Golpe contra Salvador Allende.\" class=\"read-more button\" href=\"https:\/\/xn--tuvozdiasporaespaola-k7b.com\/page\/2\/chile-50-anos-del-golpe-contra-salvador-allende\/#more-3752\" aria-label=\"M\u00e1s en CHILE: \u00bb 50 A\u00d1OS\u00bb del Golpe contra Salvador Allende.\">Leer m\u00e1s<\/a><\/p>\n","protected":false},"author":222560522,"featured_media":3761,"comment_status":"open","ping_status":"open","sticky":false,"template":"","format":"standard","meta":{"footnotes":""},"categories":[121868],"tags":[],"class_list":["post-3752","post","type-post","status-publish","format-standard","has-post-thumbnail","hentry","category-latinoamerica","resize-featured-image"],"_links":{"self":[{"href":"https:\/\/xn--tuvozdiasporaespaola-k7b.com\/page\/2\/wp-json\/wp\/v2\/posts\/3752","targetHints":{"allow":["GET"]}}],"collection":[{"href":"https:\/\/xn--tuvozdiasporaespaola-k7b.com\/page\/2\/wp-json\/wp\/v2\/posts"}],"about":[{"href":"https:\/\/xn--tuvozdiasporaespaola-k7b.com\/page\/2\/wp-json\/wp\/v2\/types\/post"}],"author":[{"embeddable":true,"href":"https:\/\/xn--tuvozdiasporaespaola-k7b.com\/page\/2\/wp-json\/wp\/v2\/users\/222560522"}],"replies":[{"embeddable":true,"href":"https:\/\/xn--tuvozdiasporaespaola-k7b.com\/page\/2\/wp-json\/wp\/v2\/comments?post=3752"}],"version-history":[{"count":4,"href":"https:\/\/xn--tuvozdiasporaespaola-k7b.com\/page\/2\/wp-json\/wp\/v2\/posts\/3752\/revisions"}],"predecessor-version":[{"id":3785,"href":"https:\/\/xn--tuvozdiasporaespaola-k7b.com\/page\/2\/wp-json\/wp\/v2\/posts\/3752\/revisions\/3785"}],"wp:featuredmedia":[{"embeddable":true,"href":"https:\/\/xn--tuvozdiasporaespaola-k7b.com\/page\/2\/wp-json\/wp\/v2\/media\/3761"}],"wp:attachment":[{"href":"https:\/\/xn--tuvozdiasporaespaola-k7b.com\/page\/2\/wp-json\/wp\/v2\/media?parent=3752"}],"wp:term":[{"taxonomy":"category","embeddable":true,"href":"https:\/\/xn--tuvozdiasporaespaola-k7b.com\/page\/2\/wp-json\/wp\/v2\/categories?post=3752"},{"taxonomy":"post_tag","embeddable":true,"href":"https:\/\/xn--tuvozdiasporaespaola-k7b.com\/page\/2\/wp-json\/wp\/v2\/tags?post=3752"}],"curies":[{"name":"wp","href":"https:\/\/api.w.org\/{rel}","templated":true}]}}