{"id":3744,"date":"2023-09-06T08:44:26","date_gmt":"2023-09-06T11:44:26","guid":{"rendered":"https:\/\/xn--tuvozdiasporaespaola-k7b.com\/page\/2\/?p=3744"},"modified":"2023-09-06T08:45:16","modified_gmt":"2023-09-06T11:45:16","slug":"apologias-y-negacionismos","status":"publish","type":"post","link":"https:\/\/xn--tuvozdiasporaespaola-k7b.com\/page\/2\/apologias-y-negacionismos\/","title":{"rendered":"APOLOG\u00cdAS Y NEGACIONISMOS"},"content":{"rendered":"\n<p> Por Walter C. Medina ,ARGENTINA<\/p>\n\n\n\n<p> Por si algo le hac\u00eda falta al enrarecido escenario pol\u00edtico pre electoral, sobre el que se cierne una ultraderecha desbocada y potencialmente peligrosa, Victoria  Villarruel, candidata a vicepresidenta por La Libertad Avanza, se concedi\u00f3 el placer de escupir en la cara a la historia concretando un acto de homenaje a los responsables del genocidio ocurrido entre los a\u00f1os 1976 y 1983.<\/p>\n\n\n\n<p>El acto, que con la anuencia de Juntos por El Cambio se llev\u00f3 a cabo en la sede de la Legislatura Porte\u00f1a, tuvo como finalidad reflotar la \u201cTeor\u00eda de los dos demonios\u201d, legitimar el accionar de la Dictadura C\u00edvico-Militar y equiparar las acciones de organizaciones con el rol del Estado en el secuestro, tormento, asesinato y robo de beb\u00e9s.         <\/p>\n\n\n\n<p>La candidata a vicepresidenta por Libertad Avanza,se ha mostrado siempre en contra de los juicios de Lesa Humanidad que dieron por cerrada toda discusi\u00f3n respecto del  plan sistem\u00e1tico de secuestro, asesinato y desaparici\u00f3n de personas que se orquest\u00f3 desde el Estado y cuyos responsables fueron debidamente condenados.<\/p>\n\n\n\n<p> La postura de Victoria Villarruel al respecto es tan f\u00e9rrea como la convicci\u00f3n que la impulsa al delito de apolog\u00eda del genocidio. La candidata de LLA no reconoce la dictadura, la niega. De modo que en la falsa construcci\u00f3n que hace sobre la etapa m\u00e1s oscura de la historia reciente argentina, los cr\u00edmenes cometidos desde el Estado no fueron tales o, en todo caso, estuvieron \u201cjustificados\u201d. La abogada de 48 a\u00f1os se abri\u00f3 paso en la pol\u00edtica cuando en 2006 inici\u00f3 su militancia en las mal llamadas organizaciones \u201cde memoria completa\u201d, organizando  visitas a genocidas como Jorge Rafael Videla y Alfredo Astiz. <\/p>\n\n\n\n<p>Hija directa de la familia militar, Villarruel no encarna a un sector marginal sino que es la segunda en la lista m\u00e1s votada en las PASO y, en un hipot\u00e9tico triunfo de la ultraderecha en las generales de octubre, tendr\u00e1 a su cargo los ministerios de Seguridad, Defensa e Inteligencia.  <\/p>\n\n\n\n<figure class=\"wp-block-gallery has-nested-images columns-default is-cropped wp-block-gallery-1 is-layout-flex wp-block-gallery-is-layout-flex\">\n<figure class=\"wp-block-image size-large\"><img fetchpriority=\"high\" decoding=\"async\" width=\"750\" height=\"393\" data-id=\"3747\" src=\"https:\/\/xn--tuvozdiasporaespaola-k7b.com\/wp-content\/uploads\/2023\/09\/1000147293-1.jpg\" alt=\"\" class=\"wp-image-3747\"\/><\/figure>\n<\/figure>\n\n\n\n<p>VICTORIA VILLARRUEL Y JAVIER ORTEGA SMITH, JUNTOS POR EL FASCISMO<\/p>\n\n\n\n<p>El 1 de septiembre de 2019, el Secretario General de Vox, Javier Ortega Smith, brind\u00f3 en Buenos Aires un seminario junto a Victoria Villarruel, coordinadora, por ese entonces, de una organizaci\u00f3n que negaba los cr\u00edmenes de la dictadura y defend\u00eda a los responsables del genocidio. <\/p>\n\n\n\n<p>La visita del n\u00famero dos del partido conducido por Santiago Abascal tuvo como objetivo seducir a la derecha local m\u00e1s reaccionaria, supuestamente hu\u00e9rfana de representaci\u00f3n.<\/p>\n\n\n\n<p> La disertaci\u00f3n de Ortega Smith en la sede del Circuito Militar conquist\u00f3 a una facci\u00f3n de la sociedad argentina que dice no sentirse representada por la clase pol\u00edtica. <\/p>\n\n\n\n<p>Al mismo tiempo, Vox sent\u00f3 las bases para la futura irrupci\u00f3n de su partido en Argentina. \u00ab<strong>Me atrevo a vaticinar que puede haber un 30% de los argentinos que est\u00e9 buscando a alguien que realmente le represente\u00bb, asegur\u00f3 Ortega Smith,<\/strong> frente a un auditorio abarrotado\u201d, publicaba el Diario Nueva Tribuna el 9 de noviembre de 2019.Villarruel y Ortega Smith celebraban de este modo sus respectivas y coincidentes posturas.<\/p>\n\n\n\n<figure class=\"wp-block-gallery has-nested-images columns-default is-cropped wp-block-gallery-2 is-layout-flex wp-block-gallery-is-layout-flex\">\n<figure class=\"wp-block-image size-large\"><img decoding=\"async\" width=\"800\" height=\"450\" data-id=\"3748\" src=\"https:\/\/xn--tuvozdiasporaespaola-k7b.com\/wp-content\/uploads\/2023\/09\/1000147291.jpg\" alt=\"\" class=\"wp-image-3748\"\/><\/figure>\n<\/figure>\n\n\n\n<p>As\u00ed como en Espa\u00f1a Vox practica sin pudor la apolog\u00eda del franquismo, la derecha argentina, con Milei y Villarruel a la cabeza, a\u00f1oran los a\u00f1os de plomo y justifican cualquier aberraci\u00f3n cometidas por los genocidas a los que consideran \u201cpatriotas\u201d.<\/p>\n\n\n\n<p>Aquel encuentro en el Circuito Militar sent\u00f3 las bases sobre las que la potencial vicepresidenta se sustenta: La complicidad con las altas esferas del poder militar, a quien Villarruel viene endulzando, desde hace tiempo, con oscur\u00edsimas intenciones.    <\/p>\n","protected":false},"excerpt":{"rendered":"<p>Por Walter C. Medina ,ARGENTINA Por si algo le hac\u00eda falta al enrarecido escenario pol\u00edtico pre electoral, sobre el que se cierne una ultraderecha &#8230; <\/p>\n<p class=\"read-more-container\"><a title=\"APOLOG\u00cdAS Y NEGACIONISMOS\" class=\"read-more button\" href=\"https:\/\/xn--tuvozdiasporaespaola-k7b.com\/page\/2\/apologias-y-negacionismos\/#more-3744\" aria-label=\"M\u00e1s en APOLOG\u00cdAS Y NEGACIONISMOS\">Leer m\u00e1s<\/a><\/p>\n","protected":false},"author":222560522,"featured_media":3749,"comment_status":"open","ping_status":"open","sticky":false,"template":"","format":"standard","meta":{"footnotes":""},"categories":[121850],"tags":[],"class_list":["post-3744","post","type-post","status-publish","format-standard","has-post-thumbnail","hentry","category-politica","resize-featured-image"],"_links":{"self":[{"href":"https:\/\/xn--tuvozdiasporaespaola-k7b.com\/page\/2\/wp-json\/wp\/v2\/posts\/3744","targetHints":{"allow":["GET"]}}],"collection":[{"href":"https:\/\/xn--tuvozdiasporaespaola-k7b.com\/page\/2\/wp-json\/wp\/v2\/posts"}],"about":[{"href":"https:\/\/xn--tuvozdiasporaespaola-k7b.com\/page\/2\/wp-json\/wp\/v2\/types\/post"}],"author":[{"embeddable":true,"href":"https:\/\/xn--tuvozdiasporaespaola-k7b.com\/page\/2\/wp-json\/wp\/v2\/users\/222560522"}],"replies":[{"embeddable":true,"href":"https:\/\/xn--tuvozdiasporaespaola-k7b.com\/page\/2\/wp-json\/wp\/v2\/comments?post=3744"}],"version-history":[{"count":3,"href":"https:\/\/xn--tuvozdiasporaespaola-k7b.com\/page\/2\/wp-json\/wp\/v2\/posts\/3744\/revisions"}],"predecessor-version":[{"id":3751,"href":"https:\/\/xn--tuvozdiasporaespaola-k7b.com\/page\/2\/wp-json\/wp\/v2\/posts\/3744\/revisions\/3751"}],"wp:featuredmedia":[{"embeddable":true,"href":"https:\/\/xn--tuvozdiasporaespaola-k7b.com\/page\/2\/wp-json\/wp\/v2\/media\/3749"}],"wp:attachment":[{"href":"https:\/\/xn--tuvozdiasporaespaola-k7b.com\/page\/2\/wp-json\/wp\/v2\/media?parent=3744"}],"wp:term":[{"taxonomy":"category","embeddable":true,"href":"https:\/\/xn--tuvozdiasporaespaola-k7b.com\/page\/2\/wp-json\/wp\/v2\/categories?post=3744"},{"taxonomy":"post_tag","embeddable":true,"href":"https:\/\/xn--tuvozdiasporaespaola-k7b.com\/page\/2\/wp-json\/wp\/v2\/tags?post=3744"}],"curies":[{"name":"wp","href":"https:\/\/api.w.org\/{rel}","templated":true}]}}