{"id":3737,"date":"2023-09-05T00:45:31","date_gmt":"2023-09-05T03:45:31","guid":{"rendered":"https:\/\/xn--tuvozdiasporaespaola-k7b.com\/page\/2\/?p=3737"},"modified":"2023-09-05T00:45:32","modified_gmt":"2023-09-05T03:45:32","slug":"villarruel-la-vicepresidenta-de-milei-reivindica-la-dictadura","status":"publish","type":"post","link":"https:\/\/xn--tuvozdiasporaespaola-k7b.com\/page\/2\/villarruel-la-vicepresidenta-de-milei-reivindica-la-dictadura\/","title":{"rendered":"VILLARRUEL la vicepresidenta de Milei reivindica la dictadura\u00a0"},"content":{"rendered":"\n<p>Micaela Roldan , Argentina <\/p>\n\n\n\n<p>Victoria Villarruel, candidata a la vicepresidencia en la candidatura de Javier Milei&nbsp; por el Partido&nbsp; Fascista amigo de VOX&nbsp; libertad Avanza en Argentina, ha dado un nuevo paso, exponiendo sus verdaderos or\u00edgenes ultraderechistas,&nbsp; desatando un esc\u00e1ndalo por organizar un evento oficial que niega los cr\u00edmenes de lesa humanidad cometidos por los militares durante la \u00faltima dictadura en ese pa\u00eds (1976-1983) y que dejaron un saldo de 30.000 desaparecidos infinidad de mujeres violadas y Beb\u00e9s Robados.<\/p>\n\n\n\n<p><strong>&nbsp;<\/strong>Lo mas grave de este&nbsp; <strong>\u00abHomenaje a las v\u00edctimas del terrorismo\u00bb<\/strong> es que se realizaron  en la Legislatura de la Ciudad de Buenos Aires, sede oficial y representativa del gobierno de la Ciudad de tintes derechistas.&nbsp;<\/p>\n\n\n\n<figure class=\"wp-block-pullquote\"><blockquote><p><strong>Organismos de derechos humanos marchar\u00e1n para recordar los cr\u00edmenes de lesa humanidad cometidos por los represores.<\/strong><\/p><\/blockquote><\/figure>\n\n\n\n<p>De manera simult\u00e1nea tambi\u00e9n se desarrollo&nbsp; una marcha de repudio ante el negacionismo que empieza a inundar el debate p\u00fablico, justo el a\u00f1o en el que se cumplen 40 a\u00f1os de la llegada  de la democracia.<\/p>\n\n\n\n<figure class=\"wp-block-gallery has-nested-images columns-default is-cropped wp-block-gallery-1 is-layout-flex wp-block-gallery-is-layout-flex\">\n<figure class=\"wp-block-image size-large\"><img fetchpriority=\"high\" decoding=\"async\" width=\"480\" height=\"270\" data-id=\"3741\" src=\"https:\/\/xn--tuvozdiasporaespaola-k7b.com\/wp-content\/uploads\/2023\/09\/1000146635.webp\" alt=\"\" class=\"wp-image-3741\"\/><figcaption class=\"wp-element-caption\">Victoria Villarruel, candidata de la ultraderecha a la vicepresidencia.<\/figcaption><\/figure>\n<\/figure>\n\n\n\n<p>Villarruel, quien es actualmente diputada, es conocida  por crear una organizaci\u00f3n que promueve la llamada <strong>\u00abteor\u00eda de los dos demonios\u00bb<\/strong>, una narrativa que pretende hacer creer que en Argentina una hubo una guerra entre partes equivalentes: por un lado, los militares que dieron el golpe de Estado en 1976, y por otro las guerrillas Montoneros y Ej\u00e9rcito Revolucionario del Pueblo (ERP).<\/p>\n\n\n\n<figure class=\"wp-block-embed is-type-rich is-provider-twitter wp-block-embed-twitter\"><div class=\"wp-block-embed__wrapper\">\n<blockquote class=\"twitter-tweet\" data-width=\"550\" data-dnt=\"true\"><p lang=\"es\" dir=\"ltr\">? Entre 1976 y 1983, en nuestro pa\u00eds hubo terrorismo de Estado, NO dos demonios.<br><br>? Como vemos en esta escena de 1986 &#8211; del documental &quot;\u00bfQui\u00e9n soy yo?&quot; &#8211; las Madres y las Abuelas de Plaza de Mayo lo explicaron con infinita paciencia. <a href=\"https:\/\/t.co\/xkofrjUOrw\">pic.twitter.com\/xkofrjUOrw<\/a><\/p>&mdash; Canal Encuentro (@CanalEncuentro) <a href=\"https:\/\/twitter.com\/CanalEncuentro\/status\/1698485540406878340?ref_src=twsrc%5Etfw\">September 3, 2023<\/a><\/blockquote><script async src=\"https:\/\/platform.twitter.com\/widgets.js\" charset=\"utf-8\"><\/script>\n<\/div><\/figure>\n\n\n\n<p>Sin embargo, la jurisprudencia internacional establece que delitos como secuestros, torturas, homicidios y desapariciones, que cometen los representantes estatales, tienen una gravedad y son delitos, &nbsp; porque las autoridades tienen la responsabilidad de proteger a la ciudadan\u00eda y de ser los primeros en cumplir las leyes. Cuando no lo hacen, como en este caso, se trata de cr\u00edmenes de lesa humanidad que nunca prescriben.<\/p>\n\n\n\n<p>Adem\u00e1s, en el caso de Argentina est\u00e1 demostrado que la dictadura aniquil\u00f3 a las guerrillas en pocos a\u00f1os, pero <strong>continu\u00f3 la represi\u00f3n de manera indiscriminada <\/strong>en contra de todos los opositores, ya fueran sindicalistas, intelectuales, estudiantes universitarios, docentes o activistas de derechos humanos.<\/p>\n\n\n\n<p>Villarruel justifica el golpe de Estado de 1976, dice que fue una guerra y niega el terrorismo de Estado: Victoria Villarruel piensa lo mismo que el Tigre Acosta, Alfredo Astiz, D\u00edaz Bessone, Saint Jean, Videla, Massera y Harguindeguy. Villarruel es negacionista y colaboradora indispensable de los genocidas del golpe de Estado al intentar recuperar el protagonismo nuevamente de las fuerzas Armadas tal vez pensando como vicepresidenta junto a un hipot\u00e9tico gobierno&nbsp; de Milei con un  ej\u00e9rcito donde piensa incrementar en un 2% el presupuesto dot\u00e1ndolo con una cantidad cercana a los  13.000 millones de d\u00f3lares  y asi devolverle el poder  para consolidar una posible  nueva dictadura frente al pueblo.<\/p>\n\n\n\n<figure class=\"wp-block-embed is-type-rich is-provider-twitter wp-block-embed-twitter\"><div class=\"wp-block-embed__wrapper\">\n<blockquote class=\"twitter-tweet\" data-width=\"550\" data-dnt=\"true\"><p lang=\"es\" dir=\"ltr\">Ac\u00e1 Victoria Villarruel te explica la dolarizaci\u00f3n ? <a href=\"https:\/\/t.co\/AhBZqaMl9w\">pic.twitter.com\/AhBZqaMl9w<\/a><\/p>&mdash; Natalia Volosin (@nataliavolosin) <a href=\"https:\/\/twitter.com\/nataliavolosin\/status\/1698470962260320767?ref_src=twsrc%5Etfw\">September 3, 2023<\/a><\/blockquote><script async src=\"https:\/\/platform.twitter.com\/widgets.js\" charset=\"utf-8\"><\/script>\n<\/div><\/figure>\n\n\n\n<p>De hecho, jam\u00e1s ha reconocido que en Argentina hubo terrorismo de Estado, algo que han dictaminado incluso tribunales internacionales. Para Villarruel, el terrorismo lo cometieron las guerrillas y los militares lo \u00fanico que hicieron fue \u00abponer orden\u00bb, <strong>Inadmisible y Grotesco.<\/strong><\/p>\n\n\n\n<p>En el evento&nbsp; participaron Lorenza Ferrari, madre de Laura, una estudiante de 18 a\u00f1os que muri\u00f3 por la explosi\u00f3n de un coche bomba de Montoneros en 1975; Graciela Saraspe, hija de H\u00e9ctor Saraspe, el encargado de un bar que fue asesinado por el ERP en 1974; y el de Arturo Larrabure, hijo de de un militar secuestrado y asesinado por el ERP.<\/p>\n\n\n\n<figure class=\"wp-block-embed is-type-rich is-provider-twitter wp-block-embed-twitter\"><div class=\"wp-block-embed__wrapper\">\n<blockquote class=\"twitter-tweet\" data-width=\"550\" data-dnt=\"true\"><p lang=\"es\" dir=\"ltr\">??Por la memoria y el nunca m\u00e1s al Terrorismo de Estado, junto a diversas organizaciones sindicales y sociales, apoyamos y nos sumamos a la convocatoria de organismos de DDHH frente a la legislatura de CABA. ?? <a href=\"https:\/\/t.co\/3JX5zJM3ht\">pic.twitter.com\/3JX5zJM3ht<\/a><\/p>&mdash; SiPreBA &#8211; Sindicato de Prensa de Buenos Aires (@sipreba) <a href=\"https:\/\/twitter.com\/sipreba\/status\/1698660416879055282?ref_src=twsrc%5Etfw\">September 4, 2023<\/a><\/blockquote><script async src=\"https:\/\/platform.twitter.com\/widgets.js\" charset=\"utf-8\"><\/script>\n<\/div><\/figure>\n\n\n\n<p>La selecci\u00f3n de v\u00edctimas no es casual, ya que estos cr\u00edmenes se cometieron <strong>justo antes del golpe de Estado,<\/strong> lo que pretendio <strong>justificar la \u00abnecesidad\u00bb de que los militares tomaran el poder para terminar con las guerrillas.<\/strong><\/p>\n\n\n\n<p>Tenemos que recordar&nbsp; que <strong>Villarruel visitaba en prisi\u00f3n al fallecido dictador Jorge Rafael Videla<\/strong>; al polic\u00eda Miguel Etchecolatz, quien fue uno de los represores m\u00e1s temibles durante la dictadura; y a Alberto Gonz\u00e1lez, condenado por delitos sexuales contra mujeres secuestradas.<\/p>\n\n\n\n<p>Aparte es una militante pro genocidas, que apoya a los imputados en los juicios, desde sus inicios apareciendo  su nombre en el cuaderno en el que Etchecolatz se organizaba para el juicio del a\u00f1o 2006 y no precisamente como abogada. &nbsp;<\/p>\n\n\n\n<figure class=\"wp-block-embed is-type-rich is-provider-twitter wp-block-embed-twitter\"><div class=\"wp-block-embed__wrapper\">\n<blockquote class=\"twitter-tweet\" data-width=\"550\" data-dnt=\"true\"><p lang=\"es\" dir=\"ltr\">La candidata a vicepresidenta  de Milei, como sabemos, es una militante pro genocidas, que apoya activamente a los imputados en los juicios, desde sus inicios. Ac\u00e1 por ejemplo, est\u00e1 su nombre en el cuaderno en el que  Etchecolatz se organizaba para el  juicio del a\u00f1o 2006. <a href=\"https:\/\/t.co\/BSlOJRTQjS\">pic.twitter.com\/BSlOJRTQjS<\/a><\/p>&mdash; Guadalupe Godoy (@guadalgodoy) <a href=\"https:\/\/twitter.com\/guadalgodoy\/status\/1696914280510062979?ref_src=twsrc%5Etfw\">August 30, 2023<\/a><\/blockquote><script async src=\"https:\/\/platform.twitter.com\/widgets.js\" charset=\"utf-8\"><\/script>\n<\/div><\/figure>\n\n\n\n<p>La diputada tambi\u00e9n <strong>niega el n\u00famero de v\u00edctimas<\/strong> y la existencia de los centros clandestinos de represi\u00f3n, y minimiza el hecho de que los represores hayan robado alrededor de 500 beb\u00e9s o ni\u00f1os, de los cuales Abuelas de Plaza de Mayo han logrado recuperar a 133. <\/p>\n\n\n\n<figure class=\"wp-block-embed is-type-rich is-provider-twitter wp-block-embed-twitter\"><div class=\"wp-block-embed__wrapper\">\n<blockquote class=\"twitter-tweet\" data-width=\"550\" data-dnt=\"true\"><p lang=\"es\" dir=\"ltr\">LAS MADRES NO VAMOS A DEJAR SOLOS A NUESTROS HIJOS E HIJAS<a href=\"https:\/\/t.co\/iEuRyf4aU5\">https:\/\/t.co\/iEuRyf4aU5<\/a><a href=\"https:\/\/twitter.com\/hashtag\/MadresDePlazaDeMayo?src=hash&amp;ref_src=twsrc%5Etfw\">#MadresDePlazaDeMayo<\/a><a href=\"https:\/\/twitter.com\/hashtag\/46A%C3%B1osDeLucha?src=hash&amp;ref_src=twsrc%5Etfw\">#46A\u00f1osDeLucha<\/a> <a href=\"https:\/\/t.co\/ArI1MZIXLG\">pic.twitter.com\/ArI1MZIXLG<\/a><\/p>&mdash; Prensa Madres (@PrensaMadres) <a href=\"https:\/\/twitter.com\/PrensaMadres\/status\/1698130894840586515?ref_src=twsrc%5Etfw\">September 3, 2023<\/a><\/blockquote><script async src=\"https:\/\/platform.twitter.com\/widgets.js\" charset=\"utf-8\"><\/script>\n<\/div><\/figure>\n\n\n\n<p> Aparte de las  asociaciones  Madres  y Abuelas de la plaza de Mayo o HIJOS , los  secretarios de Derechos Humanos de 15 provincias se pronunciaron  conjuntamente para advertir que <strong>a los genocidas no se los homenajea, sino que se los juzga<\/strong> dentro del Estado de derecho y se los condena exponiendo:<\/p>\n\n\n\n<p><strong>\u00abLa teor\u00eda de los dos demonios es un argumento falaz que busca legitimar los cr\u00edmenes de lesa humanidad cometidos por el Estado, enmarc\u00e1ndolos en una guerra que no existi\u00f3. Lo que s\u00ed existi\u00f3 fue un plan sistem\u00e1tico de exterminio, un genocidio ideado y ejecutado por el Estado dictatorial\u00bb<\/strong>.<\/p>\n\n\n\n<p>Victoria Montenegro, presidenta de la Comisi\u00f3n de Derechos Humanos de la Legislatura, expuso  la gravedad de este tipo de actos.<\/p>\n\n\n\n<p>\u00abLo que debe interpelarnos es <strong>la representaci\u00f3n institucional que logr\u00f3 el negacionismo<\/strong>, porque este acto lo hacen expres\u00e1ndose a trav\u00e9s de sus diputados\u00bb, se\u00f1al\u00f3.<\/p>\n\n\n\n<p>A pesar de las cr\u00edticas&nbsp; Villarruel duplic\u00f3 la apuesta y&nbsp; reivindic\u00f3 su postura \u00abLes molesta que pidamos derechos humanos para todos y que sepamos la verdad de lo que hicieron los terroristas, quieren amedrentarnos con escraches y amenazas como en los 70\u00bb intentando ocultar la verdad de esre acto. <\/p>\n\n\n\n<p>En su apoyo sali\u00f3 Claudio Avruj, exsecretario de Derechos Humanos durante el Gobierno de Mauricio Macri, quien asegur\u00f3 que no se trata de un acto \u00abnegacionista\u00bb sino del \u00abderecho al recuerdo\u00bb.<\/p>\n\n\n\n<figure class=\"wp-block-gallery has-nested-images columns-default is-cropped wp-block-gallery-2 is-layout-flex wp-block-gallery-is-layout-flex\">\n<figure class=\"wp-block-image size-large\"><img decoding=\"async\" width=\"1080\" height=\"727\" data-id=\"3740\" src=\"https:\/\/xn--tuvozdiasporaespaola-k7b.com\/wp-content\/uploads\/2023\/09\/1000146638.jpg\" alt=\"\" class=\"wp-image-3740\"\/><\/figure>\n<figcaption class=\"blocks-gallery-caption wp-element-caption\">\u201cHomenaje a V\u00edctimas del Terrorismo\u201d: fuerte operativo policial y protestas en el acto de Victoria Villarruel. (Federico L\u00f3pez Claro \/ La Voz)<\/figcaption><\/figure>\n\n\n\n<p>Resumiendo Villarruel desafi\u00f3 el discurso pol\u00edtico de las \u00faltimas d\u00e9cadas&nbsp; con este homenaje a: \u201cv\u00edctimas del terrorismo\u201d encabezando&nbsp; este acto en la Legislatura de la Ciudad de Buenos Aires, mientras que  en el interior&nbsp;y ante la prensa  simpatizantes defend\u00edan la dictadura miiitar y jeraban los desaparecidos o la duda de la  apropiacion dd bebes.<\/p>\n\n\n\n<p>El pueblo Argentino con el grito de Nunca M\u00e1s, tiene que denunciar que <strong>Villarruel representa a un sector de la sociedad que respald\u00f3 el golpe de Estado<\/strong> y que siempre ha defendido a los militares y negado sus cr\u00edmenes, pero ahora al ser parte de la candidatura fascista que gan\u00f3 las elecciones primarias realizadas el pasado 13 de agosto puede estar al frente del gobierno y el peligro de un nuevo golpe institucional es una realidad.<\/p>\n","protected":false},"excerpt":{"rendered":"<p>Micaela Roldan , Argentina Victoria Villarruel, candidata a la vicepresidencia en la candidatura de Javier Milei&nbsp; por el Partido&nbsp; Fascista amigo de VOX&nbsp; libertad &#8230; <\/p>\n<p class=\"read-more-container\"><a title=\"VILLARRUEL la vicepresidenta de Milei reivindica la dictadura\u00a0\" class=\"read-more button\" href=\"https:\/\/xn--tuvozdiasporaespaola-k7b.com\/page\/2\/villarruel-la-vicepresidenta-de-milei-reivindica-la-dictadura\/#more-3737\" aria-label=\"M\u00e1s en VILLARRUEL la vicepresidenta de Milei reivindica la dictadura\u00a0\">Leer m\u00e1s<\/a><\/p>\n","protected":false},"author":222560522,"featured_media":3742,"comment_status":"open","ping_status":"open","sticky":false,"template":"","format":"standard","meta":{"footnotes":""},"categories":[121850],"tags":[],"class_list":["post-3737","post","type-post","status-publish","format-standard","has-post-thumbnail","hentry","category-politica","resize-featured-image"],"_links":{"self":[{"href":"https:\/\/xn--tuvozdiasporaespaola-k7b.com\/page\/2\/wp-json\/wp\/v2\/posts\/3737","targetHints":{"allow":["GET"]}}],"collection":[{"href":"https:\/\/xn--tuvozdiasporaespaola-k7b.com\/page\/2\/wp-json\/wp\/v2\/posts"}],"about":[{"href":"https:\/\/xn--tuvozdiasporaespaola-k7b.com\/page\/2\/wp-json\/wp\/v2\/types\/post"}],"author":[{"embeddable":true,"href":"https:\/\/xn--tuvozdiasporaespaola-k7b.com\/page\/2\/wp-json\/wp\/v2\/users\/222560522"}],"replies":[{"embeddable":true,"href":"https:\/\/xn--tuvozdiasporaespaola-k7b.com\/page\/2\/wp-json\/wp\/v2\/comments?post=3737"}],"version-history":[{"count":2,"href":"https:\/\/xn--tuvozdiasporaespaola-k7b.com\/page\/2\/wp-json\/wp\/v2\/posts\/3737\/revisions"}],"predecessor-version":[{"id":3743,"href":"https:\/\/xn--tuvozdiasporaespaola-k7b.com\/page\/2\/wp-json\/wp\/v2\/posts\/3737\/revisions\/3743"}],"wp:featuredmedia":[{"embeddable":true,"href":"https:\/\/xn--tuvozdiasporaespaola-k7b.com\/page\/2\/wp-json\/wp\/v2\/media\/3742"}],"wp:attachment":[{"href":"https:\/\/xn--tuvozdiasporaespaola-k7b.com\/page\/2\/wp-json\/wp\/v2\/media?parent=3737"}],"wp:term":[{"taxonomy":"category","embeddable":true,"href":"https:\/\/xn--tuvozdiasporaespaola-k7b.com\/page\/2\/wp-json\/wp\/v2\/categories?post=3737"},{"taxonomy":"post_tag","embeddable":true,"href":"https:\/\/xn--tuvozdiasporaespaola-k7b.com\/page\/2\/wp-json\/wp\/v2\/tags?post=3737"}],"curies":[{"name":"wp","href":"https:\/\/api.w.org\/{rel}","templated":true}]}}