{"id":3718,"date":"2023-09-04T22:56:54","date_gmt":"2023-09-05T01:56:54","guid":{"rendered":"https:\/\/xn--tuvozdiasporaespaola-k7b.com\/page\/2\/?p=3718"},"modified":"2023-09-04T22:56:55","modified_gmt":"2023-09-05T01:56:55","slug":"los-brics-y-la-republica-dominicana","status":"publish","type":"post","link":"https:\/\/xn--tuvozdiasporaespaola-k7b.com\/page\/2\/los-brics-y-la-republica-dominicana\/","title":{"rendered":"Los BRICS y la Rep\u00fablica Dominicana"},"content":{"rendered":"\n<p>Por&nbsp;<strong><a href=\"https:\/\/acento.com.do\/autor\/jortegatous.html\">Julio Ortega Tous<\/a><\/strong>, TU VOZ, Rep\u00fablica Dominicana. <audio src=\"https:\/\/audios.acento.com.do\/3438747d-9385-4051-aa44-4f7b80e0f577.mp3\"><\/audio><\/p>\n\n\n\n<p>Los BRICS, acr\u00f3nimo para el grupo de pa\u00edses constituido por Brasil, Rusia, India, China y Sud\u00e1frica han pasado de un Estudio de 2001 de un especialista de Goldman Sachs, Jim O\u2019Neil, a una coordinaci\u00f3n geopol\u00edtica mayor de esos pa\u00edses a partir de 2003, a convertirse en este mundo de la desglobalizaci\u00f3n y la multipolaridad en referentes crecientes para el nuevo orden internacional reclamado por los pa\u00edses del Sur Global.<\/p>\n\n\n\n<p>En esta 15ava Cumbre de Jefes de Estado y de Gobierno, celebrada en Johannesburgo, Sud\u00e1frica, del 22 al 24 de agosto, los miembros han decidido ampliar su membres\u00eda a seis (6) nuevo pa\u00edses a partir del 1 de enero de 2024: Argentina, Arabia Saudita, Egipto, Etiop\u00eda, Emiratos \u00c1rabes Unidos e Ir\u00e1n. De esta forma el Bloque BRICS, aumenta a 46% de la poblaci\u00f3n mundial y a 38% del PIB mundial en t\u00e9rminos de Poder de Paridad de Compra. De esa forma supera en poblaci\u00f3n y PIB al Grupo de los 7 (G7) de las econom\u00edas occidentales (EEUU, Alemania, Canad\u00e1, Estados Unidos, Francia, Gran Breta\u00f1a, Italia, y Japon)  \u201cno amistosos\u201d de EEUU. <\/p>\n\n\n\n<figure class=\"wp-block-embed is-type-video is-provider-youtube wp-block-embed-youtube wp-embed-aspect-16-9 wp-has-aspect-ratio\"><div class=\"wp-block-embed__wrapper\">\n<iframe title=\"\u00bfQu\u00e9 ocurri\u00f3 en la cumbre BRICS 2023?\" width=\"1110\" height=\"624\" src=\"https:\/\/www.youtube.com\/embed\/-KH3QM195iQ?feature=oembed\" frameborder=\"0\" allow=\"accelerometer; autoplay; clipboard-write; encrypted-media; gyroscope; picture-in-picture; web-share\" allowfullscreen><\/iframe>\n<\/div><\/figure>\n\n\n\n<p>Los BRICS pesan en la geopol\u00edtica mundial tanto en producci\u00f3n econ\u00f3mica, poblaci\u00f3n y peso pol\u00edtico. Los pa\u00edses BRICS exigen una reorganizaci\u00f3n de las finanzas internacionales, con un peso importante en la forma como el d\u00f3lar de EEUU determina los intercambios internacionales, y se usa como arma para sancionar pa\u00edses\u00bb no amistosos \u00bb de EEUU.<\/p>\n\n\n\n<p>Se ha por tanto hablado de \u201cuna nueva moneda de los BRICS\u201d, pero a lo m\u00e1s que se puede llegar en el futuro inmediato es a crear una \u201cunidad de cuenta monetaria\u201d, una especie de canasta de las monedas nacionales de los pa\u00edses del BRICS, que sustituya el d\u00f3lar en sus intercambios rec\u00edprocos. <\/p>\n\n\n\n<p>Ya existen experiencia en ese sentido. Los Derechos Especiales de Giro del Fondo Monetario Internacional son una unidad de cuenta monetaria en base a una cesta de monedas. El antiguo ECU (European Currency Unit) que antecedi\u00f3 al Euro, fue tambi\u00e9n una Unidad de Cuenta Monetaria que inclu\u00eda las monedas de los 12 pa\u00edses de la Comunidad Europea de entonces.<\/p>\n\n\n\n<figure class=\"wp-block-pullquote\"><blockquote><p>Para el caso de Hait\u00ed la ayuda del NBD y de los BRICS+ podr\u00eda ser esencial en un plan de recuperaci\u00f3n de la naci\u00f3n vecina. Particularmente ante la pasividad y despreocupaci\u00f3n que han mostrado los pa\u00edses del Norte Global.<\/p><cite>Julio Ortega Tous <\/cite><\/blockquote><\/figure>\n\n\n\n<p>El mayor peso de los pa\u00edses candidatos a ingresar est\u00e1 en \u00c1frica, Medio Oriente y Asia. Pero tambi\u00e9n varios pa\u00edses de Am\u00e9rica Latina han solicitado ingreso.<\/p>\n\n\n\n<p> Argentina por conducto de Brasil, es el primero en ser aceptado como miembro de pleno derecho, a partir del 1 de enero de 2024. Siempre y cuando el gobierno argentino lo acepte. Pero dado el confuso panorama pol\u00edtico electoral en Argentina, hay dos candidatos de los tres primeros en las Primarias PASO, que han manifestado que no les interesa ingresar a ese bloque. La candidata del macrismo, antigua guerrillera montonera y hoy pol\u00edtica de derecha extrema, Patricia Bullrich ha dicho que no. El otro que no parece inclinado a ingresar a los BRICS es Javier Millei, el candidato ultraneoliberal que promete demoler todo el edificio institucional de Argentina, romper relaciones con China y con Rusia.<\/p>\n\n\n\n<p>Otros pa\u00edses de la regi\u00f3n latinoamericana est\u00e1n en espera de ser aceptados, como Bolivia, cuyo presidente Luis Arce, asisti\u00f3 a la cumbre de la semana pasada en Johannesburgo; Venezuela que manifest\u00f3 en videoconferencia el presidente Nicol\u00e1s Maduro su deseo de engrosar el grupo, y cuya vicepresidenta ejecutiva, Delcy Rodr\u00edguez, estuvo presente tambi\u00e9n en Johannesburgo. <\/p>\n\n\n\n<p>Hay grandes pa\u00edses que esperan su solicitud de ingreso, como Indonesia, Turqu\u00eda, Kazajist\u00e1n, adem\u00e1s de Venezuela y Bolivia. La pregunta pertinente ser\u00eda: \u00bfEs el Grupo BRICS+ solo para grandes o medianas econom\u00edas particularmente las ricas en petr\u00f3leo, en gas, en litio y otros minerales estrat\u00e9gicos? \u00bfLos peque\u00f1os pa\u00edses no tienen cabida en los BRICS+? \u00bfPodr\u00eda alg\u00fan d\u00eda pensarse que Cuba, Nicaragua, Angola, o Colombia entrar\u00e1n como miembros de pleno derecho?<\/p>\n\n\n\n<figure class=\"wp-block-embed is-type-video is-provider-youtube wp-block-embed-youtube wp-embed-aspect-16-9 wp-has-aspect-ratio\"><div class=\"wp-block-embed__wrapper\">\n<iframe title=\"Los BRICS son los m\u00e1s deseados: estos son los 20 pa\u00edses que han solicitado su ingreso\" width=\"1110\" height=\"624\" src=\"https:\/\/www.youtube.com\/embed\/xeeK8C2gLBM?feature=oembed\" frameborder=\"0\" allow=\"accelerometer; autoplay; clipboard-write; encrypted-media; gyroscope; picture-in-picture; web-share\" allowfullscreen><\/iframe>\n<\/div><\/figure>\n\n\n\n<figure class=\"wp-block-embed is-type-rich is-provider-gestor-del-servicio wp-block-embed-gestor-del-servicio\"><div class=\"wp-block-embed__wrapper\">\nhttps:\/\/youtube.com\/watch?v=xeeK8C2gLBM%3Fenablejsapi%3D1%26amp%3D1%26playsinline%3D1\n<\/div><\/figure>\n\n\n\n<p>El Grupo BRICS+ aboga por la reforma de las Naciones Unidas para encajar la instituci\u00f3n salida de las relaciones de fuerza de la II Guerra Mundial en 1945, a la realidad mundial actual. Se ha planteado que Brasil, representando la CELAC e India, representando el subcontinente indio, entren como nuevos miembros permanentes del Consejo de Seguridad en su reforma.<\/p>\n\n\n\n<p> Sin embargo, las desavenencias de India y China en t\u00e9rminos de fronteras podr\u00eda encontrar un reparo de China. Anteriormente se hab\u00eda planteado que Alemania y Jap\u00f3n, los perdedores de la II Guerra Mundial, entrar\u00e1n al CS, pero con la evoluci\u00f3n de la confrontaci\u00f3n OTAN-Rusia en la guerra de Ucrania, es seguro que la Federaci\u00f3n Rusa se opondr\u00e1 radicalmente a esa ampliaci\u00f3n.<\/p>\n\n\n\n<p>La pr\u00f3xima cumbre de los BRICS+ se celebrar\u00e1 en Kaz\u00e1n, Rusia. Con los BRICS+ ampliados a 11 miembros, 10 si es que Argentina declina su participaci\u00f3n. <\/p>\n\n\n\n<p>Se espera que en la 16ava Cumbre de Jefes de Estado y de Gobierno haya otra ronda de ampliaciones. La pregunta pertinente es \u00bfQu\u00e9 puede aspirar la Rep\u00fablica Dominicana en su pol\u00edtica exterior de los BRICS? <\/p>\n\n\n\n<p>Lo primero&nbsp;<strong>ser\u00eda ingresar como miembro de pleno derecho al Nuevo Banco de Desarrollo (NDB)<\/strong>, al cual pa\u00edses no miembros del BRICS, como Uruguay,&nbsp; &nbsp;han ingresado como miembros de pleno derecho. El NDB tiene 32000 millones de d\u00f3lares de capital, y se ha asegurado una ampliaci\u00f3n a 100 o 150000 mil millones de d\u00f3lares. En ese caso, el NDB tendr\u00e1 un capital mayor que el Banco Mundial (BIRF). <\/p>\n\n\n\n<p>Tambi\u00e9n el pa\u00eds podr\u00eda pedir un estatus de miembro observador para poder asistir a todas las cumbres y ampliar el \u00e1mbito de sus relaciones internacionales. Convertirnos en miembros de pleno derecho est\u00e1 un poco alejado, hasta que los criterios para acceder sean m\u00e1s claros.&nbsp;<\/p>\n\n\n\n<p><strong>Para el caso de Hait\u00ed la ayuda del NBD y de los BRICS+ podr\u00eda ser esencial en un plan de recuperaci\u00f3n de la naci\u00f3n vecina.<\/strong>&nbsp;Particularmente ante la pasividad y despreocupaci\u00f3n que han mostrado los pa\u00edses del Norte Global, los llamados \u201camigos de Hait\u00ed\u201d o CORE Group, en particular, EEUU, Francia, Canad\u00e1 y la Uni\u00f3n Europea. <\/p>\n\n\n\n<p>Paralelamente con el acercamiento al NDB y a los BRICS+, el pa\u00eds debe ampliar sus relaciones con pa\u00edses que hemos ignorado durante muchos a\u00f1os: para ello debemos abrir embajadas en Etiop\u00eda, Senegal, Nigeria, Argelia, Angola y Kenia, adem\u00e1s de la ya en proceso en Arabia Saudita.<\/p>\n\n\n\n<p> De la misma manera debemos establecer relaciones diplom\u00e1ticas con Indonesia, Ir\u00e1n, Filipinas, Tailandia y algunos pa\u00edses europeos como Polonia, Hungr\u00eda y Noruega. A la vez debemos establecer relaciones con todos los pa\u00edses del CARICOM sin excepciones, en particular Surinam, Barbados, los OECS (Organizaci\u00f3n de Estados del Caribe Oriental) y territorios no aut\u00f3nomos del Caribe a trav\u00e9s de la apertura de consulados.<\/p>\n\n\n\n<p> Dominicana junto con Cuba deber\u00edamos propiciar un \u201cBloque del Caribe\u201d para actuar en la arena internacional, en este caso con el grupo BRICS+.&nbsp; El mundo cambi\u00f3. Debemos vernos m\u00e1s all\u00e1 de las relaciones con EEUU y los pa\u00edses de Europa m\u00e1s cercanos, sin por ello cortar o da\u00f1ar esas relaciones hist\u00f3ricas. Pero actuar como un pa\u00eds independiente&nbsp; que pone en primer lugar nuestros intereses como peque\u00f1o estado insular.<\/p>\n","protected":false},"excerpt":{"rendered":"<p>Por&nbsp;Julio Ortega Tous, TU VOZ, Rep\u00fablica Dominicana. Los BRICS, acr\u00f3nimo para el grupo de pa\u00edses constituido por Brasil, Rusia, India, China y Sud\u00e1frica han &#8230; <\/p>\n<p class=\"read-more-container\"><a title=\"Los BRICS y la Rep\u00fablica Dominicana\" class=\"read-more button\" href=\"https:\/\/xn--tuvozdiasporaespaola-k7b.com\/page\/2\/los-brics-y-la-republica-dominicana\/#more-3718\" aria-label=\"M\u00e1s en Los BRICS y la Rep\u00fablica Dominicana\">Leer m\u00e1s<\/a><\/p>\n","protected":false},"author":222560522,"featured_media":3722,"comment_status":"open","ping_status":"open","sticky":false,"template":"","format":"standard","meta":{"footnotes":""},"categories":[121869],"tags":[],"class_list":["post-3718","post","type-post","status-publish","format-standard","has-post-thumbnail","hentry","category-internaciones","resize-featured-image"],"_links":{"self":[{"href":"https:\/\/xn--tuvozdiasporaespaola-k7b.com\/page\/2\/wp-json\/wp\/v2\/posts\/3718","targetHints":{"allow":["GET"]}}],"collection":[{"href":"https:\/\/xn--tuvozdiasporaespaola-k7b.com\/page\/2\/wp-json\/wp\/v2\/posts"}],"about":[{"href":"https:\/\/xn--tuvozdiasporaespaola-k7b.com\/page\/2\/wp-json\/wp\/v2\/types\/post"}],"author":[{"embeddable":true,"href":"https:\/\/xn--tuvozdiasporaespaola-k7b.com\/page\/2\/wp-json\/wp\/v2\/users\/222560522"}],"replies":[{"embeddable":true,"href":"https:\/\/xn--tuvozdiasporaespaola-k7b.com\/page\/2\/wp-json\/wp\/v2\/comments?post=3718"}],"version-history":[{"count":3,"href":"https:\/\/xn--tuvozdiasporaespaola-k7b.com\/page\/2\/wp-json\/wp\/v2\/posts\/3718\/revisions"}],"predecessor-version":[{"id":3736,"href":"https:\/\/xn--tuvozdiasporaespaola-k7b.com\/page\/2\/wp-json\/wp\/v2\/posts\/3718\/revisions\/3736"}],"wp:featuredmedia":[{"embeddable":true,"href":"https:\/\/xn--tuvozdiasporaespaola-k7b.com\/page\/2\/wp-json\/wp\/v2\/media\/3722"}],"wp:attachment":[{"href":"https:\/\/xn--tuvozdiasporaespaola-k7b.com\/page\/2\/wp-json\/wp\/v2\/media?parent=3718"}],"wp:term":[{"taxonomy":"category","embeddable":true,"href":"https:\/\/xn--tuvozdiasporaespaola-k7b.com\/page\/2\/wp-json\/wp\/v2\/categories?post=3718"},{"taxonomy":"post_tag","embeddable":true,"href":"https:\/\/xn--tuvozdiasporaespaola-k7b.com\/page\/2\/wp-json\/wp\/v2\/tags?post=3718"}],"curies":[{"name":"wp","href":"https:\/\/api.w.org\/{rel}","templated":true}]}}