{"id":3713,"date":"2023-09-01T12:36:11","date_gmt":"2023-09-01T15:36:11","guid":{"rendered":"https:\/\/xn--tuvozdiasporaespaola-k7b.com\/page\/2\/?p=3713"},"modified":"2023-09-01T12:36:12","modified_gmt":"2023-09-01T15:36:12","slug":"argentinasocorro-exclamo-pepe-mujica","status":"publish","type":"post","link":"https:\/\/xn--tuvozdiasporaespaola-k7b.com\/page\/2\/argentinasocorro-exclamo-pepe-mujica\/","title":{"rendered":"ARGENTINA\u201c\u00a1SOCORRO!\u201d, EXCLAM\u00d3 PEPE MUJICA"},"content":{"rendered":"\n<p>Por Walter C. Medina<\/p>\n\n\n\n<p>El avance de la extrema derecha viene acompa\u00f1ado por el tradicional discurso totalitario mediante el cual se pretende instalar, como sentido com\u00fan, aquello que solo cabe a trav\u00e9s de la impostura.  <\/p>\n\n\n\n<p>En su \u201cbatalla cultural\u201d, los referentes de La Libertad Avanza -la agrupaci\u00f3n liderada por el candidato a presidente Javier Milei- negar los cr\u00edmenes de la dictadura supone la construcci\u00f3n de una historia paralela en la que las v\u00edctimas fueron victimarios. <\/p>\n\n\n\n<p>De este modo surgen declaraciones como la que ha hecho ayer la candidata a vicepresidenta de ese mismo espacio pol\u00edtico, Victoria Villarruel, quien no dud\u00f3 en tildar de \u201cterroristas\u201d a los torturados, asesinados y desaparecidos de la \u00faltima dictadura militar. \u201cSon familiares de terroristas\u201d, sostuvo, en referencia a los familiares de desaparecidos que certeramente la tildan de negacionista. <\/p>\n\n\n\n<figure class=\"wp-block-gallery has-nested-images columns-default is-cropped wp-block-gallery-1 is-layout-flex wp-block-gallery-is-layout-flex\">\n<figure class=\"wp-block-image size-large\"><img fetchpriority=\"high\" decoding=\"async\" width=\"1920\" height=\"1920\" data-id=\"3714\" src=\"https:\/\/xn--tuvozdiasporaespaola-k7b.com\/wp-content\/uploads\/2023\/09\/1000145597.jpg\" alt=\"\" class=\"wp-image-3714\"\/><\/figure>\n<\/figure>\n\n\n\n<p>  Lo que ya estaba fuera de toda discusi\u00f3n vuelve al plano de la pol\u00e9mica, se acent\u00faa y fuerza a un retroceso fenomenal. Las consignas de Memoria Verdad y Justicia se ponen en tela de juicio; se refuta a los organismos internacionales de Derechos Humanos, el resultado de los juicios por los Cr\u00edmenes de Lesa Humanidad y las correspondientes condenas a los responsables del genocidio.<\/p>\n\n\n\n<p>Se trata de un claro \u201casesinato a la democracia\u201d, tal como lo denomin\u00f3 Baltazar Garz\u00f3n. El jurista espa\u00f1ol, atento a los resultados de las pasadas elecciones primarias celebradas en Argentina, sostuvo que lo que el pa\u00eds est\u00e1 viviendo es un \u201cmomento pol\u00edtico muy delicado, ya que ha ganado la extrema derecha de corte fascista, que niega el terrorismo de Estado. <\/p>\n\n\n\n<p>Es un asesinato a la democracia. El ascenso de candidatos como Javier Milei supone un grav\u00edsimo riesgo de involuci\u00f3n en un pa\u00eds que tanto ha luchado y que tantas veces se ha opuesto a esos intentos de revisionismo que se procuran desde la derecha y la extrema derecha\u201d.<\/p>\n\n\n\n<p>El triunfo de Mauricio Macri en 2015 signific\u00f3 el primer paso hacia atr\u00e1s en materia de Memoria Verdad y Justicia. Su intento de acortar las penas a los responsables del genocidio fue repudiado por la sociedad en su conjunto; un hecho que oblig\u00f3 a dar marcha atr\u00e1s a un dictamen que aceleraba las libertades de los responsables de los asesinatos y desapariciones ocurridas en el pa\u00eds durante los a\u00f1os 1976 y 1983. <\/p>\n\n\n\n<p>Victoria Villarruel, la abogada de 48 a\u00f1os que ser\u00e1 vicepresidenta en caso de que La Libertad Avanza gane en octubre las presidenciales, es hija y sobrina de represores de la dictadura y tendr\u00e1 a su cargo los Ministerios de Seguridad, Defensa e Inteligencia.    <\/p>\n\n\n\n<p> Ante la latente posibilidad del triunfo de Milei, la mejor respuesta ha sido la que ha dado \u201cPepe\u201d Mujica desde Uruguay: \u201c\u00a1Socorro!\u201d, exclam\u00f3, y con claros fundamentos.   <\/p>\n","protected":false},"excerpt":{"rendered":"<p>Por Walter C. Medina El avance de la extrema derecha viene acompa\u00f1ado por el tradicional discurso totalitario mediante el cual se pretende instalar, como &#8230; <\/p>\n<p class=\"read-more-container\"><a title=\"ARGENTINA\u201c\u00a1SOCORRO!\u201d, EXCLAM\u00d3 PEPE MUJICA\" class=\"read-more button\" href=\"https:\/\/xn--tuvozdiasporaespaola-k7b.com\/page\/2\/argentinasocorro-exclamo-pepe-mujica\/#more-3713\" aria-label=\"M\u00e1s en ARGENTINA\u201c\u00a1SOCORRO!\u201d, EXCLAM\u00d3 PEPE MUJICA\">Leer m\u00e1s<\/a><\/p>\n","protected":false},"author":222560522,"featured_media":3715,"comment_status":"open","ping_status":"open","sticky":false,"template":"","format":"standard","meta":{"footnotes":""},"categories":[121868],"tags":[],"class_list":["post-3713","post","type-post","status-publish","format-standard","has-post-thumbnail","hentry","category-latinoamerica","resize-featured-image"],"_links":{"self":[{"href":"https:\/\/xn--tuvozdiasporaespaola-k7b.com\/page\/2\/wp-json\/wp\/v2\/posts\/3713","targetHints":{"allow":["GET"]}}],"collection":[{"href":"https:\/\/xn--tuvozdiasporaespaola-k7b.com\/page\/2\/wp-json\/wp\/v2\/posts"}],"about":[{"href":"https:\/\/xn--tuvozdiasporaespaola-k7b.com\/page\/2\/wp-json\/wp\/v2\/types\/post"}],"author":[{"embeddable":true,"href":"https:\/\/xn--tuvozdiasporaespaola-k7b.com\/page\/2\/wp-json\/wp\/v2\/users\/222560522"}],"replies":[{"embeddable":true,"href":"https:\/\/xn--tuvozdiasporaespaola-k7b.com\/page\/2\/wp-json\/wp\/v2\/comments?post=3713"}],"version-history":[{"count":1,"href":"https:\/\/xn--tuvozdiasporaespaola-k7b.com\/page\/2\/wp-json\/wp\/v2\/posts\/3713\/revisions"}],"predecessor-version":[{"id":3716,"href":"https:\/\/xn--tuvozdiasporaespaola-k7b.com\/page\/2\/wp-json\/wp\/v2\/posts\/3713\/revisions\/3716"}],"wp:featuredmedia":[{"embeddable":true,"href":"https:\/\/xn--tuvozdiasporaespaola-k7b.com\/page\/2\/wp-json\/wp\/v2\/media\/3715"}],"wp:attachment":[{"href":"https:\/\/xn--tuvozdiasporaespaola-k7b.com\/page\/2\/wp-json\/wp\/v2\/media?parent=3713"}],"wp:term":[{"taxonomy":"category","embeddable":true,"href":"https:\/\/xn--tuvozdiasporaespaola-k7b.com\/page\/2\/wp-json\/wp\/v2\/categories?post=3713"},{"taxonomy":"post_tag","embeddable":true,"href":"https:\/\/xn--tuvozdiasporaespaola-k7b.com\/page\/2\/wp-json\/wp\/v2\/tags?post=3713"}],"curies":[{"name":"wp","href":"https:\/\/api.w.org\/{rel}","templated":true}]}}