{"id":3694,"date":"2023-08-28T13:09:33","date_gmt":"2023-08-28T16:09:33","guid":{"rendered":"https:\/\/xn--tuvozdiasporaespaola-k7b.com\/page\/2\/?p=3694"},"modified":"2023-08-28T13:09:34","modified_gmt":"2023-08-28T16:09:34","slug":"van-por-toda-la-cupula-del-movimiento-semilla-guatemala","status":"publish","type":"post","link":"https:\/\/xn--tuvozdiasporaespaola-k7b.com\/page\/2\/van-por-toda-la-cupula-del-movimiento-semilla-guatemala\/","title":{"rendered":"\u201cVAN POR TODA LA C\u00daPULA DEL MOVIMIENTO SEMILLA\u201d Guatemala."},"content":{"rendered":"\n<p>Por Walter C. Medina<\/p>\n\n\n\n<p>\u201cCenizas de Babilonia. Di\u00e1spora Espa\u00f1ola\u201d, programa conducido por Roberto San Mart\u00edn y Francisco L\u00f3pez en A.M. 830 Radio del Pueblo, dedic\u00f3 en su pasada edici\u00f3n del 23 de agosto un espacio de an\u00e1lisis de las recientes elecciones celebradas en Guatemala.<\/p>\n\n\n\n<figure class=\"wp-block-gallery has-nested-images columns-default is-cropped wp-block-gallery-1 is-layout-flex wp-block-gallery-is-layout-flex\">\n<figure class=\"wp-block-image size-full\"><img fetchpriority=\"high\" decoding=\"async\" width=\"2491\" height=\"2175\" data-id=\"3696\" src=\"https:\/\/xn--tuvozdiasporaespaola-k7b.com\/wp-content\/uploads\/2023\/08\/1000084442.jpg\" alt=\"\" class=\"wp-image-3696\"\/><\/figure>\n<\/figure>\n\n\n\n<p>\u00a0 Francisco L\u00f3pez, especialista en temas pol\u00edticos de Latinoam\u00e9rica, se refiri\u00f3 al triunfo de Bernardo Ar\u00e9valo, hijo de Juan Jos\u00e9 Ar\u00e9valo, primer presidente progresista del pa\u00eds centroamericano.\u00a0<\/p>\n\n\n\n<p> <em>\u201cComo suele ocurrir, cuando llega al poder alguien con visos de ser progresista y defensor de los derechos de los m\u00e1s humildes, Ar\u00e9valo padre sufri\u00f3 un golpe de Estado. Desde aquella \u00e9poca Guatemala ha tenido una serie de golpes de Estado y gobiernos monitoreados por Estados Unidos, por lo cual no ha tenido una perspectiva progresista ni reformista\u201d.<\/em><\/p>\n\n\n\n<p>Bernardo Ar\u00e9valo, que representa al partido Movimiento Semilla, no era el favorito de las encuestas. Sin embargo entr\u00f3 en el ballotage y finalmente alcanz\u00f3 el 65 por ciento de votos (800 mil votos aproximadamente) que lo convirtieron en presidente de Guatemala. <\/p>\n\n\n\n<figure class=\"wp-block-pullquote\"><blockquote><p>La solicitud contra el partido del <a href=\"https:\/\/www.dw.com\/es\/ar%C3%A9valo-el-distinto\/a-66623575\"><strong>presidente electo<\/strong><\/a> fue requerida mediante una carta del Ministerio P\u00fablico el 23 de agosto al Parlamento y confirmada este jueves a medios locales por el fiscal a cargo del caso, Rafael Curruchiche, sancionado desde 2022 por <a href=\"https:\/\/www.dw.com\/es\/misi%C3%B3n-de-oea-valida-victoria-de-ar%C3%A9valo-de-le%C3%B3n-en-guatemala\/a-66604429\"><strong>Estados Unidos<\/strong><\/a> bajo acusaciones de corromper la Justicia en Guatemala.<\/p><\/blockquote><\/figure>\n\n\n\n<p>\u201c<em>Hay que recordar que Guatemala es un pa\u00eds que ha estado inmerso en la corrupci\u00f3n pol\u00edtica a lo largo de los a\u00f1os, con lo cual se hace dificultoso todo intento de transformaci\u00f3n\u201d, <\/em>sostuvo Francisco L\u00f3pez, quien adem\u00e1s indic\u00f3 que \u201c<em>La ilusi\u00f3n y el reconocimiento por parte de todo el progresismo latinoamericano es por la idea de que se puedan aplicar las reformas estructurales que necesita el pa\u00eds, aunque se la presentan bastantes complicaciones, ya que es uno de los pa\u00edses m\u00e1s pobres, junto con Hait\u00ed y Honduras\u201d<\/em>.\u00a0<\/p>\n\n\n\n<p>Por otra parte, Francisco L\u00f3pez asegur\u00f3 que puede darse el caso de que, a\u00fan con el sesenta por ciento de los votos, <em>\u201ccon un Parlamento de ciento sesenta diputados, que tienen la posibilidad de destituir a un presidente, de aprobar leyes, de hacer los cambios estructurales que demandan los pa\u00edses centroamericanos, pues se encuentra con el problema de que tiene veintitr\u00e9s diputados de ciento sesenta; o sea nada. Hay que recordar que el partido UNE tiene veintiocho diputados, VAMOS, que es un partido de derechas tiene treinta y nueve; b\u00e1sicamente son todos partidos de ultraderecha, de centroderecha y ultranacionalistas. El Movimiento Semilla es un partido progresista pero no izquierdista, aun as\u00ed es lo m\u00e1s a la izquierda que ahora mismo tiene el Parlamento guatemalteco\u201d<\/em><\/p>\n\n\n\n<figure class=\"wp-block-gallery has-nested-images columns-default is-cropped wp-block-gallery-2 is-layout-flex wp-block-gallery-is-layout-flex\">\n<figure class=\"wp-block-image size-large\"><img decoding=\"async\" width=\"960\" height=\"642\" data-id=\"3698\" src=\"https:\/\/xn--tuvozdiasporaespaola-k7b.com\/wp-content\/uploads\/2023\/08\/1000144154.jpg\" alt=\"\" class=\"wp-image-3698\"\/><\/figure>\n<\/figure>\n\n\n\n<p>Respecto a las perspectivas del nuevo gobierno, Francisco L\u00f3pez dijo que van a ser \u201c<em>de negociaci\u00f3n. Aunque hay otro tema que es importante tambi\u00e9n, y es que hasta antes de las elecciones a Bernardo Ar\u00e9valo intentaron sacarlo de la carrera electoral; quisieron anular su candidatura hasta \u00faltima hora. Lo evit\u00f3 la presi\u00f3n de la Uni\u00f3n Europea, la OEA y los pa\u00edses de Am\u00e9rica Latina. Eso posibilit\u00f3 que el fiscal general del Estado diera un paso atr\u00e1s y cesara con el acoso y derribo para inhabilitar su candidatura. Aun siendo presidente, se puede dar que busquen algo para quitarlo del poder. Yo creo que lo va a pasar muy mal. Es similar a lo que sucedi\u00f3\u00a0 con Pedro Castillo en Per\u00fa, que lleg\u00f3 al gobierno y se encontr\u00f3 con un Estado en contra. \u00c9l no ten\u00eda partido, fue elegido por Per\u00fa Libre y se encontr\u00f3 con un parlamento en contra hasta que todo esto culmin\u00f3 con el golpe de Estado\u201d<\/em><\/p>\n\n\n\n<figure class=\"wp-block-pullquote\"><blockquote><p>El presidente electo de Guatemala, Bernardo Ar\u00e9valo, recibi\u00f3 amenazas de muerte: la CIDH emiti\u00f3 una medida cautelar<\/p><\/blockquote><\/figure>\n\n\n\n<p>Otro de los puntos destacados del an\u00e1lisis de Francisco L\u00f3pez respecto de la actualidad pol\u00edtica guatemalteca es el temor al que refiere cuando hace hincapi\u00e9 en lo dif\u00edcil que le ser\u00e1 a Ar\u00e9valo gobernar un pa\u00eds asolado por la corrupci\u00f3n. <em>\u201cVan a por toda la c\u00fapula del Movimiento Semilla. Empezaron con el fundador, Alberto Fuentes, pero han ido sucesivamente por todos sus miembros. Es tal el grado de persecuci\u00f3n que el fiscal del Estado ha pedido un listado de todos los que han estado en todas las mesas representando al Movimiento Semilla como interventores, para iniciarles un proceso de investigaci\u00f3n\u201d.<\/em><\/p>\n\n\n\n<p>En relaci\u00f3n a lo que Francisco L\u00f3pez define como un <em>\u201calto grado de persecuci\u00f3n\u201d, la Comisi\u00f3n Interamericana de Derechos Humanos ha revelado esta semana la existencia de un plan para matar al reciente presidente electo de Guatemala; plan que \u2013seg\u00fan inform\u00f3 la CIDH- se denomina \u201cPlan Coloso\u201d.<\/em><\/p>\n\n\n\n<figure class=\"wp-block-gallery has-nested-images columns-default is-cropped wp-block-gallery-3 is-layout-flex wp-block-gallery-is-layout-flex\">\n<figure class=\"wp-block-image size-large\"><img decoding=\"async\" width=\"1065\" height=\"1491\" data-id=\"3697\" src=\"https:\/\/xn--tuvozdiasporaespaola-k7b.com\/wp-content\/uploads\/2023\/08\/1000144159.jpg\" alt=\"\" class=\"wp-image-3697\"\/><\/figure>\n<\/figure>\n\n\n\n<p>La CIDH, con sede en Washington, pidi\u00f3 al Estado de Guatemala que tome<em> \u201clas medidas necesarias para proteger los derechos a la vida e integridad personal de Ar\u00e9valo, quien est\u00e1 siendo objeto de vigilancia, seguimientos, campa\u00f1as de desprestigio y amenazas de muerte\u201d.<\/em><\/p>\n","protected":false},"excerpt":{"rendered":"<p>Por Walter C. Medina \u201cCenizas de Babilonia. Di\u00e1spora Espa\u00f1ola\u201d, programa conducido por Roberto San Mart\u00edn y Francisco L\u00f3pez en A.M. 830 Radio del Pueblo, &#8230; <\/p>\n<p class=\"read-more-container\"><a title=\"\u201cVAN POR TODA LA C\u00daPULA DEL MOVIMIENTO SEMILLA\u201d Guatemala.\" class=\"read-more button\" href=\"https:\/\/xn--tuvozdiasporaespaola-k7b.com\/page\/2\/van-por-toda-la-cupula-del-movimiento-semilla-guatemala\/#more-3694\" aria-label=\"M\u00e1s en \u201cVAN POR TODA LA C\u00daPULA DEL MOVIMIENTO SEMILLA\u201d Guatemala.\">Leer m\u00e1s<\/a><\/p>\n","protected":false},"author":222560522,"featured_media":3700,"comment_status":"open","ping_status":"open","sticky":false,"template":"","format":"standard","meta":{"footnotes":""},"categories":[121868],"tags":[],"class_list":["post-3694","post","type-post","status-publish","format-standard","has-post-thumbnail","hentry","category-latinoamerica","resize-featured-image"],"_links":{"self":[{"href":"https:\/\/xn--tuvozdiasporaespaola-k7b.com\/page\/2\/wp-json\/wp\/v2\/posts\/3694","targetHints":{"allow":["GET"]}}],"collection":[{"href":"https:\/\/xn--tuvozdiasporaespaola-k7b.com\/page\/2\/wp-json\/wp\/v2\/posts"}],"about":[{"href":"https:\/\/xn--tuvozdiasporaespaola-k7b.com\/page\/2\/wp-json\/wp\/v2\/types\/post"}],"author":[{"embeddable":true,"href":"https:\/\/xn--tuvozdiasporaespaola-k7b.com\/page\/2\/wp-json\/wp\/v2\/users\/222560522"}],"replies":[{"embeddable":true,"href":"https:\/\/xn--tuvozdiasporaespaola-k7b.com\/page\/2\/wp-json\/wp\/v2\/comments?post=3694"}],"version-history":[{"count":1,"href":"https:\/\/xn--tuvozdiasporaespaola-k7b.com\/page\/2\/wp-json\/wp\/v2\/posts\/3694\/revisions"}],"predecessor-version":[{"id":3701,"href":"https:\/\/xn--tuvozdiasporaespaola-k7b.com\/page\/2\/wp-json\/wp\/v2\/posts\/3694\/revisions\/3701"}],"wp:featuredmedia":[{"embeddable":true,"href":"https:\/\/xn--tuvozdiasporaespaola-k7b.com\/page\/2\/wp-json\/wp\/v2\/media\/3700"}],"wp:attachment":[{"href":"https:\/\/xn--tuvozdiasporaespaola-k7b.com\/page\/2\/wp-json\/wp\/v2\/media?parent=3694"}],"wp:term":[{"taxonomy":"category","embeddable":true,"href":"https:\/\/xn--tuvozdiasporaespaola-k7b.com\/page\/2\/wp-json\/wp\/v2\/categories?post=3694"},{"taxonomy":"post_tag","embeddable":true,"href":"https:\/\/xn--tuvozdiasporaespaola-k7b.com\/page\/2\/wp-json\/wp\/v2\/tags?post=3694"}],"curies":[{"name":"wp","href":"https:\/\/api.w.org\/{rel}","templated":true}]}}