{"id":3683,"date":"2023-08-27T19:01:54","date_gmt":"2023-08-27T22:01:54","guid":{"rendered":"https:\/\/xn--tuvozdiasporaespaola-k7b.com\/page\/2\/?p=3683"},"modified":"2023-09-11T19:42:11","modified_gmt":"2023-09-11T22:42:11","slug":"circunscripcion-exterior-una-buena-senal","status":"publish","type":"post","link":"https:\/\/xn--tuvozdiasporaespaola-k7b.com\/page\/2\/circunscripcion-exterior-una-buena-senal\/","title":{"rendered":"\u201cCIRCUNSCRIPCI\u00d3N EXTERIOR, UNA BUENA SE\u00d1AL\u201d"},"content":{"rendered":"\n<p>Transcripci\u00f3n efectuada por Walter C. Medina<\/p>\n\n\n\n<p>Entrevista a David Casarejos en AM-830 <\/p>\n\n\n\n<p>Con motivo de la reuni\u00f3n de David Casarejos con Adri\u00e1n Barb\u00f3n, Presidente del Principado de Asturias, Francisco L\u00f3pez y Roberto San Mart\u00edn entrevistaron al Presidente del CREE de M\u00e1nchester en el programa radiof\u00f3nico \u201cCenizas de Babilonia-Di\u00e1spora Espa\u00f1ola\u201d de Radio del Pueblo AM830.<\/p>\n\n\n\n<p> <strong>\u00bfC\u00f3mo trascurri\u00f3 esa conversaci\u00f3n y qu\u00e9 sacaste en claro de ella?<\/strong><\/p>\n\n\n\n<p>Hab\u00eda varios puntos a conversar con el Presidente del Principado de Asturias. El primero de ellos nos llev\u00f3 a discutir el tema de la circunscripci\u00f3n exterior, porque desde el punto de vista del Consejo General y de quienes representamos a la di\u00e1spora en el exterior, el anuncio por su parte, de una circunscripci\u00f3n exterior, antes incluso de tener formado el gobierno, evidentemente es una buena se\u00f1al. <\/p>\n\n\n\n<p>Que una comunidad aut\u00f3noma ofrezca la posibilidad de empezar a hacer este camino es una buena se\u00f1al. Porque creo que despu\u00e9s de Asturias, otras ir\u00e1n cayendo. Esperamos que Galicia pueda caer, esperamos que vayan cayendo las comunidades aut\u00f3nomas con gran peso de la di\u00e1spora. <\/p>\n\n\n\n<figure class=\"wp-block-gallery has-nested-images columns-default is-cropped wp-block-gallery-1 is-layout-flex wp-block-gallery-is-layout-flex\">\n<figure class=\"wp-block-image size-large\"><img fetchpriority=\"high\" decoding=\"async\" width=\"1079\" height=\"836\" data-id=\"3691\" src=\"https:\/\/xn--tuvozdiasporaespaola-k7b.com\/wp-content\/uploads\/2023\/08\/1000144044-1.jpg\" alt=\"\" class=\"wp-image-3691\"\/><\/figure>\n<\/figure>\n\n\n\n<p>Y luego, al final de la carretera, vamos a tratar de llevarlo a nivel nacional. Todos esperamos poder tener alg\u00fan tipo de circunscripci\u00f3n exterior que nos represente mucho mejor de los que ahora mismo se nos representa en el sistema actual. <\/p>\n\n\n\n<p>En el tema de la propuesta, el Presidente del Principado de Asturias quiere que desde Consejo General podemos empujar con su propuesta, porque sabemos que hay partidos en Asturias, como el Foro Asturias y el Partido Popular que, sin saber muy bien por qu\u00e9 raz\u00f3n, se han opuesto a la idea. Entonces lo que nos pidieron desde el Consejo General es hacer alg\u00fan tipo de declaraci\u00f3n o comunicaci\u00f3n para animar a todos los partidos a sumarse. <\/p>\n\n\n\n<p>En las elecciones de Asturias el asiento que est\u00e1n proponiendo lo hubiera ganado el Partido Popular, porque el voto exterior lo hab\u00eda ganado el PP por muy pocos votos. Con lo cual esta no es una propuesta partidista, hay cierto riesgo para todos los partidos. <\/p>\n\n\n\n<p>Los \u00fanicos que perder\u00edan son los terceros, cuartos, quintos partidos en lista. Otro tema que estuvimos discutiendo fue el de la organizaci\u00f3n del pleno del Consejo General en Asturias. En vez de reunirnos en Madrid, lo que estamos viendo es por qu\u00e9 no nos reunimos otra vez en las comunidades aut\u00f3nomas con gran peso de emigraci\u00f3n.<\/p>\n\n\n\n<p> Y Asturias le ofreci\u00f3 hace varios meses a nuestra presidente, Violeta Alonso, un posible lugar para el pleno. Y ahora, con todo el tema de las elecciones, estamos teniendo un deja v\u00fa con lo que pas\u00f3 en 2019, que pas\u00f3 algo parecido. <\/p>\n\n\n\n<p>El pleno del Consejo nunca se reuni\u00f3n en 2019. Y no queremos que esto se vuelva a repetir. Desde el Consejo General estamos tratando de apretar para que se anuncie ya la reuni\u00f3n del Consejo General.<\/p>\n\n\n\n<p><strong>Para que se produzca esta reuni\u00f3n ten\u00e9is que esperar a que se elija el nuevo gobierno o pod\u00e9is seguir reuni\u00e9ndose. \u00bfEs necesario que est\u00e9 constituido el Gobierno de Espa\u00f1a o segu\u00eds como hasta este momento?<\/strong><\/p>\n\n\n\n<p>Ese es el problema, porque nosotros somos una instituci\u00f3n independiente. Nosotros pertenecemos o estamos bajo el amparo de un ministerio concreto, pero somos un organismo independiente, y no tiene ning\u00fan sentido que se nos est\u00e9 dando largas hasta que est\u00e9 el gobierno formado. Hay un gobierno en funciones, ya se habl\u00f3 de esta reuni\u00f3n y se intent\u00f3 organizar en mayo, con lo cual esto tiene que seguir adelante porque nosotros no vamos de la mano de un partido o de otro.<\/p>\n\n\n\n<p>Podemos tener un secretario de Estado que va a tener una vicepresidencia del Consejo General, pero nuestra presidenta, Violeta Alonso, no pertenece a ning\u00fan partido pol\u00edtico y nosotros no dependemos de un gobierno o de otro.<\/p>\n\n\n\n<figure class=\"wp-block-gallery has-nested-images columns-default is-cropped wp-block-gallery-2 is-layout-flex wp-block-gallery-is-layout-flex\">\n<figure class=\"wp-block-image size-large\"><img decoding=\"async\" width=\"1024\" height=\"682\" data-id=\"3684\" src=\"https:\/\/xn--tuvozdiasporaespaola-k7b.com\/wp-content\/uploads\/2023\/08\/1000144046.jpg\" alt=\"\" class=\"wp-image-3684\"\/><figcaption class=\"wp-element-caption\">Violeta Alonso, Mar\u00eda Ballester y Santiago Yerga en el Sal\u00f3n de Sesiones del Congreso.<\/figcaption><\/figure>\n<\/figure>\n\n\n\n<p>Lo que queremos hacer es normalizar esta situaci\u00f3n. No queremos que cada vez que haya elecciones no nos reunamos durante un mont\u00f3n de meses por el simple hecho de que no quieren arriesgarse. Lo que estamos pidiendo es que se anuncie la reuni\u00f3n. <\/p>\n\n\n\n<p>Hay que el anuncio se tiene que hacer dos meses antes del pleno. Lo que tenemos que hacer es conseguir que se anuncie ya y que nos podamos reunir en octubre o a principios de noviembre.<\/p>\n\n\n\n<p><strong>El Principado de Asturias se propon\u00eda como sede permanente para celebrar las reuniones, en vez de Madrid, \u00bfesto es as\u00ed?<\/strong><\/p>\n\n\n\n<p>En anteriores mandatos ha habido reuniones en Galicia, en Asturias, en diferentes regiones; con lo cual no es absolutamente novedoso. Al principio se habl\u00f3 de que \u00edbamos a hacerla en Baleares, y resulta que en Baleares al final cay\u00f3 la propuesta porque no sabemos si el gobierno de Baleares va a estar por la labor de organizar un Consejo.<\/p>\n\n\n\n<p><strong>\u00bfLos proyectos en los que trabajan desde el Consejo est\u00e1n paralizados o segu\u00eds trabajando en ellos?<\/strong><\/p>\n\n\n\n<p>El texto del Estatuto ya se mand\u00f3. Se paralizar\u00eda si hubiera un cambio de gobierno. Con el PP, probablemente ellos quieran hacer un estatuto de ciudadan\u00eda exterior ellos, no heredar ninguno del gobierno actual. Si el gobierno es de partidos progresistas, entonces esto seguir\u00eda adelante. <\/p>\n\n\n\n<p>El tema de protecci\u00f3n a mujeres seguir\u00eda igual. Ahora tenemos alrededor de cuarenta propuestas que se han aprobado en comisiones durante el mes de julio en Madrid. Hay propuestas sobre circunscripci\u00f3n exterior, sobre nacionalidad y derechos, sobre actualizaciones de DNI en el exterior, etc. Todo esto no puede esperar hasta que de repente digan que lo dejan para el a\u00f1o que viene. <\/p>\n\n\n\n<p>Estoy trabajando en otras trece propuestas junto con mi compa\u00f1era Nuria Fraile. Hay mucha gente que con el nuevo Consejo General y los nuevos CREE, se est\u00e1n empezando a animar a mandarnos propuestas e ideas, y a estar m\u00e1s cerca de nosotros.<\/p>\n\n\n\n<p>La idea es tratar de reflejar todas las necesidades de la gente en el exterior. Y evidentemente, a cuanta m\u00e1s gente lleguemos vamos a tener la opci\u00f3n de que mucha de esa gente nunca ha o\u00eddo hablar de los CREE, tienen muy buenas ideas sobre posibles mejoras.<\/p>\n\n\n\n<figure class=\"wp-block-gallery has-nested-images columns-default is-cropped wp-block-gallery-3 is-layout-flex wp-block-gallery-is-layout-flex\">\n<figure class=\"wp-block-image size-large\"><img decoding=\"async\" width=\"636\" height=\"295\" data-id=\"3690\" src=\"https:\/\/xn--tuvozdiasporaespaola-k7b.com\/wp-content\/uploads\/2023\/08\/1000144045-1.jpg\" alt=\"\" class=\"wp-image-3690\"\/><\/figure>\n<\/figure>\n\n\n\n<p><strong>\u00bfEst\u00e1is trabajando en el desarrollo de las pr\u00f3ximas elecciones para los CREE?<\/strong><\/p>\n\n\n\n<p>Nosotros hemos tratado de empujar para quitar todas las trabas que hay. Ahora mismo hay una traba que es muy clara \u00abdel 7 %\u00bb que sigifica , la misma  dice que el 7 por ciento de la poblaci\u00f3n dependiente del consulado donde que elige en CREE  no puede votar si hay solo una lista. <\/p>\n\n\n\n<p>Esto lo que hace es abocar a muchos pa\u00edses a tener dos listas o quedarse fuera de tener representaci\u00f3n. No queremos tener que estar haciendo dos listas, queremos que se facilite la necesidad de un consejo de residentes. Estamos tratando de facilitar c\u00f3mo hacer las listas sin contradecir estas normas.  <\/p>\n\n\n\n<p> <\/p>\n","protected":false},"excerpt":{"rendered":"<p>Transcripci\u00f3n efectuada por Walter C. Medina Entrevista a David Casarejos en AM-830 Con motivo de la reuni\u00f3n de David Casarejos con Adri\u00e1n Barb\u00f3n, Presidente &#8230; <\/p>\n<p class=\"read-more-container\"><a title=\"\u201cCIRCUNSCRIPCI\u00d3N EXTERIOR, UNA BUENA SE\u00d1AL\u201d\" class=\"read-more button\" href=\"https:\/\/xn--tuvozdiasporaespaola-k7b.com\/page\/2\/circunscripcion-exterior-una-buena-senal\/#more-3683\" aria-label=\"M\u00e1s en \u201cCIRCUNSCRIPCI\u00d3N EXTERIOR, UNA BUENA SE\u00d1AL\u201d\">Leer m\u00e1s<\/a><\/p>\n","protected":false},"author":222560522,"featured_media":3693,"comment_status":"open","ping_status":"open","sticky":false,"template":"","format":"standard","meta":{"footnotes":""},"categories":[121854],"tags":[],"class_list":["post-3683","post","type-post","status-publish","format-standard","has-post-thumbnail","hentry","category-consejo-de-residentes-espanoles","resize-featured-image"],"_links":{"self":[{"href":"https:\/\/xn--tuvozdiasporaespaola-k7b.com\/page\/2\/wp-json\/wp\/v2\/posts\/3683","targetHints":{"allow":["GET"]}}],"collection":[{"href":"https:\/\/xn--tuvozdiasporaespaola-k7b.com\/page\/2\/wp-json\/wp\/v2\/posts"}],"about":[{"href":"https:\/\/xn--tuvozdiasporaespaola-k7b.com\/page\/2\/wp-json\/wp\/v2\/types\/post"}],"author":[{"embeddable":true,"href":"https:\/\/xn--tuvozdiasporaespaola-k7b.com\/page\/2\/wp-json\/wp\/v2\/users\/222560522"}],"replies":[{"embeddable":true,"href":"https:\/\/xn--tuvozdiasporaespaola-k7b.com\/page\/2\/wp-json\/wp\/v2\/comments?post=3683"}],"version-history":[{"count":2,"href":"https:\/\/xn--tuvozdiasporaespaola-k7b.com\/page\/2\/wp-json\/wp\/v2\/posts\/3683\/revisions"}],"predecessor-version":[{"id":3796,"href":"https:\/\/xn--tuvozdiasporaespaola-k7b.com\/page\/2\/wp-json\/wp\/v2\/posts\/3683\/revisions\/3796"}],"wp:featuredmedia":[{"embeddable":true,"href":"https:\/\/xn--tuvozdiasporaespaola-k7b.com\/page\/2\/wp-json\/wp\/v2\/media\/3693"}],"wp:attachment":[{"href":"https:\/\/xn--tuvozdiasporaespaola-k7b.com\/page\/2\/wp-json\/wp\/v2\/media?parent=3683"}],"wp:term":[{"taxonomy":"category","embeddable":true,"href":"https:\/\/xn--tuvozdiasporaespaola-k7b.com\/page\/2\/wp-json\/wp\/v2\/categories?post=3683"},{"taxonomy":"post_tag","embeddable":true,"href":"https:\/\/xn--tuvozdiasporaespaola-k7b.com\/page\/2\/wp-json\/wp\/v2\/tags?post=3683"}],"curies":[{"name":"wp","href":"https:\/\/api.w.org\/{rel}","templated":true}]}}