{"id":3670,"date":"2023-08-24T16:13:46","date_gmt":"2023-08-24T19:13:46","guid":{"rendered":"https:\/\/xn--tuvozdiasporaespaola-k7b.com\/page\/2\/?p=3670"},"modified":"2023-08-24T16:13:47","modified_gmt":"2023-08-24T19:13:47","slug":"los-lideres-del-brics-aprobaron-la-el-ingreso-de-argentina-en-la-xv-cumbre","status":"publish","type":"post","link":"https:\/\/xn--tuvozdiasporaespaola-k7b.com\/page\/2\/los-lideres-del-brics-aprobaron-la-el-ingreso-de-argentina-en-la-xv-cumbre\/","title":{"rendered":"Los l\u00edderes del BRICS aprobaron la el Ingreso de Argentina en  la XV Cumbre."},"content":{"rendered":"\n<p><strong> El anuncio de la adhesi\u00f3n de seis nuevos miembros al bloque econ\u00f3mico: Argentina, Egipto, Ir\u00e1n, Emiratos \u00c1rabes Unidos, Arabia Saudita y Etiop\u00eda.<\/strong><\/p>\n\n\n\n<p>.<\/p>\n\n\n\n<p> La adhesi\u00f3n de seis nuevos miembros al bloque: Argentina, Egipto, Ir\u00e1n, Emiratos \u00c1rabes Unidos, Arabia Saudita y Etiop\u00eda desde  el 1 de enero de 2024.<\/p>\n\n\n\n<p>Al mismo tiempo los l\u00edderes del grupo han dado instrucciones a sus ministros de Asuntos Exteriores para que \u00absigan desarrollando el modelo de asociaci\u00f3n del BRICS y elaboren una lista de posibles pa\u00edses socios e informen al respecto en la pr\u00f3xima cumbre\u00bb. <\/p>\n\n\n\n<p>De este modo seg\u00fan nuestro punto de vista se mantendr\u00e1  un di\u00e1logo inclusivo sobre cuestiones clave relacionadas con los pa\u00edses en desarrollo, tomando  las medidas para garantizar una cooperaci\u00f3n mundial m\u00e1s equitativa, inclusiva y multilateral.<\/p>\n\n\n\n<p> \u00abNuestra diversidad refuerza nuestras aspiraciones a un nuevo orden mundial, el BRICS representar\u00e1 el 37 % del PIB mundial de paridad de poder adquisitivo, as\u00ed como el 46 % de la poblaci\u00f3n mundial\u00bb.<\/p>\n\n\n\n<figure class=\"wp-block-pullquote\"><blockquote><p>Los l\u00edderes del BRICS han aprobado este jueves la declaraci\u00f3n final de la XV Cumbre del bloque econ\u00f3mico, compuesto por Brasil, Rusia, la India, China y Sud\u00e1frica, que arranc\u00f3 este martes en la ciudad de Johannesburgo<\/p><\/blockquote><\/figure>\n\n\n\n<p>El primer ministro indio, Narendra Modi, indic\u00f3 que su pa\u00eds \u00absiempre ha apoyado plenamente\u00bb la ampliaci\u00f3n del n\u00famero de miembros del bloque. \u00abLa India siempre ha cre\u00eddo que la incorporaci\u00f3n de nuevos miembros fortalecer\u00e1 a\u00fan m\u00e1s al BRICS como organizaci\u00f3n y dar\u00e1 un nuevo impulso a nuestro esfuerzo com\u00fan. <\/p>\n\n\n\n<figure class=\"wp-block-gallery has-nested-images columns-default is-cropped wp-block-gallery-1 is-layout-flex wp-block-gallery-is-layout-flex\">\n<figure class=\"wp-block-image size-large\"><img fetchpriority=\"high\" decoding=\"async\" width=\"1280\" height=\"720\" data-id=\"3671\" src=\"https:\/\/xn--tuvozdiasporaespaola-k7b.com\/wp-content\/uploads\/2023\/08\/1000143160.webp\" alt=\"\" class=\"wp-image-3671\"\/><\/figure>\n<\/figure>\n\n\n\n<p>Tambi\u00e9n reforzar\u00e1 la fe de muchos pa\u00edses de todo el mundo en el orden mundial multilateral\u00bb, afirm\u00f3.Adem\u00e1s, Modi est\u00e1 convencido de que con los nuevos miembros, el BRICS \u00abser\u00e1 capaz de dar un nuevo dinamismo y energ\u00eda a su cooperaci\u00f3n\u00bb. <\/p>\n\n\n\n<p>Se\u00f1al\u00f3 que la India \u00abmantiene relaciones hist\u00f3ricas muy estrechas con todos\u00bb los nuevos miembros. \u00abGracias al BRICS, tambi\u00e9n se dar\u00e1n nuevas dimensiones a nuestra cooperaci\u00f3n bilateral con estos pa\u00edses\u00bb, a\u00f1adi\u00f3.<\/p>\n\n\n\n<figure class=\"wp-block-embed is-type-rich is-provider-twitter wp-block-embed-twitter\"><div class=\"wp-block-embed__wrapper\">\n<blockquote class=\"twitter-tweet\" data-width=\"550\" data-dnt=\"true\"><p lang=\"es\" dir=\"ltr\">Fern\u00e1ndez afirma que Argentina hace lo correcto al unirse al BRICS<br><br>El presidente Alberto Fern\u00e1ndez ha anunciado que Argentina fue invitada a unirse a los BRICS, convirti\u00e9ndose en el segundo pa\u00eds de Latinoam\u00e9rica y el primero de habla hispana en conformar este bloque econ\u00f3mico <a href=\"https:\/\/t.co\/6L1bCZ2EDu\">pic.twitter.com\/6L1bCZ2EDu<\/a><\/p>&mdash; Sepa M\u00e1s (@Sepa_mass) <a href=\"https:\/\/twitter.com\/Sepa_mass\/status\/1694736496652165500?ref_src=twsrc%5Etfw\">August 24, 2023<\/a><\/blockquote><script async src=\"https:\/\/platform.twitter.com\/widgets.js\" charset=\"utf-8\"><\/script>\n<\/div><\/figure>\n\n\n\n<p>El presidente de Argentina, Alberto Fern\u00e1ndez, celebr\u00f3 este jueves la incorporaci\u00f3n de ese pa\u00eds al bloque BRICS.\u00bbComo parte del sur global, este sur lleno de esperanza y de futuro, nos hemos incorporado a la alianza de los BRICS, los pa\u00edses m\u00e1s importantes de las econom\u00edas emergentes, se abre un nuevo escenario para Argentina\u00bb\u00bbVamos a ser protagonistas de un destino com\u00fan en un bloque que representa m\u00e1s del 40 % de la poblaci\u00f3n mundial y al mismo tiempo seguimos fortaleciendo relaciones fruct\u00edferas con otros pa\u00edses del mundo\u00bb, afirm\u00f3 este jueves desde Buenos Aires,  luego de participar v\u00eda remota en la XV Cumbre que este grupo realiz\u00f3 en Johannesburgo.<\/p>\n\n\n\n<p><\/p>\n\n\n\n<figure class=\"wp-block-embed is-type-rich is-provider-twitter wp-block-embed-twitter\"><div class=\"wp-block-embed__wrapper\">\n<blockquote class=\"twitter-tweet\" data-width=\"550\" data-dnt=\"true\"><p lang=\"es\" dir=\"ltr\">Lavrov compara a los BRICS con un equipo de futbol<br><br>En el tercer d\u00eda de los BRICS, Sergu\u00e9i Lavrov subray\u00f3 que el a\u00f1o que viene la Federaci\u00f3n de Rusia tendr\u00e1 la Presidencia del BRICS y ayudar\u00e1 a los nuevos miembros a adaptarse a la organizaci\u00f3n. <a href=\"https:\/\/t.co\/3xfngca6cA\">pic.twitter.com\/3xfngca6cA<\/a><\/p>&mdash; Sepa M\u00e1s (@Sepa_mass) <a href=\"https:\/\/twitter.com\/Sepa_mass\/status\/1694715251512807933?ref_src=twsrc%5Etfw\">August 24, 2023<\/a><\/blockquote><script async src=\"https:\/\/platform.twitter.com\/widgets.js\" charset=\"utf-8\"><\/script>\n<\/div><\/figure>\n\n\n\n<p>Por su parte el canciller Ruso Lavrov que este \u00abexplosivo\u00bb crecimiento por los BRICS  se debe a que cada vez hay  m\u00e1s pa\u00edses que \u00abno est\u00e1n dispuestos a limitarse a seguir ciegamente las \u00f3rdenes de Occidente\u00bb, ven en el BRICS \u00abaliados, un pilar del propio mundo multipolar\u00bb.<\/p>\n\n\n\n<figure class=\"wp-block-embed is-type-rich is-provider-twitter wp-block-embed-twitter\"><div class=\"wp-block-embed__wrapper\">\n<blockquote class=\"twitter-tweet\" data-width=\"550\" data-dnt=\"true\"><p lang=\"es\" dir=\"ltr\">Miguel D\u00edaz-Canel opina que la extensi\u00f3n de los nuevos mecanismos del BRICS a otros pa\u00edses contribuir\u00eda a paliar los desequilibrios del sistema monetario actual. <a href=\"https:\/\/t.co\/v1pEKc46aR\">pic.twitter.com\/v1pEKc46aR<\/a><\/p>&mdash; Sepa M\u00e1s (@Sepa_mass) <a href=\"https:\/\/twitter.com\/Sepa_mass\/status\/1694689663032713357?ref_src=twsrc%5Etfw\">August 24, 2023<\/a><\/blockquote><script async src=\"https:\/\/platform.twitter.com\/widgets.js\" charset=\"utf-8\"><\/script>\n<\/div><\/figure>\n\n\n\n<p>Diaz Canel presidente de Cuba manifest\u00f3 que \u00bb El banco de desarrollo  puede  y debe  Convertirse  en una alternativa frente a las actuales  instituciones  financieras.<\/p>\n\n\n\n<p>A La vez destac\u00f3 que \u00abnadie puede cuestionar la creciente autoridad de los BRICS, por eso no dudamos en dar la bienvenida a su eventual ampliaci\u00f3n\u00bb.<\/p>\n\n\n\n<figure class=\"wp-block-embed is-type-rich is-provider-twitter wp-block-embed-twitter\"><div class=\"wp-block-embed__wrapper\">\n<blockquote class=\"twitter-tweet\" data-width=\"550\" data-dnt=\"true\"><p lang=\"es\" dir=\"ltr\">Este 24 de agosto, el presidente de Brasil, Luiz In\u00e1cio Lula da Silva, dio la bienvenida al bloque del BRICS a los pa\u00edses que se convertir\u00e1n en miembros plenos de la asociaci\u00f3n. <a href=\"https:\/\/t.co\/9V3JeZncmk\">pic.twitter.com\/9V3JeZncmk<\/a><\/p>&mdash; Sepa M\u00e1s (@Sepa_mass) <a href=\"https:\/\/twitter.com\/Sepa_mass\/status\/1694679283858645045?ref_src=twsrc%5Etfw\">August 24, 2023<\/a><\/blockquote><script async src=\"https:\/\/platform.twitter.com\/widgets.js\" charset=\"utf-8\"><\/script>\n<\/div><\/figure>\n\n\n\n<p>Por su parte, el presidente de Brasil, Luiz InLula presidente de BRASIL se\u00f1al\u00f3 que cuando Sud\u00e1frica se uni\u00f3 al bloque en 2011, mucha gente dijo que los pa\u00edses miembros \u00abson demasiado diferentes y que no podr\u00edan llegar al mismo punto de vista\u00bb. <\/p>\n\n\n\n<p>\u00abSin embargo, la experiencia ha demostrado lo contrario. Nuestra diversidad refuerza nuestras aspiraciones a un nuevo orden mundial, al pluralismo en la pol\u00edtica, la econom\u00eda y otras esferas\u00bb, declar\u00f3.Continu\u00f3  Lula,  manifestando que  \u00bb el mundo, que est\u00e1 cambiando activamente, el BRICS proporciona una oportunidad para desarrollar nuevas soluciones por lo que se ve inter\u00e9s por parte de otros pa\u00edses que quieren unirse a la asociaci\u00f3n\u00bb. <\/p>\n\n\n\n<p> \u00abEl mundo es m\u00e1s complejo que la mentalidad de la Guerra Fr\u00eda que algunos quieren restaurar\u00bb a\u00f1adiendo \u00abEn vez de adherir la l\u00f3gica de la competencia, que impone alianzas y fomenta desconfianzas, tenemos que fortalecer nuestra colaboraci\u00f3n\u00bb, afirm\u00f3 el presidente brasile\u00f1o.<\/p>\n\n\n\n<figure class=\"wp-block-embed is-type-rich is-provider-twitter wp-block-embed-twitter\"><div class=\"wp-block-embed__wrapper\">\n<blockquote class=\"twitter-tweet\" data-width=\"550\" data-dnt=\"true\"><p lang=\"es\" dir=\"ltr\">Xi Jinping felicita a los nuevos miembros de los BRICS por su adhesi\u00f3n<br><br>Xi Jinping declar\u00f3 que seis nuevos pa\u00edses se unen al BRICS tras la decisi\u00f3n un\u00e1nime de los l\u00edderes de los cinco Estados miembros. <a href=\"https:\/\/t.co\/RNK4dalCNS\">pic.twitter.com\/RNK4dalCNS<\/a><\/p>&mdash; Sepa M\u00e1s (@Sepa_mass) <a href=\"https:\/\/twitter.com\/Sepa_mass\/status\/1694657462127976668?ref_src=twsrc%5Etfw\">August 24, 2023<\/a><\/blockquote><script async src=\"https:\/\/platform.twitter.com\/widgets.js\" charset=\"utf-8\"><\/script>\n<\/div><\/figure>\n\n\n\n<p>El presidente de China, Xi Jinping, ha calificado este jueves la expansi\u00f3n del grupo de los BRICS como \u00abun d\u00eda hist\u00f3rico\u00bb y un \u00abnuevo punto de partida\u00bb para la interacci\u00f3n en el marco del bloque econ\u00f3mico.<\/p>\n\n\n\n<p>\u00abEs un nuevo horizonte de trabajo para los BRICS. Es algo que dar\u00e1 una mayor calidad a su mecanismo de cooperaci\u00f3n, para la paz, la estabilidad y la seguridad\u00bb, asegur\u00f3 el mandatario.<\/p>\n\n\n\n<p><blockquote class=\"twitter-tweet\" data-width=\"550\" data-dnt=\"true\"><p lang=\"es\" dir=\"ltr\">Vlad\u00edmir Putin ha subrayado que, en el mundo actual, los pa\u00edses en desarrollo se enfrentan a una carga de la deuda que favorece a los pa\u00edses que resuelven problemas a expensas de otros. <a href=\"https:\/\/t.co\/67cM8LYskt\">pic.twitter.com\/67cM8LYskt<\/a><\/p>&mdash; Sepa M\u00e1s (@Sepa_mass) <a href=\"https:\/\/twitter.com\/Sepa_mass\/status\/1694684049485300150?ref_src=twsrc%5Etfw\">August 24, 2023<\/a><\/blockquote><script async src=\"https:\/\/platform.twitter.com\/widgets.js\" charset=\"utf-8\"><\/script><\/p>\n\n\n\n<p>Putin presidente de RUSIA : \u00abEl BRICS no se opone a nadie, pero la creaci\u00f3n de un mundo multipolar tiene opositores irreconciliables\u00bb tambi\u00e9n destac\u00f3 que la mayor\u00eda mundial \u00abse va cansando cada vez m\u00e1s\u00bb de la presi\u00f3n y manipulaciones de Occidente y est\u00e1 lista para una cooperaci\u00f3n equitativa. Afirmando: \u00abContinuaremos el trabajo para ampliar la influencia de los BRICS en el mundo\u00bbPutin<\/p>\n\n\n\n<p> El presidente de Bolivia, Luis Arce, asever\u00f3 este jueves que su pa\u00eds tiene \u00abmucho que ofrecer\u00bb al bloque de los BRICS, especialmente por sus importantes reservas de litio.\u00bbSomos un socio estrat\u00e9gico en ese sentido\u00bb, indic\u00f3 a RT el mandatario, quien consider\u00f3 que la adhesi\u00f3n al bloque de naciones conformado por Brasil, Rusia, la India, China y Sud\u00e1frica, \u00abrepresenta una alternativa para pa\u00edses que han sufrido expoliaci\u00f3n\u00bb de sus recursos naturales.<\/p>\n\n\n\n<p>En medio del cambio de la matriz energ\u00e9tica, destac\u00f3 a Bolivia como la primera naci\u00f3n con mayores reservas de litio e indic\u00f3 que adem\u00e1s \u00abtiene un gran componente minero, no solo de la miner\u00eda tradicional, sino de minerales y metales raros\u00bb, que son estrat\u00e9gicos.<\/p>\n\n\n\n<p>El grupo BRICS apoya el uso de monedas nacionales en el comercio internacional y en las transacciones financieras entre sus miembros y sus socios, seg\u00fan la declaraci\u00f3n final aprobada este jueves, \u00faltima jornada de la XV Cumbre del bloque econ\u00f3mico.<\/p>\n\n\n\n<p>De acuerdo con el documento, los pa\u00edses del grupo \u00abacogen con satisfacci\u00f3n el intercambio de experiencias entre los miembros del BRICS sobre infraestructuras de pago, incluida la interconexi\u00f3n de los sistemas de pago transfronterizos\u00bb.<\/p>\n\n\n\n<p>Adem\u00e1s, creen que esto \u00abmejorar\u00e1 a\u00fan m\u00e1s la cooperaci\u00f3n\u00bb, as\u00ed como \u00abcontribuir\u00e1 a fomentar un di\u00e1logo sobre las herramientas de pago para facilitar el comercio y los flujos de inversi\u00f3n entre los miembros del BRICS, as\u00ed como otros pa\u00edses en desarrollo\u00bb. <\/p>\n\n\n\n<figure class=\"wp-block-embed is-type-rich is-provider-twitter wp-block-embed-twitter\"><div class=\"wp-block-embed__wrapper\">\n<blockquote class=\"twitter-tweet\" data-width=\"550\" data-dnt=\"true\"><p lang=\"es\" dir=\"ltr\">Vea la entrevista completa aqu\u00ed: <a href=\"https:\/\/t.co\/RuTUYOsGub\">https:\/\/t.co\/RuTUYOsGub<\/a> <a href=\"https:\/\/t.co\/5IF2Xj5xtt\">pic.twitter.com\/5IF2Xj5xtt<\/a><\/p>&mdash; RT en Espa\u00f1ol (@ActualidadRT) <a href=\"https:\/\/twitter.com\/ActualidadRT\/status\/1694743989373858224?ref_src=twsrc%5Etfw\">August 24, 2023<\/a><\/blockquote><script async src=\"https:\/\/platform.twitter.com\/widgets.js\" charset=\"utf-8\"><\/script>\n<\/div><\/figure>\n\n\n\n<p>\u00abSubrayamos la importancia de promover el uso de monedas nacionales en el comercio internacional y en las transacciones financieras entre los BRICS y sus socios comerciales. Tambi\u00e9n instamos a que se refuercen las redes de bancos corresponsales entre los pa\u00edses del BRICS y a que se permitan las transacciones en las monedas nacionales\u00bb.<\/p>\n\n\n\n<p>Estos son los puntos clave del documento:<\/p>\n\n\n\n<p>.-Los pa\u00edses de los BRICS reiteraron su compromiso con el multilateralismo y la defensa del derecho internacional.<\/p>\n\n\n\n<p>.-Adem\u00e1s, expresaron su preocupaci\u00f3n por el uso de sanciones unilaterales y sus efectos negativos en los pa\u00edses en desarrollo. Los BRICS declararon tambi\u00e9n que se oponen a las barreras comerciales, incluidas las impuestas por los pa\u00edses desarrollados con el pretexto de luchar contra el cambio clim\u00e1tico.<\/p>\n\n\n\n<p>.-El grupo invit\u00f3 a Argentina, Egipto, Ir\u00e1n, Emiratos \u00c1rabes Unidos, Arabia Saudita y Etiop\u00eda a convertirse en miembros de pleno derecho a partir del 1 de enero de 2024.<\/p>\n\n\n\n<p>.-Los BRICS consideran que la ONU es la piedra angular del sistema internacional, pero se expresaron a favor de la reforma de la ONU y de una mayor representaci\u00f3n de los pa\u00edses en desarrollo en el Consejo de Seguridad de la Organizaci\u00f3n. <\/p>\n\n\n\n<p>.-Al mismo tiempo, los pa\u00edses pidieron una mayor representaci\u00f3n de los Estados en desarrollo en las organizaciones internacionales y los foros multilaterales.<\/p>\n\n\n\n<p>.-Los pa\u00edses del grupo est\u00e1n a favor del uso de las monedas nacionales en el comercio internacional y en las transacciones financieras entre s\u00ed. <\/p>\n\n\n\n<p>.-Los l\u00edderes se comprometieron a reforzar la coordinaci\u00f3n macroecon\u00f3mica y a profundizar la cooperaci\u00f3n econ\u00f3mica.<\/p>\n\n\n\n<figure class=\"wp-block-embed is-type-rich is-provider-twitter wp-block-embed-twitter\"><div class=\"wp-block-embed__wrapper\">\n<blockquote class=\"twitter-tweet\" data-width=\"550\" data-dnt=\"true\"><p lang=\"es\" dir=\"ltr\">Los BRICS adoptan una nueva declaraci\u00f3n<br><br>El presidente de Sud\u00e1frica, Cyril Ramaphosa, ha anunciado que fue adoptada la Declaraci\u00f3n II del BRICS durante la jornada final de la cumbre en Johannesburgo. <a href=\"https:\/\/t.co\/cpoh1Z2HnP\">pic.twitter.com\/cpoh1Z2HnP<\/a><\/p>&mdash; RT en Espa\u00f1ol (@ActualidadRT) <a href=\"https:\/\/twitter.com\/ActualidadRT\/status\/1694673410092302795?ref_src=twsrc%5Etfw\">August 24, 2023<\/a><\/blockquote><script async src=\"https:\/\/platform.twitter.com\/widgets.js\" charset=\"utf-8\"><\/script>\n<\/div><\/figure>\n\n\n\n<p>.-Los BRICS expresaron su preocupaci\u00f3n por los conflictos en el mundo e insistieron en la resoluci\u00f3n pac\u00edfica de las diferencias a trav\u00e9s del di\u00e1logo. <\/p>\n\n\n\n<p>.-Los pa\u00edses apoyaron la resoluci\u00f3n pac\u00edfica del conflicto ucraniano, los conflictos en N\u00edger, Libia y Sud\u00e1n y el conflicto sobre el programa nuclear iran\u00ed.<\/p>\n\n\n\n<p>.-Los l\u00edderes de los BRICS apoyaron el desarrollo de una convenci\u00f3n internacional sobre la lucha contra el uso de las tecnolog\u00edas informativas y de comunicaci\u00f3n con fines delictivos. Los BRICS apoyan el fortalecimiento del r\u00e9gimen de la no proliferaci\u00f3n de armas de destrucci\u00f3n masiva.<\/p>\n\n\n\n<p>.-El bloque reforzar\u00e1 la cooperaci\u00f3n en materia de seguridad alimentaria entre los pa\u00edses de la agrupaci\u00f3n y fuera de ella.<\/p>\n\n\n\n<p>.-El grupo subray\u00f3 la importancia del G20 como foro internacional de primer orden.<\/p>\n\n\n\n<p>.-Los pa\u00edses del grupo acordaron trabajar para aumentar los flujos tur\u00edsticos mutuos.<\/p>\n\n\n\n<p>.-El bloque considera que la recuperaci\u00f3n econ\u00f3mica desequilibrada de la pandemia est\u00e1 exacerbando las desigualdades mundiales.<\/p>\n\n\n\n<figure class=\"wp-block-gallery has-nested-images columns-default is-cropped wp-block-gallery-2 is-layout-flex wp-block-gallery-is-layout-flex\">\n<figure class=\"wp-block-image size-large\"><img decoding=\"async\" width=\"1920\" height=\"1080\" data-id=\"3672\" src=\"https:\/\/xn--tuvozdiasporaespaola-k7b.com\/wp-content\/uploads\/2023\/08\/1000143158.jpg\" alt=\"\" class=\"wp-image-3672\"\/><\/figure>\n<\/figure>\n\n\n\n<p>Sin lugar a dudas el BRICS significa el final del monopolio financiero del D\u00f3lar como \u00fanica moneda de transacci\u00f3n internacional comercial y el principio de un nuevo mundo financiero apoyado en las fortalezas de los pa\u00edses emergentes.<\/p>\n","protected":false},"excerpt":{"rendered":"<p>El anuncio de la adhesi\u00f3n de seis nuevos miembros al bloque econ\u00f3mico: Argentina, Egipto, Ir\u00e1n, Emiratos \u00c1rabes Unidos, Arabia Saudita y Etiop\u00eda. . La &#8230; <\/p>\n<p class=\"read-more-container\"><a title=\"Los l\u00edderes del BRICS aprobaron la el Ingreso de Argentina en  la XV Cumbre.\" class=\"read-more button\" href=\"https:\/\/xn--tuvozdiasporaespaola-k7b.com\/page\/2\/los-lideres-del-brics-aprobaron-la-el-ingreso-de-argentina-en-la-xv-cumbre\/#more-3670\" aria-label=\"M\u00e1s en Los l\u00edderes del BRICS aprobaron la el Ingreso de Argentina en  la XV Cumbre.\">Leer m\u00e1s<\/a><\/p>\n","protected":false},"author":222560522,"featured_media":3673,"comment_status":"open","ping_status":"open","sticky":false,"template":"","format":"standard","meta":{"footnotes":""},"categories":[121850],"tags":[],"class_list":["post-3670","post","type-post","status-publish","format-standard","has-post-thumbnail","hentry","category-politica","resize-featured-image"],"_links":{"self":[{"href":"https:\/\/xn--tuvozdiasporaespaola-k7b.com\/page\/2\/wp-json\/wp\/v2\/posts\/3670","targetHints":{"allow":["GET"]}}],"collection":[{"href":"https:\/\/xn--tuvozdiasporaespaola-k7b.com\/page\/2\/wp-json\/wp\/v2\/posts"}],"about":[{"href":"https:\/\/xn--tuvozdiasporaespaola-k7b.com\/page\/2\/wp-json\/wp\/v2\/types\/post"}],"author":[{"embeddable":true,"href":"https:\/\/xn--tuvozdiasporaespaola-k7b.com\/page\/2\/wp-json\/wp\/v2\/users\/222560522"}],"replies":[{"embeddable":true,"href":"https:\/\/xn--tuvozdiasporaespaola-k7b.com\/page\/2\/wp-json\/wp\/v2\/comments?post=3670"}],"version-history":[{"count":1,"href":"https:\/\/xn--tuvozdiasporaespaola-k7b.com\/page\/2\/wp-json\/wp\/v2\/posts\/3670\/revisions"}],"predecessor-version":[{"id":3674,"href":"https:\/\/xn--tuvozdiasporaespaola-k7b.com\/page\/2\/wp-json\/wp\/v2\/posts\/3670\/revisions\/3674"}],"wp:featuredmedia":[{"embeddable":true,"href":"https:\/\/xn--tuvozdiasporaespaola-k7b.com\/page\/2\/wp-json\/wp\/v2\/media\/3673"}],"wp:attachment":[{"href":"https:\/\/xn--tuvozdiasporaespaola-k7b.com\/page\/2\/wp-json\/wp\/v2\/media?parent=3670"}],"wp:term":[{"taxonomy":"category","embeddable":true,"href":"https:\/\/xn--tuvozdiasporaespaola-k7b.com\/page\/2\/wp-json\/wp\/v2\/categories?post=3670"},{"taxonomy":"post_tag","embeddable":true,"href":"https:\/\/xn--tuvozdiasporaespaola-k7b.com\/page\/2\/wp-json\/wp\/v2\/tags?post=3670"}],"curies":[{"name":"wp","href":"https:\/\/api.w.org\/{rel}","templated":true}]}}