{"id":362,"date":"2022-10-14T17:07:08","date_gmt":"2022-10-14T20:07:08","guid":{"rendered":"https:\/\/xn--tuvozdiasporaespaola-k7b.com\/?p=362"},"modified":"2022-10-14T21:21:18","modified_gmt":"2022-10-15T00:21:18","slug":"podemos-mentiras-de-prensa-intencionadas-o-verdades-a-medias","status":"publish","type":"post","link":"https:\/\/xn--tuvozdiasporaespaola-k7b.com\/page\/2\/podemos-mentiras-de-prensa-intencionadas-o-verdades-a-medias\/","title":{"rendered":"PODEMOS \u00bfMENTIRAS de PRENSA INTENCIONADAS o VERDADES A MEDIAS?"},"content":{"rendered":"\n<p>\u00abPSOE y PP se lanzan a por los 2,27 millones de electores en el exterior tras la eliminaci\u00f3n del voto rogado\u00bb<\/p>\n\n\n\n<p>Hace unos d\u00edas nos encontramos una noticia en el diario digital Diario.es escrita por Irene Castro y Aitor Riveiro. Este art\u00edculo es enga\u00f1oso y busca redireccionar voluntades manifestando apreciaciones como estas:<\/p>\n\n\n\n<p>\u00ab<em>De 2008, las \u00faltimas sin ese sistema, vot\u00f3 el 31,88% de los expatriados. En las siguientes convocatorias a las Cortes Generales (2011-2019) la participaci\u00f3n se desplom\u00f3 y oscil\u00f3 entre el 4,73% y el 6,8%. Ahora, trabajan para reactivar sus nodos en las colonias de ciudadanos espa\u00f1oles.<\/em>\u00bb Esta informaci\u00f3n es FALSA.<\/p>\n\n\n\n<p>Vemos en estas declaraciones mala intenci\u00f3n, a la vez que se oculta la realidad. Hoy en d\u00eda s\u00ed existe una plataforma importante con implantaci\u00f3n en el Exterior que es PODEMOS EXTERIOR.&nbsp;<\/p>\n\n\n\n<p>\u201c<em>Antes del voto rogado ten\u00edamos mucha potencia en el exterior. \u00c9ramos la primera fuerza. El voto rogado nos hizo pol\u00edticamente mucho da\u00f1o. La ciudadan\u00eda, al ver mermado su derecho, castig\u00f3 al partido que estaba gobernando, aunque la reforma la pactamos PSOE y PP. Hubo un baj\u00f3n en la actividad pol\u00edtica en el exterior y aparecieron nuevos partidos que captaron votos de izquierdas\u00bb DECLAR\u00d3 EL PSOE<\/em>\u201d.<\/p>\n\n\n\n<figure class=\"wp-block-image size-large\"><img fetchpriority=\"high\" decoding=\"async\" width=\"1080\" height=\"1220\" src=\"http:\/\/xn--tuvozdiasporaespaola-k7b.com\/wp-content\/uploads\/2022\/10\/screenshot_20221014-153305_chrome2644650472358918096.jpg?w=906\" alt=\"\" class=\"wp-image-361\" srcset=\"https:\/\/xn--tuvozdiasporaespaola-k7b.com\/wp-content\/uploads\/2022\/10\/screenshot_20221014-153305_chrome2644650472358918096.jpg 1080w, https:\/\/xn--tuvozdiasporaespaola-k7b.com\/wp-content\/uploads\/2022\/10\/screenshot_20221014-153305_chrome2644650472358918096-266x300.jpg 266w, https:\/\/xn--tuvozdiasporaespaola-k7b.com\/wp-content\/uploads\/2022\/10\/screenshot_20221014-153305_chrome2644650472358918096-906x1024.jpg 906w, https:\/\/xn--tuvozdiasporaespaola-k7b.com\/wp-content\/uploads\/2022\/10\/screenshot_20221014-153305_chrome2644650472358918096-768x868.jpg 768w\" sizes=\"(max-width: 1080px) 100vw, 1080px\" \/><figcaption class=\"wp-element-caption\">Publicaci\u00f3n incompleta olvidando a Podemos Exterior y su estructura territorial<\/figcaption><\/figure>\n\n\n\n<p>\u00ab<em>Feij\u00f3o lo f\u00eda al responsable de Emigraci\u00f3n de la Xunta Feij\u00f3o pretende arremangarse en el exterior, a pesar de que no est\u00e1 clara la incidencia que tendr\u00e1 el nuevo sistema en los resultados. Por ahora tiene prevista una gira por Latinoam\u00e9rica para este oto\u00f1o en la que podr\u00e1 hacer campa\u00f1a tanto para las auton\u00f3micas de mayo como para su propia cita con las urnas a finales de 2023<\/em>\u00ab<\/p>\n\n\n\n<figure class=\"wp-block-pullquote has-vivid-red-color has-text-color\"><blockquote><p>PARA EL PP y FEIJOO, M\u00c1XIMO EXPONENTE DE CORRUPCI\u00d3N Y COMPRA DE VOLUNTADES EN LATINOAM\u00c9RICA.<\/p><cite>Todo un reto en seguir mintiendo.<\/cite><\/blockquote><\/figure>\n\n\n\n<p>Seg\u00fan su p\u00e1gina web, el PP cuenta con \u201c<em>m\u00e1s de 13.000<\/em>\u201d afiliados en el extranjero \u201c<em>fundamentalmente en Europa y Am\u00e9rica\u201d, aunque los datos pueden no estar actualizados ya que figura como responsable de la Secretar\u00eda Ram\u00f3n Moreno Bustos, quien fue relevado en 2018 por Ana V\u00e1zquez. El PP no ha querido responder a este medio sobre su pol\u00edtica org\u00e1nica fuera de Espa\u00f1a. Seg\u00fan la misma web, el partido tiene sedes en 11 pa\u00edses europeos; 14 de Am\u00e9rica del Sur, as\u00ed como en M\u00e9xico, EE UU y Canad\u00e1; una en Oriente Medio (Israel); y una m\u00e1s en Australia.<\/em>\u00ab<\/p>\n\n\n\n<figure class=\"wp-block-image size-large\"><img decoding=\"async\" width=\"1050\" height=\"866\" src=\"http:\/\/xn--tuvozdiasporaespaola-k7b.com\/wp-content\/uploads\/2022\/10\/screenshot_20221014-153402_chrome4817613562535947158.jpg?w=1024\" alt=\"\" class=\"wp-image-363\" srcset=\"https:\/\/xn--tuvozdiasporaespaola-k7b.com\/wp-content\/uploads\/2022\/10\/screenshot_20221014-153402_chrome4817613562535947158.jpg 1050w, https:\/\/xn--tuvozdiasporaespaola-k7b.com\/wp-content\/uploads\/2022\/10\/screenshot_20221014-153402_chrome4817613562535947158-300x247.jpg 300w, https:\/\/xn--tuvozdiasporaespaola-k7b.com\/wp-content\/uploads\/2022\/10\/screenshot_20221014-153402_chrome4817613562535947158-1024x845.jpg 1024w, https:\/\/xn--tuvozdiasporaespaola-k7b.com\/wp-content\/uploads\/2022\/10\/screenshot_20221014-153402_chrome4817613562535947158-768x633.jpg 768w\" sizes=\"(max-width: 1050px) 100vw, 1050px\" \/><\/figure>\n\n\n\n<p><strong>La realidad es bien distinta<\/strong>: ORGANIZATIVAMENTE hablando, actualmente <strong>PODEMOS EXTERIOR<\/strong> cuenta con 18 C\u00edrculos activos, 10 de ellos situados en Latinoam\u00e9rica, y 8 \u00e1reas. Estos c\u00edrculos se encuentran en pa\u00edses como: Argentina (con dos C\u00edrculos activos) Venezuela, Rep\u00fablica Dominicana, M\u00e9xico, Per\u00fa, Chile, Ecuador, EEUU-Canad\u00e1, Colombia, Brasil, Francia , B\u00e9lgica,&nbsp; Pa\u00edses Bajos, Reino Unido (dos C\u00edrculos), Alemania (dos circulos), Austria y Suiza, adem\u00e1s de contar con militancia en Finlandia, Suecia, Portugal, Italia, Vietnam, Jap\u00f3n, China y Tailandia. Aparte, cuenta con dos Redes de C\u00edrculos: una en Latinoam\u00e9rica (con el programa de Radio \u201cCenizas de Babilonia Di\u00e1spora Espa\u00f1ola\u201d que emite desde Argentina y la Revista Digital \u00abTU VOZ\u00bb ) y otra en Europa que agrupa a los c\u00edrculos de Podemos en ese continente.<\/p>\n\n\n\n<p>Actualmente, <strong>el total de INSCRITOS en el Exterior es de 11.419 siendo parte activa de la militancia territorial, y contando con 1358 inscritos&nbsp; nuevos activos en los \u00faltimos meses<\/strong> (Continuamos en Crecimiento). Parte de esta militancia organizada se traslad\u00f3 a Bruselas el pasado 9 de Septiembre para el Encuentro Anual de C\u00edrculos de Exterior, donde se pusieron en com\u00fan diferentes temas y se traz\u00f3 un camino com\u00fan para que Podemos Exterior siga en movimiento.<\/p>\n\n\n\n<figure class=\"wp-block-image size-large\"><img decoding=\"async\" width=\"1080\" height=\"492\" src=\"http:\/\/xn--tuvozdiasporaespaola-k7b.com\/wp-content\/uploads\/2022\/10\/screenshot_20220922-062623_telegram6214616699227535414.jpg?w=1024\" alt=\"\" class=\"wp-image-364\" srcset=\"https:\/\/xn--tuvozdiasporaespaola-k7b.com\/wp-content\/uploads\/2022\/10\/screenshot_20220922-062623_telegram6214616699227535414.jpg 1080w, https:\/\/xn--tuvozdiasporaespaola-k7b.com\/wp-content\/uploads\/2022\/10\/screenshot_20220922-062623_telegram6214616699227535414-300x137.jpg 300w, https:\/\/xn--tuvozdiasporaespaola-k7b.com\/wp-content\/uploads\/2022\/10\/screenshot_20220922-062623_telegram6214616699227535414-1024x466.jpg 1024w, https:\/\/xn--tuvozdiasporaespaola-k7b.com\/wp-content\/uploads\/2022\/10\/screenshot_20220922-062623_telegram6214616699227535414-768x350.jpg 768w\" sizes=\"(max-width: 1080px) 100vw, 1080px\" \/><figcaption class=\"wp-element-caption\">Plenaria de Podemos Exterior en BRUSELAS septiembre del 2022<\/figcaption><\/figure>\n\n\n\n<p><br \/><br \/><strong>PODEMOS ha sido tambi\u00e9n pieza clave de presi\u00f3n para poder desarrollar una LEY DE MEMORIA DEMOCR\u00c1TICA con la LEY DE NIETOS, con la cual podr\u00e1n obtener nacionalidad cerca de 200.000 personas en el Exterior.&nbsp;<\/strong><br \/><br \/><br \/>Una pregunta en el Aire: \u00bf<strong>Si&nbsp; PSOE y PP&nbsp; se han turnado en los gobiernos de Espa\u00f1a,&nbsp; porque hasta la llegada de PODEMOS al GOBIERNO no se consigui\u00f3 Derogar la ley de Voto Rogado ni se increment\u00f3 una Ley de Memoria Democr\u00e1tica con cuatro accesos a la NACIONALIDAD ESPA\u00d1OLA?<\/strong><br \/><br \/>La respuesta es sencilla: nunca la quisieron. S\u00f3lo la presi\u00f3n de <strong>PODEMOS EXTERIOR&nbsp; y su \u00c1REA DE VOTO ROGADO, MAREA GRANATE, la lucha de TXEMA GUIJARRO, MARTINA VELARDE y otras Compas de Podemos han sido capaces de cambiar voluntades<\/strong> ante&nbsp; una obstrucci\u00f3n&nbsp; sistem\u00e1tica a aprobar estas Reforma.<br \/><br \/>Esa ser\u00eda la Noticia correcta no el regalo de o\u00eddos a pautas publicitarias que seguramente PP y PSOE est\u00e1n procesando en sus genes para un futuro.<\/p>\n\n\n\n<p><\/p>\n\n\n\n<figure class=\"wp-block-image size-large\"><img loading=\"lazy\" decoding=\"async\" width=\"1080\" height=\"1015\" src=\"http:\/\/xn--tuvozdiasporaespaola-k7b.com\/wp-content\/uploads\/2022\/10\/screenshot_20221014-165656_chrome2124568991246966505.jpg?w=1024\" alt=\"\" class=\"wp-image-365\" srcset=\"https:\/\/xn--tuvozdiasporaespaola-k7b.com\/wp-content\/uploads\/2022\/10\/screenshot_20221014-165656_chrome2124568991246966505.jpg 1080w, https:\/\/xn--tuvozdiasporaespaola-k7b.com\/wp-content\/uploads\/2022\/10\/screenshot_20221014-165656_chrome2124568991246966505-300x282.jpg 300w, https:\/\/xn--tuvozdiasporaespaola-k7b.com\/wp-content\/uploads\/2022\/10\/screenshot_20221014-165656_chrome2124568991246966505-1024x962.jpg 1024w, https:\/\/xn--tuvozdiasporaespaola-k7b.com\/wp-content\/uploads\/2022\/10\/screenshot_20221014-165656_chrome2124568991246966505-768x722.jpg 768w\" sizes=\"(max-width: 1080px) 100vw, 1080px\" \/><figcaption class=\"wp-element-caption\">Un partido fuerte en el exterior para nuevos retos , presencia y trabajo territorial. <\/figcaption><\/figure>\n\n\n\n<p>Tambi\u00e9n dice el Diario.es&nbsp;<br \/><br \/>\u00ab<em>En el PSOE preparan desde hace tiempo un refuerzo del partido fuera de las fronteras de Espa\u00f1a, aunque la pandemia dilat\u00f3 algo los planes. \u201cAlgunas agrupaciones estaban un poco olvidadas. Estamos trabajando en la actualizaci\u00f3n de la red en el exterior: cambiar equipos, refuerzo de agrupaciones\u2026\u201d, expresa la secretaria de PSOE Exterior, Pilar Cancela<\/em>\u00ab.<br \/><br \/><br \/><em>\u201cEl l\u00edder de la oposici\u00f3n FEIJ\u00d3O no quiere sorpresas. Por eso ha elegido a alguien de su m\u00e1xima confianza para la Secretar\u00eda del PP en el Exterior: el que fuera su secretario xeral de Emigraci\u00f3n de la Xunta desde 2012, a\u00fan en el cargo, Antonio Rodr\u00edguez Miranda. Fue, adem\u00e1s, el coordinador de Acci\u00f3n Exterior del PP gallego desde 2013 hasta que sigui\u00f3 a su jefe a Madrid\u00bb.<\/em><br \/><br \/><br \/>Pues les aclaramos que mientras que esto pasa en el PSOE Y PP (proceso de recomposici\u00f3n Exterior), Podemos ha estado trabajando asiduamente el territorio incorpor\u00e1ndose&nbsp; en las organizaciones de Espa\u00f1oles colaborando con los CONSEJOS DE RESIDENTES ESPA\u00d1OLES creando infraestructura de ayuda en tiempo de la Pandemia. Adem\u00e1s, y muy importante destacar, luchando con nuestra representaci\u00f3n en el Gobierno de Espa\u00f1a junto con nuestra militancia en el Exterior y los compa\u00f1eros y compa\u00f1eras de Marea Granate  (verdadero baluarte de lucha y entrega) por LA DEROGACI\u00d3N del VOTO ROGADO. Un largo proceso que logr\u00f3 acabar con la injusta medida impuesta por el PSOE y PP durante el gobierno del presidente Zapatero, tras&nbsp; ama\u00f1ar varias elecciones desde centros Gallegos de distintas partes de Latinoam\u00e9rica con sus representantes corruptos.<\/p>\n\n\n\n<figure class=\"wp-block-image size-large\"><img loading=\"lazy\" decoding=\"async\" width=\"1080\" height=\"1548\" src=\"http:\/\/xn--tuvozdiasporaespaola-k7b.com\/wp-content\/uploads\/2022\/10\/screenshot_20221014-153321_chrome2911095636174448717.jpg?w=714\" alt=\"\" class=\"wp-image-366\" srcset=\"https:\/\/xn--tuvozdiasporaespaola-k7b.com\/wp-content\/uploads\/2022\/10\/screenshot_20221014-153321_chrome2911095636174448717.jpg 1080w, https:\/\/xn--tuvozdiasporaespaola-k7b.com\/wp-content\/uploads\/2022\/10\/screenshot_20221014-153321_chrome2911095636174448717-209x300.jpg 209w, https:\/\/xn--tuvozdiasporaespaola-k7b.com\/wp-content\/uploads\/2022\/10\/screenshot_20221014-153321_chrome2911095636174448717-714x1024.jpg 714w, https:\/\/xn--tuvozdiasporaespaola-k7b.com\/wp-content\/uploads\/2022\/10\/screenshot_20221014-153321_chrome2911095636174448717-768x1101.jpg 768w\" sizes=\"(max-width: 1080px) 100vw, 1080px\" \/><\/figure>\n\n\n\n<p><br \/><br \/><strong>PODEMOS EXTERIOR EXISTE. La MILITANCIA y sus INSCRITOS forman la Organizaci\u00f3n m\u00e1s importante en el Exterior donde la Di\u00e1spora<\/strong> tiene su espacio de Lucha y resistencia sobre pol\u00edticas Neoliberales del PP y de olvido por parte del PSOE.<br \/><br \/>Hay que recordar que en el exterior&nbsp; en las elecciones donde estaba ya el voto rogado,&nbsp;<br \/>PODEMOS&nbsp; gan\u00f3 en la vez primera que se present\u00f3, seguido del PSOE y PP y en estas \u00faltimas del 2019 pas\u00f3 a ocupar el tercer puesto en preferencia, con 24%, 23% y 21% respectivamente.<br \/>Por lo que Podemos tiene su espacio reconocido por el trabajo constante de PODEMOS EXTERIOR&nbsp; y su militancia.<br \/>Les pedimos respeto y neutralidad para ser consecuente con la informaci\u00f3n verdadera, y pedimos que se rectifique esa informaci\u00f3n err\u00f3nea que a\u00fan sigue publicada en la web.<\/p>\n\n\n\n<figure class=\"wp-block-image size-large\"><img loading=\"lazy\" decoding=\"async\" width=\"489\" height=\"267\" src=\"http:\/\/xn--tuvozdiasporaespaola-k7b.com\/wp-content\/uploads\/2022\/10\/490x_mesa-electoral-dreamstime637285494690080851.jpg?w=489\" alt=\"\" class=\"wp-image-367\" srcset=\"https:\/\/xn--tuvozdiasporaespaola-k7b.com\/wp-content\/uploads\/2022\/10\/490x_mesa-electoral-dreamstime637285494690080851.jpg 489w, https:\/\/xn--tuvozdiasporaespaola-k7b.com\/wp-content\/uploads\/2022\/10\/490x_mesa-electoral-dreamstime637285494690080851-300x164.jpg 300w\" sizes=\"(max-width: 489px) 100vw, 489px\" \/><figcaption class=\"wp-element-caption\">En estas pr\u00f3ximas elecciones encontrar\u00e1n un Podemos Exterior movilizado dando respuestas a las demandas de laa di\u00e1spora.<\/figcaption><\/figure>\n\n\n\n<p>Equipo Redacci\u00f3n de Revista TU VOZ Latinoam\u00e9rica.<\/p>\n\n\n\n<p>Red de C\u00edrculos Europa y Red de C\u00edrculos America &amp; Latinoam\u00e9rica y Caribe  de PODEMOS EXTERIOR <\/p>\n","protected":false},"excerpt":{"rendered":"<p>\u00abPSOE y PP se lanzan a por los 2,27 millones de electores en el exterior tras la eliminaci\u00f3n del voto rogado\u00bb Hace unos d\u00edas &#8230; <\/p>\n<p class=\"read-more-container\"><a title=\"PODEMOS \u00bfMENTIRAS de PRENSA INTENCIONADAS o VERDADES A MEDIAS?\" class=\"read-more button\" href=\"https:\/\/xn--tuvozdiasporaespaola-k7b.com\/page\/2\/podemos-mentiras-de-prensa-intencionadas-o-verdades-a-medias\/#more-362\" aria-label=\"M\u00e1s en PODEMOS \u00bfMENTIRAS de PRENSA INTENCIONADAS o VERDADES A MEDIAS?\">Leer m\u00e1s<\/a><\/p>\n","protected":false},"author":222560522,"featured_media":0,"comment_status":"open","ping_status":"open","sticky":false,"template":"","format":"standard","meta":{"footnotes":""},"categories":[1771],"tags":[],"class_list":["post-362","post","type-post","status-publish","format-standard","hentry","category-sociales"],"_links":{"self":[{"href":"https:\/\/xn--tuvozdiasporaespaola-k7b.com\/page\/2\/wp-json\/wp\/v2\/posts\/362","targetHints":{"allow":["GET"]}}],"collection":[{"href":"https:\/\/xn--tuvozdiasporaespaola-k7b.com\/page\/2\/wp-json\/wp\/v2\/posts"}],"about":[{"href":"https:\/\/xn--tuvozdiasporaespaola-k7b.com\/page\/2\/wp-json\/wp\/v2\/types\/post"}],"author":[{"embeddable":true,"href":"https:\/\/xn--tuvozdiasporaespaola-k7b.com\/page\/2\/wp-json\/wp\/v2\/users\/222560522"}],"replies":[{"embeddable":true,"href":"https:\/\/xn--tuvozdiasporaespaola-k7b.com\/page\/2\/wp-json\/wp\/v2\/comments?post=362"}],"version-history":[{"count":0,"href":"https:\/\/xn--tuvozdiasporaespaola-k7b.com\/page\/2\/wp-json\/wp\/v2\/posts\/362\/revisions"}],"wp:attachment":[{"href":"https:\/\/xn--tuvozdiasporaespaola-k7b.com\/page\/2\/wp-json\/wp\/v2\/media?parent=362"}],"wp:term":[{"taxonomy":"category","embeddable":true,"href":"https:\/\/xn--tuvozdiasporaespaola-k7b.com\/page\/2\/wp-json\/wp\/v2\/categories?post=362"},{"taxonomy":"post_tag","embeddable":true,"href":"https:\/\/xn--tuvozdiasporaespaola-k7b.com\/page\/2\/wp-json\/wp\/v2\/tags?post=362"}],"curies":[{"name":"wp","href":"https:\/\/api.w.org\/{rel}","templated":true}]}}