{"id":3602,"date":"2023-08-14T12:46:39","date_gmt":"2023-08-14T15:46:39","guid":{"rendered":"https:\/\/xn--tuvozdiasporaespaola-k7b.com\/page\/2\/?p=3602"},"modified":"2023-08-14T12:46:40","modified_gmt":"2023-08-14T15:46:40","slug":"vox-celebra-la-victoria-de-la-ultraderecha-argentina","status":"publish","type":"post","link":"https:\/\/xn--tuvozdiasporaespaola-k7b.com\/page\/2\/vox-celebra-la-victoria-de-la-ultraderecha-argentina\/","title":{"rendered":"VOX CELEBRA LA VICTORIA DE LA ULTRADERECHA ARGENTINA."},"content":{"rendered":"\n<p>Por Walter C. Medina<\/p>\n\n\n\n<p>El triunfo electoral de Javier Milei en las elecciones primarias celebradas ayer en Argentina motiv\u00f3 los saludos y enhorabuenas de los referentes de la extrema derecha europea. Santiago Abascal fue el primero en hacer p\u00fablico su entusiasmo por el ascenso de Milei. \u00ab\u00a1Enhorabuena @JMilei por tu nuevo triunfo electoral en Argentina frente a la izquierda m\u00e1s radical! El pueblo quiere libertad\u00bb, escribi\u00f3 en su cuenta de Twitter, acompa\u00f1ando el mensaje con una imagen en la que ambos referentes de la derecha extrema posan sonrientes.<\/p>\n\n\n\n<figure class=\"wp-block-gallery has-nested-images columns-default is-cropped wp-block-gallery-1 is-layout-flex wp-block-gallery-is-layout-flex\">\n<figure class=\"wp-block-image size-large\"><img fetchpriority=\"high\" decoding=\"async\" width=\"730\" height=\"548\" data-id=\"3604\" src=\"https:\/\/xn--tuvozdiasporaespaola-k7b.com\/wp-content\/uploads\/2023\/08\/1000139083.jpg\" alt=\"\" class=\"wp-image-3604\"\/><\/figure>\n<\/figure>\n\n\n\n<p>Los antecedentes de la relaci\u00f3n que une a Milei con Abascal se remontan a 2022, cuando el l\u00edder de La Libertad Avanza comparti\u00f3 un acto con el referente de VOX en Madrid. En aquel encuentro, que tuvo lugar en el Espacio Mad Cool bajo el lema \u201cLa Historia que Hicimos Juntos\u201d, ambos l\u00edderes acordaron una alianza en pos de \u201cacabar con el socialismo\u201d.\u00a0<\/p>\n\n\n\n<p>Unos a\u00f1os antes, en 2019, el Secretario General de Vox,\u00a0Javier Ortega Smith, brind\u00f3 en Buenos Aires un seminario junto a la abogada\u00a0Victoria Villarruel,<strong> <\/strong>mano derecha de Miley y presidenta de una organizaci\u00f3n que niega los cr\u00edmenes de la dictadura y defiende a los responsables del genocidio producido en el pa\u00eds entre 1976 y 1983.\u00a0<\/p>\n\n\n\n<figure class=\"wp-block-gallery has-nested-images columns-default is-cropped wp-block-gallery-2 is-layout-flex wp-block-gallery-is-layout-flex\">\n<figure class=\"wp-block-image size-large\"><img decoding=\"async\" width=\"1280\" height=\"720\" data-id=\"3603\" src=\"https:\/\/xn--tuvozdiasporaespaola-k7b.com\/wp-content\/uploads\/2023\/08\/1000139085.jpg\" alt=\"\" class=\"wp-image-3603\"\/><\/figure>\n<\/figure>\n\n\n\n<p>Abascal no fue el \u00fanico referente de la ultraderecha europea que felicit\u00f3 a Milei por su triunfo en las primarias. El partido &nbsp;Hermanos de Italia<strong>&nbsp;<\/strong>(FdI), encabezado por la primera ministra Giorgia Meloni, tambi\u00e9n celebr\u00f3 la victoria del ultraderechista. \u00abSe\u00f1ales alentadoras desde Sudam\u00e9rica. En las primarias para las pr\u00f3ximas elecciones presidenciales argentinas<strong>,&nbsp;<\/strong>gran resultado de la boleta liberal-conservadora de Javier Milei&nbsp;y Victoria Villarruel (vice, NDR)\u00bb, dice una nota firmada por el jefe de la delegaci\u00f3n de la FdI en el Parlamento Europeo, Carlo Fidanza.<\/p>\n","protected":false},"excerpt":{"rendered":"<p>Por Walter C. Medina El triunfo electoral de Javier Milei en las elecciones primarias celebradas ayer en Argentina motiv\u00f3 los saludos y enhorabuenas de &#8230; <\/p>\n<p class=\"read-more-container\"><a title=\"VOX CELEBRA LA VICTORIA DE LA ULTRADERECHA ARGENTINA.\" class=\"read-more button\" href=\"https:\/\/xn--tuvozdiasporaespaola-k7b.com\/page\/2\/vox-celebra-la-victoria-de-la-ultraderecha-argentina\/#more-3602\" aria-label=\"M\u00e1s en VOX CELEBRA LA VICTORIA DE LA ULTRADERECHA ARGENTINA.\">Leer m\u00e1s<\/a><\/p>\n","protected":false},"author":222560522,"featured_media":3605,"comment_status":"open","ping_status":"open","sticky":false,"template":"","format":"standard","meta":{"footnotes":""},"categories":[121850],"tags":[],"class_list":["post-3602","post","type-post","status-publish","format-standard","has-post-thumbnail","hentry","category-politica","resize-featured-image"],"_links":{"self":[{"href":"https:\/\/xn--tuvozdiasporaespaola-k7b.com\/page\/2\/wp-json\/wp\/v2\/posts\/3602","targetHints":{"allow":["GET"]}}],"collection":[{"href":"https:\/\/xn--tuvozdiasporaespaola-k7b.com\/page\/2\/wp-json\/wp\/v2\/posts"}],"about":[{"href":"https:\/\/xn--tuvozdiasporaespaola-k7b.com\/page\/2\/wp-json\/wp\/v2\/types\/post"}],"author":[{"embeddable":true,"href":"https:\/\/xn--tuvozdiasporaespaola-k7b.com\/page\/2\/wp-json\/wp\/v2\/users\/222560522"}],"replies":[{"embeddable":true,"href":"https:\/\/xn--tuvozdiasporaespaola-k7b.com\/page\/2\/wp-json\/wp\/v2\/comments?post=3602"}],"version-history":[{"count":1,"href":"https:\/\/xn--tuvozdiasporaespaola-k7b.com\/page\/2\/wp-json\/wp\/v2\/posts\/3602\/revisions"}],"predecessor-version":[{"id":3606,"href":"https:\/\/xn--tuvozdiasporaespaola-k7b.com\/page\/2\/wp-json\/wp\/v2\/posts\/3602\/revisions\/3606"}],"wp:featuredmedia":[{"embeddable":true,"href":"https:\/\/xn--tuvozdiasporaespaola-k7b.com\/page\/2\/wp-json\/wp\/v2\/media\/3605"}],"wp:attachment":[{"href":"https:\/\/xn--tuvozdiasporaespaola-k7b.com\/page\/2\/wp-json\/wp\/v2\/media?parent=3602"}],"wp:term":[{"taxonomy":"category","embeddable":true,"href":"https:\/\/xn--tuvozdiasporaespaola-k7b.com\/page\/2\/wp-json\/wp\/v2\/categories?post=3602"},{"taxonomy":"post_tag","embeddable":true,"href":"https:\/\/xn--tuvozdiasporaespaola-k7b.com\/page\/2\/wp-json\/wp\/v2\/tags?post=3602"}],"curies":[{"name":"wp","href":"https:\/\/api.w.org\/{rel}","templated":true}]}}