{"id":3584,"date":"2023-08-14T09:09:45","date_gmt":"2023-08-14T12:09:45","guid":{"rendered":"https:\/\/xn--tuvozdiasporaespaola-k7b.com\/page\/2\/?p=3584"},"modified":"2023-08-14T09:14:21","modified_gmt":"2023-08-14T12:14:21","slug":"la-ultraderecha-de-javier-milei-gana-las-primarias-de-argentina","status":"publish","type":"post","link":"https:\/\/xn--tuvozdiasporaespaola-k7b.com\/page\/2\/la-ultraderecha-de-javier-milei-gana-las-primarias-de-argentina\/","title":{"rendered":"La ultraderecha de Javier Milei gana las primarias de Argentina."},"content":{"rendered":"\n<p>El economista libertario de derecha Javier Milei ha conseguido este domingo el 32,31% de los votos en las primarias de Argentina, convirti\u00e9ndose en el candidato m\u00e1s votado.<\/p>\n\n\n\n<p> Pasar\u00e1 a disputar la Presidencia a la exministra de Seguridad, Patricia Bullrich, y al actual ministro de Econom\u00eda, Sergio Massa, candidato por el peronismo.<\/p>\n\n\n\n<p>Si bien su crecimiento fue notorio ya en las legislativas de 2021, el l\u00edder de La Libertad Avanza  en estas elecciones cautiv\u00f3 a buena parte de los votantes  de Juntos por el Cambio y peronistas desencantados,  con su discurso contra la \u00abcasta pol\u00edtica\u00bb y su idea de dolarizar la econom\u00eda y \u00abprender fuego\u00bb al Banco Central.<\/p>\n\n\n\n<p> Estas PASO  definen a los candidatos de cada alianza o partido que competir\u00e1n en las generales del 22 de octubre. No obstante, no todas las fuerzas dirimieron a sus precandidatos en forma interna.<\/p>\n\n\n\n<p> Algunos espacios pol\u00edticos, como es el caso de La Libertad Avanza de Javier Milei  ya ya ten\u00edan definidas  una candidatura \u00fanica.<\/p>\n\n\n\n<figure class=\"wp-block-gallery has-nested-images columns-default is-cropped wp-block-gallery-1 is-layout-flex wp-block-gallery-is-layout-flex\">\n<figure class=\"wp-block-image size-large\"><img fetchpriority=\"high\" decoding=\"async\" width=\"420\" height=\"280\" data-id=\"3594\" src=\"https:\/\/xn--tuvozdiasporaespaola-k7b.com\/wp-content\/uploads\/2023\/08\/1000138883.jpg\" alt=\"\" class=\"wp-image-3594\"\/><\/figure>\n<\/figure>\n\n\n\n<p>Los primeros resultados oficiales de las elecciones primarias argentinas de este domingo indican que el ultraderechista Javier Milei (La Libertad Avanza) se impuso al resto de los aspirantes con el 30,33 % de los votos, con el 91,54 % de las mesas escrutadas.<\/p>\n\n\n\n<p>Tras este resultado Manifest\u00f3:\u00bbQuiero agradecer a todos los que apostaron por un proyecto liberal con proyecci\u00f3n nacional para llegar a ser gobierno\u00bb, indic\u00f3 Milei en su primer discurso de victoria. \u00abSomos una alternativa que no solo dar\u00e1 fin al kirchnerismo, sino tambi\u00e9n a toda la casta pol\u00edtica parasitaria que ha arruinado este pa\u00eds\u00bb, subray\u00f3. \u00abEstamos frente al fin del modelo de la casta, que dice esta atrocidad de que donde hay una necesidad nace un derecho, sin tener en cuenta que alguien tiene que pagarla. O esa aberraci\u00f3n de la justicia social, porque se traduce en un fuerte d\u00e9ficit fiscal\u00bb, critic\u00f3 el derechista.<\/p>\n\n\n\n<p>Milei destaco tambi\u00e9n que su movimiento est\u00e1 en condiciones de ganar las pr\u00f3ximas elecciones en primera vuelta. \u00abEl \u00fanico cambio verdadero somos nosotros. Una Argentina distinta es imposible con los mismos de siempre\u00bb, destac\u00f3. \u00abA diferencia de quienes no son m\u00e1s que &#8216;slogans&#8217; salidos de un &#8216;focus group'\u00bb, agreg\u00f3. \u00abHace 10 a\u00f1os, ser liberal era una mala palabra, casi motivo de insulto. Ah\u00ed si hubiera sido por el &#8216;focus group&#8217;, me habr\u00eda hecho socialista. Prefer\u00ed dar la batalla\u00bb, destac\u00f3 el ganador de las las elecciones Primarias.<\/p>\n\n\n\n<figure class=\"wp-block-gallery has-nested-images columns-default is-cropped wp-block-gallery-2 is-layout-flex wp-block-gallery-is-layout-flex\">\n<figure class=\"wp-block-image size-large\"><img decoding=\"async\" width=\"1080\" height=\"597\" data-id=\"3595\" src=\"https:\/\/xn--tuvozdiasporaespaola-k7b.com\/wp-content\/uploads\/2023\/08\/1000138892.jpg\" alt=\"\" class=\"wp-image-3595\"\/><\/figure>\n<\/figure>\n\n\n\n<p>En segundo lugar, el actual ministro de Econom\u00eda Sergio Massa (Uni\u00f3n por la Patria) cosech\u00f3 el 21,30 % de los sufragios. Massa super\u00f3 a  Juan Grabois, m\u00e1s alineado a la izquierda y cr\u00edtico de la actual gesti\u00f3n, quien fue apoyado por el 5,76 % de los electores y en la Provincia de Buenos Aires por el 8,87%.<\/p>\n\n\n\n<p>Ambos brindaron sus primeras declaraciones luego de los primeros resultados de las elecciones:<\/p>\n\n\n\n<p>El ministro de Econom\u00eda Massa afirm\u00f3 que a partir de estos comicios se abre \u00abun nuevo escenario en la pol\u00edtica argentina\u00bb. \u00abNo nuevo porque haya nacido una nueva fuerza que expresa con contundencia esta oposici\u00f3n, sino porque la elecci\u00f3n se ha dividido en tercios\u00bb, sostuvo respecto al resultado. \u00abEmpiezan semanas trascendentes. Empieza a discutirse qu\u00e9 pa\u00eds vamos a construir en los pr\u00f3ximos a\u00f1os. <\/p>\n\n\n\n<p>\u00abSi vamos a un pa\u00eds con apertura indiscriminada de las importaciones, o con defensa de la industria nacional. Nosotros vamos a seguir defendiendo la industria argentina, la soberan\u00eda energ\u00e9tica y nuestra capacidad de desarrollo\u00bb, indic\u00f3.Grabois, quien result\u00f3 derrotado en la interna de Uni\u00f3n por la Patria, anunci\u00f3 que apoyar\u00e1 a Massa de cara a las generales de octubre, a pesar de sus diferencias: \u00abSabemos que hay cosas en las que no estamos de acuerdo, pero sabemos que a la Argentina la asechan los buitres de afuera y los monstruos de adentro\u00bb, manifest\u00f3. <\/p>\n\n\n\n<p>\u00abSi perdemos, acompa\u00f1amos, y por eso estamos ac\u00e1 para manifestar nuestro apoyo a la f\u00f3rmula vencedora Massa y Agust\u00edn Rossi\u00bb. Por otra parte, Grabois dedic\u00f3 unas palabras de apoyo a la vicepresidenta Cristina Fern\u00e1ndez.<\/p>\n\n\n\n<p>Detr\u00e1s, se ubicaron los dos candidatos que compitieron dentro de la alianza Juntos por el Cambio (JxC): la exministra de Seguridad, Patricia Bullrich (17,01 %), le gan\u00f3 la contienda al alcalde de la ciudad de Buenos Aires, Horacio Rodr\u00edguez Larreta (11,23 %). <\/p>\n\n\n\n<p> Y mas debajo se ubicaron los precandidatos del Frente de Izquierda y de los Trabajadores (FIT) (2,53 %). All\u00ed, la abogada Myriam Bregman (410.596 votos) asegur\u00f3 su participaci\u00f3n en las generales de octubre, Ciudad de Buenos Aires.<\/p>\n\n\n\n<p>En la capital de Argentina, con m\u00e1s del 84,06 % de las mesas escrutadas, Jorge Macri (Juntos por el Cambio), primo del expresidente Mauricio Macri, gan\u00f3 la interna  para alcalde de la ciudad de Buenos Aires con el 28,51 % de los votos. <\/p>\n\n\n\n<p>En segundo lugar qued\u00f3 Mart\u00edn Lousteau, quien perder\u00eda la interna del espacio con el 27,06 % ambos de Juntos por el Cambio. Leandro Santoro de Uni\u00f3n por la Patria, se ubica tercero con el 22,21 %, y Ramiro Marra, de La Libertad Avanza, alcanza el 13,18 %.<\/p>\n\n\n\n<p> Y la candidata del Frente de Izquierda y de los Trabajadores (FIT), Valentina Biasi, alcanz\u00f3 el 3,69 % de los sufragios.Resultados en la provincia de Buenos Aires.<\/p>\n\n\n\n<figure class=\"wp-block-gallery has-nested-images columns-default is-cropped wp-block-gallery-3 is-layout-flex wp-block-gallery-is-layout-flex\">\n<figure class=\"wp-block-image size-large\"><img decoding=\"async\" width=\"845\" height=\"447\" data-id=\"3596\" src=\"https:\/\/xn--tuvozdiasporaespaola-k7b.com\/wp-content\/uploads\/2023\/08\/1000138896.jpg\" alt=\"\" class=\"wp-image-3596\"\/><\/figure>\n<\/figure>\n\n\n\n<p>El actual gobernador de la provincia de Buenos Aires, y precandidato a la reelecci\u00f3n, Axel Kicillof de Uni\u00f3n por la Patria, se impone en las elecciones locales con el 36,64 % de los votos cin el 84%.<\/p>\n\n\n\n<p>Tras esta victoria Kicillof defini\u00f3 a Sergio Massa como \u00abel mejor candidato a presidente que tendr\u00e1n los argentinos en octubre\u00bb. Y destac\u00f3 su tarea en las negociaciones con el Fondo Monetario Internacional (FMI), para renegociar el acuerdo por la deuda que dej\u00f3 la administraci\u00f3n de Mauricio Macri, por 44.000 millones de d\u00f3lares.  <\/p>\n\n\n\n<p> \u00abEstamos unidos por la patria y por la defensa de los derechos de todos los argentinos\u00bb, dijo el gobernador bonaerense y  a\u00f1adi\u00f3: \u00abLo voy a decir con nombre y apellido. Ni Patricia Bullrich ni Javier Milei est\u00e1n en condiciones de solucionar ni uno solo de los problemas que tenemos en el pa\u00eds\u00bb. <\/p>\n\n\n\n<p>El resto de candidatos quedaron seguido por la postulante de La Libertad Avanza, Carolina P\u00edparo, alcanz\u00f3 el 23,97 % de los sufragios.En tanto, la interna de Juntos por el Cambio arroja como ganador al intendente de Lan\u00fas en uso de licencia, N\u00e9stor Grindetti, por encima del diputado nacional del PRO Diego Santilli.<\/p>\n\n\n\n<p>Destacar  que la participaci\u00f3n  fue  del 69 % de los electores habilitados en las PASO lo que represent\u00f3 un aumento de 1,3 % de la participaci\u00f3n en comparaci\u00f3n con las primarias de 2021, pero una ca\u00edda de 7,4 puntos porcentuales con relaci\u00f3n a la \u00faltima PASO  de  de candidatos a la  presidencia de 2019. <\/p>\n\n\n\n<p>Cerca de 2.000.000 de ciudadanos que no se movilizaron a votar este 13 de agosto del 2023.<\/p>\n\n\n\n<p>Uni\u00f3n por la Patria  est\u00e1 obligado a movilizar a los y las ciudadanas  que no fueron a Votar tal vez por que en  este espacio nobles motivo al realizarse unas primarias poco competitivas o simplemente por hacerles ver su descontento con pol\u00edticas poco populares  y acciones que combatan la inflaci\u00f3n, deuda del FMI o la inseguridad.<\/p>\n\n\n\n<p>Ahora ya solo queda la ultraderecha y su motosierra con sus pol\u00edticas negacionistas, la desaparici\u00f3n del estado , Educaci\u00f3n, Sanidad, Obras P\u00fablicas y una Reforma Laboral con la implantaci\u00f3n del despido libre y la vuelta al esclavista en el trabajo.<\/p>\n\n\n\n<figure class=\"wp-block-gallery has-nested-images columns-default is-cropped wp-block-gallery-4 is-layout-flex wp-block-gallery-is-layout-flex\">\n<figure class=\"wp-block-image size-large\"><img loading=\"lazy\" decoding=\"async\" width=\"950\" height=\"512\" data-id=\"3598\" src=\"https:\/\/xn--tuvozdiasporaespaola-k7b.com\/wp-content\/uploads\/2023\/08\/1000138966.webp\" alt=\"\" class=\"wp-image-3598\"\/><figcaption class=\"wp-element-caption\">Javier Milei y su hermana Karina, junto a Santiago Abascal<\/figcaption><\/figure>\n<\/figure>\n\n\n\n<p>En esta Argentina igual que en Espa\u00f1a  solo la movilizaci\u00f3n de toda la  izquierda , el Radicalismo, el Peronismo y los Movimientos Sociales,  pueden parar el desastre de un loco  o loca al frente del Pa\u00eds. Que se encomienda a  sus cuatro perros para aconsejarse y a su hermana muy vinculada con la profesi\u00f3n de adivina (ya que tira las cartas), para definir las acciones de la pol\u00edtica cuando sea presidente, locura e incredulidad  de que las y los ciudadanos  Argentinos pudieran votar a un sicopata para dirigir el pa\u00eds  con el solo fin de votar con BRONCA.<\/p>\n\n\n\n<p>MOVILIZACI\u00d3N para pararle y dar el relato para desenmascararle.<\/p>\n\n\n\n<p>Javier Mu\u00f1oz ,Redacci\u00f3n de Revista TU VOZ, Argentina. <\/p>\n","protected":false},"excerpt":{"rendered":"<p>El economista libertario de derecha Javier Milei ha conseguido este domingo el 32,31% de los votos en las primarias de Argentina, convirti\u00e9ndose en el &#8230; <\/p>\n<p class=\"read-more-container\"><a title=\"La ultraderecha de Javier Milei gana las primarias de Argentina.\" class=\"read-more button\" href=\"https:\/\/xn--tuvozdiasporaespaola-k7b.com\/page\/2\/la-ultraderecha-de-javier-milei-gana-las-primarias-de-argentina\/#more-3584\" aria-label=\"M\u00e1s en La ultraderecha de Javier Milei gana las primarias de Argentina.\">Leer m\u00e1s<\/a><\/p>\n","protected":false},"author":222560522,"featured_media":3597,"comment_status":"open","ping_status":"open","sticky":false,"template":"","format":"standard","meta":{"footnotes":""},"categories":[121850],"tags":[],"class_list":["post-3584","post","type-post","status-publish","format-standard","has-post-thumbnail","hentry","category-politica","resize-featured-image"],"_links":{"self":[{"href":"https:\/\/xn--tuvozdiasporaespaola-k7b.com\/page\/2\/wp-json\/wp\/v2\/posts\/3584","targetHints":{"allow":["GET"]}}],"collection":[{"href":"https:\/\/xn--tuvozdiasporaespaola-k7b.com\/page\/2\/wp-json\/wp\/v2\/posts"}],"about":[{"href":"https:\/\/xn--tuvozdiasporaespaola-k7b.com\/page\/2\/wp-json\/wp\/v2\/types\/post"}],"author":[{"embeddable":true,"href":"https:\/\/xn--tuvozdiasporaespaola-k7b.com\/page\/2\/wp-json\/wp\/v2\/users\/222560522"}],"replies":[{"embeddable":true,"href":"https:\/\/xn--tuvozdiasporaespaola-k7b.com\/page\/2\/wp-json\/wp\/v2\/comments?post=3584"}],"version-history":[{"count":3,"href":"https:\/\/xn--tuvozdiasporaespaola-k7b.com\/page\/2\/wp-json\/wp\/v2\/posts\/3584\/revisions"}],"predecessor-version":[{"id":3599,"href":"https:\/\/xn--tuvozdiasporaespaola-k7b.com\/page\/2\/wp-json\/wp\/v2\/posts\/3584\/revisions\/3599"}],"wp:featuredmedia":[{"embeddable":true,"href":"https:\/\/xn--tuvozdiasporaespaola-k7b.com\/page\/2\/wp-json\/wp\/v2\/media\/3597"}],"wp:attachment":[{"href":"https:\/\/xn--tuvozdiasporaespaola-k7b.com\/page\/2\/wp-json\/wp\/v2\/media?parent=3584"}],"wp:term":[{"taxonomy":"category","embeddable":true,"href":"https:\/\/xn--tuvozdiasporaespaola-k7b.com\/page\/2\/wp-json\/wp\/v2\/categories?post=3584"},{"taxonomy":"post_tag","embeddable":true,"href":"https:\/\/xn--tuvozdiasporaespaola-k7b.com\/page\/2\/wp-json\/wp\/v2\/tags?post=3584"}],"curies":[{"name":"wp","href":"https:\/\/api.w.org\/{rel}","templated":true}]}}