{"id":3567,"date":"2023-08-12T21:10:16","date_gmt":"2023-08-13T00:10:16","guid":{"rendered":"https:\/\/xn--tuvozdiasporaespaola-k7b.com\/page\/2\/?p=3567"},"modified":"2023-08-12T21:14:45","modified_gmt":"2023-08-13T00:14:45","slug":"el-relato-de-la-derecha-en-argentina","status":"publish","type":"post","link":"https:\/\/xn--tuvozdiasporaespaola-k7b.com\/page\/2\/el-relato-de-la-derecha-en-argentina\/","title":{"rendered":"EL RELATO DE LA DERECHA EN ARGENTINA."},"content":{"rendered":"\n<p>El pr\u00f3ximo d\u00eda 13 de Agosto se celebran elecciones en Argentina las denominadas PASSO, son las elecciones primarias donde se hace la selecci\u00f3n de los candidatos para Presidenciales, Gobernadores, Alcaldes y Concejales, hacia el  interior de los partidos pol\u00edticos. <\/p>\n\n\n\n<p>Y como siempre la derecha representada en esta ocasi\u00f3n  por  Larreta  Intendente de la Ciudad de Buenos Aires  y el pseudo dictador  Gobernador Morales de Jujuy como candidato a vicepresidente  y a\u00fan m\u00e1s a la derecha,  ya en lla ultraderecha con Patricia Bullrich  ( el lado ultra de Juntos por el Cambio o la AYUSO de Argentina), y  Javier Millei por Libertad Avanza ( lo m\u00e1s parecido a VOX).<\/p>\n\n\n\n<figure class=\"wp-block-gallery has-nested-images columns-default is-cropped wp-block-gallery-1 is-layout-flex wp-block-gallery-is-layout-flex\">\n<figure class=\"wp-block-image size-large\"><img fetchpriority=\"high\" decoding=\"async\" width=\"595\" height=\"450\" data-id=\"3573\" src=\"https:\/\/xn--tuvozdiasporaespaola-k7b.com\/wp-content\/uploads\/2023\/08\/1000138174.jpg\" alt=\"\" class=\"wp-image-3573\"\/><figcaption class=\"wp-element-caption\">CADIDATOS DE DERECHA Y ULTRADERECHA.<\/figcaption><\/figure>\n<\/figure>\n\n\n\n<p>En estas elecciones como en todas se vuelve a instaurar el relato de  MANO DURA contra el delito y la REPRESI\u00d3N como  \u00fanico instrumento de control sobre los y las ciudadanas, acus\u00e1ndolos de vagos y desestabilizadores de la Rep\u00fablica no se pueden tolerar reclamos porque son actos subversivos( planteamientos de los candidatos de la derecha).<\/p>\n\n\n\n<p>Otro tema del relato es  la inflaci\u00f3n, la cual en Argentina es inducida por los poderes econ\u00f3micos donde los datos reflejan en Argentina(Seg\u00fan el IPC de la ciudad de BUENOS AIRES  en Julio) del 7,3% en junio  y del 119 % el \u00faltimo a\u00f1o.<\/p>\n\n\n\n<p>Una inflaci\u00f3n que va bastante puntos por  encima al d\u00f3lar BLUE o paralelo, que sirve de argumento para subir los precios (aunque las importaciones  se hacen con d\u00f3lar oficial).<\/p>\n\n\n\n<p>El d\u00f3lar Blue culla variaci\u00f3n  interanual al mes de julio  fue de 90,56%. La anualizaci\u00f3n de estos valores del d\u00f3lar paralelo sigue por debajo de la inflaci\u00f3n la cual es inducida por las grandes empresas de Argentina, que sustentan el monopolio en la alimentaci\u00f3n.<\/p>\n\n\n\n<p>Aparte  es avalada la pol\u00edtica cambiaria y de alzas de precios b\u00e1sicos  por los monopolios medi\u00e1ticos como CLAR\u00cdN y la  NACI\u00d3N, que constantemente  inducen hacia una devaluaci\u00f3n y los derrocamiento de cualquier gobierno progresista o peronista.<\/p>\n\n\n\n<p>Esta inflaci\u00f3n sirve como argumento para maquillar el d\u00f3lar paralelo y poder justificar lo injustificable los fines lucrativos y usureros de las grandes superficies y los proveedores exclusivos en alimentaci\u00f3n.<\/p>\n\n\n\n<figure class=\"wp-block-gallery has-nested-images columns-default is-cropped wp-block-gallery-2 is-layout-flex wp-block-gallery-is-layout-flex\">\n<figure class=\"wp-block-image size-large\"><img decoding=\"async\" width=\"1080\" height=\"816\" data-id=\"3575\" src=\"https:\/\/xn--tuvozdiasporaespaola-k7b.com\/wp-content\/uploads\/2023\/08\/1000138070-1.jpg\" alt=\"\" class=\"wp-image-3575\"\/><\/figure>\n<\/figure>\n\n\n\n<p>Ejemplo del coste de un Caf\u00e9 con leche en distintas zonas de Argentina.<\/p>\n\n\n\n<p>.Bariloche 1.500 pesos; CABA  1200 pesos; Conurbano 950 pesos; TUCUMAN 650 pesos.<\/p>\n\n\n\n<p>El argumento de distancias  del interior desde  las bases de distribuci\u00f3n de Buenos Aires para el  incremento de costes, no se da en las provincias excepto en Bariloche  y zonas lim\u00edtrofes donde  la aglomeraci\u00f3n tur\u00edstica internacional y su  econom\u00eda se traslada  en costes reflejados en Euros o d\u00f3lares m\u00e1s caro incluso que en Europa,  con  incremento y ganancias para los negocios del 130% o en la Ciudad Aut\u00f3noma de Buenos Aires del 100% mientras que en el interior  son del 25%.<\/p>\n\n\n\n<p>Todo  es UNA GRAN MENTIRA, en  Argentina no mandan los Pol\u00edticos,  ni definen pol\u00edticas,  sino los grandes oligarcas econ\u00f3micos y los instauradores de precios,  son los que marcan las condiciones para manipular la vida pol\u00edtica y monetaria.<\/p>\n\n\n\n<p>Situaciones que van acompa\u00f1adas por una prensa corrupta y medi\u00e1tica que utilizan a la derecha como brazo pol\u00edtico,  para instaurar su relato en una campa\u00f1a electoral  adulterada por informaciones falsas y manipuladas.<\/p>\n\n\n\n<figure class=\"wp-block-gallery has-nested-images columns-default is-cropped wp-block-gallery-3 is-layout-flex wp-block-gallery-is-layout-flex\">\n<figure class=\"wp-block-image size-large\"><img decoding=\"async\" width=\"1300\" height=\"1300\" data-id=\"3572\" src=\"https:\/\/xn--tuvozdiasporaespaola-k7b.com\/wp-content\/uploads\/2023\/08\/1000137692.jpg\" alt=\"\" class=\"wp-image-3572\"\/><\/figure>\n<\/figure>\n\n\n\n<p>En estos d\u00edas se vendi\u00f3 la inseguridad primero con la muerte de una ni\u00f1a de 11 a\u00f1os al robarle un tel\u00e9fono m\u00f3vil o m\u00e1s tarde  con la muerte de un cirujano humilde al intentar robarle un aire acondicionado de su auto disparando los ladrones a la cabeza.<\/p>\n\n\n\n<p>As\u00ed como im\u00e1genes constantes de robos o hurtos en los medios  para vender el relato  INSEGURIDAD =MANO DURA Y ORDEN<\/p>\n\n\n\n<p>CONSECUENCIAS :La polic\u00eda se siente avalada para instaurar pol\u00edticas represivas con los resultado de la muerte de Facundo Molares, inducida por un ensa\u00f1amiento a golpes cuando se encontraba en el suelo abatido, apret\u00e1ndole el cuello con la pierna el agente policial hasta ponerse rojo en proceso de axfisia.<\/p>\n\n\n\n<p>Todo desarrollado en una marcha de organizaciones de izquierda que se manifestaron en el centro de Buenos Aires para rechazar la reforma constitucional impuesta en Jujuy y solidarizarse con los colectivos de esa provincia que fueron reprimidos con dureza por el gobernador Morales ( ahora candidato a vicepresidente). Estos colectivos de pueblos originarios  viajaron a esta capital para iniciar un plant\u00f3n permanente frente a los tribunales.<\/p>\n\n\n\n<p>Parte de participantes de esta marcha acudieron al obelisco a protestar (grupo  que no era masivo) y fue  reprimida por un operativo policial  en el que participaron cientos de efectivos que sometieron a varios de los 50 manifestantes presentes.<\/p>\n\n\n\n<p>Uno de ellos era Molares,  a quien los polic\u00edas tiraron al piso y lo golpearon, como lo demuestran los videos que circularon en redes sociales hasta provocarle la muerte inducida por estas acciones. Luego fue trasladado a un hospital, en donde ingres\u00f3  muerto.\u00bbLas causas del deceso se relacionan con un paro card\u00edaco producto de factores de riesgo\u00bb, afirm\u00f3 el estatal Sistema de Atenci\u00f3n M\u00e9dica de Emergencia, que traslad\u00f3 a la v\u00edctima, lo que desat\u00f3 la indignaci\u00f3n de diferentes colectivos que advirtieron que la muerte se debi\u00f3 a la represi\u00f3n policial en una CAUSA-EFECTO clara como resultado  falleci\u00f3 despu\u00e9s de ser reprimido por la Polic\u00eda.<\/p>\n\n\n\n<figure class=\"wp-block-gallery has-nested-images columns-default is-cropped wp-block-gallery-4 is-layout-flex wp-block-gallery-is-layout-flex\">\n<figure class=\"wp-block-image size-large\"><img loading=\"lazy\" decoding=\"async\" width=\"819\" height=\"803\" data-id=\"3571\" src=\"https:\/\/xn--tuvozdiasporaespaola-k7b.com\/wp-content\/uploads\/2023\/08\/1000137410.jpg\" alt=\"\" class=\"wp-image-3571\"\/><\/figure>\n<\/figure>\n\n\n\n<p>Tras este hecho, el expresidente de Bolivia, Evo Morales, se solidariz\u00f3 con la familia de la v\u00edctima y organizaciones de derechos humanos, sociales y sindicales realizaron este pasado  viernes una multitudinaria protesta en el centro de Buenos Aires para repudiar la muerte de Facundo Molares, un periodista y activista pol\u00edtico de la patria Grande Latinoamericana en pa\u00edses como Bolivia, Colombia, Chile, etc\u2026 ( Estigmstizado nuevamente por la prenda medustica acusandole de ser integrante del grupo  gerrillero de las FARC colombiana, coml si eso avalara el asesinsto ).<\/p>\n\n\n\n<p>\u00abJusticia por Facundo\u00bb, fue el principal reclamo que se despleg\u00f3 en las pancartas, en medio de la conmoci\u00f3n que provoc\u00f3 un nuevo caso de violencia institucional de la polic\u00eda de la Ciudad  de Buenos Aires  gobernada por Larreta  candidato a  presidente en Argentina.<\/p>\n\n\n\n<p>\u00abSin el accionar de la Polic\u00eda de la Ciudad, Facundo estar\u00eda vivo\u00bb, advirti\u00f3 la diputada Myriam Bregman, quien acudi\u00f3 a la movilizaci\u00f3n.<\/p>\n\n\n\n<p>Coincide con este hecho el grado de Impunidad de las fuerzas del orden y la Justicia argentina que  sobresey\u00f3 a gendarmes acusados  desaparici\u00f3n y muerte del activista Santiago Maldonado,  cuyo cuerpo fue encontrado el 17 de octubre de 2017, 73 d\u00edas despu\u00e9s de un operativo represivo, en un r\u00edo de la provincia de Chubut, hace  seis a\u00f1os, bajo el Ministerio de seguridad de Patricia Bullrich hoy candidata a presidenta de Argentina por el ala de la ultraderecha de Juntos por el Cambio.<\/p>\n\n\n\n<figure class=\"wp-block-gallery has-nested-images columns-default is-cropped wp-block-gallery-5 is-layout-flex wp-block-gallery-is-layout-flex\">\n<figure class=\"wp-block-image size-large\"><img loading=\"lazy\" decoding=\"async\" width=\"730\" height=\"519\" data-id=\"3570\" src=\"https:\/\/xn--tuvozdiasporaespaola-k7b.com\/wp-content\/uploads\/2023\/08\/1000138154.jpg\" alt=\"\" class=\"wp-image-3570\"\/><\/figure>\n<\/figure>\n\n\n\n<p>Estos hechos de inseguridad no s\u00f3lo son en Argentina como quiere imponer la derecha y  los medios, tambi\u00e9n existen en otras  partes del mundo. <\/p>\n\n\n\n<p>Ejemplos.<\/p>\n\n\n\n<p>.-Conmoci\u00f3n en M\u00e9xico por el asesinato de Milagros Montserrat, apu\u00f1alada en plena calle mientras iba a su trabajo.Siete polic\u00edas brit\u00e1nicos sacan de casa por la fuerza y arrestan a una adolescente autista por una simple frase.<\/p>\n\n\n\n<p>.-El Ej\u00e9rcito de Per\u00fa abord\u00f3 protestas en Ayacucho de forma improvisadaLa poblaci\u00f3n durante la procesi\u00f3n de John Mendoza, asesinado en una manifestaci\u00f3n contra la presidenta Dina Boluarte, en Ayacucho, Per\u00fa, el 17 de diciembre de 2022.<\/p>\n\n\n\n<p>.-Polic\u00edas arrestaron violentamente a un hombre con un beb\u00e9 en brazos tras confundirlo con un sospechoso  en un restaurante de la ciudad estadounidense de Kenosha, estado de Wisconsin.<\/p>\n\n\n\n<p>.-Un polic\u00eda hiere a una mujer al querer disparar a su perro.\u00bbEsperaba que viniera para protegerme y, en cambio, fui la v\u00edctima\u00bb, dijo la mujer, quien hab\u00eda llamado a las autoridades para pedir ayuda en Arkansas y present\u00f3 en junio una demanda contra las autoridades policiacas del condado de Columbia.<\/p>\n\n\n\n<p>.-EE.UU. alcanz\u00f3 en 2022 un r\u00e9cord hist\u00f3rico de suicidios con casi 49.500 personas cometieron suicidio en el pa\u00eds norteamericano con armas de fuego la cifra m\u00e1s alta jam\u00e1s registrada. Expertos se\u00f1alaron  que es muy dif\u00edcil identificar la causa cierta de este incremento, sin embargo, entre los factores m\u00e1s probables se mencionan la creciente disponibilidad de armas de fuego.<\/p>\n\n\n\n<p>.-En M\u00e9xico env\u00edan a prisi\u00f3n a los polic\u00edas que dispararon contra tres j\u00f3venes desarmados en el aeropuerto de la Ciudad de M\u00e9xico como consecuencia una mujer de 20 a\u00f1os se encuentra en estado grave tras recibir un impacto de bala en la cabeza.<\/p>\n\n\n\n<p>.-En EEUU ni\u00f1a de 3 a\u00f1os muere mientras era trasladada en un bus de migrantes de Texas a Chicago que  transportaba a solicitantes de asilo desde el sur de Texas hasta la ciudad de Chicago.<\/p>\n\n\n\n<p>.-En Bosnia un culturista bosnio transmite en vivo el asesinato de su exesposa y mata a dos personas m\u00e1s.<\/p>\n\n\n\n<p>A esto hay que a\u00f1adir que Estados Unidos se ha convertido en el factor desestabilizador m\u00e1s grande del mundo acompa\u00f1ando a gobiernos ultraconservadores y siendo el factor incendiario y no de las soluciones pac\u00edficas.<\/p>\n\n\n\n<figure class=\"wp-block-gallery has-nested-images columns-default is-cropped wp-block-gallery-6 is-layout-flex wp-block-gallery-is-layout-flex\">\n<figure class=\"wp-block-image size-full\"><img loading=\"lazy\" decoding=\"async\" width=\"1920\" height=\"1350\" data-id=\"3579\" src=\"https:\/\/xn--tuvozdiasporaespaola-k7b.com\/wp-content\/uploads\/2023\/08\/1000138183.jpg\" alt=\"\" class=\"wp-image-3579\"\/><figcaption class=\"wp-element-caption\">Candidates por Uni\u00f3n por la Patria.<\/figcaption><\/figure>\n<\/figure>\n\n\n\n<p>Relatos  y mentiras  son los g\u00e9rmenes de la derecha Argentina que ante la falta de propuestas,  solo el  miedo y la palabra Rep\u00fablica son sus apuestas de futuro al igual que el PP y VOX  en Espa\u00f1a. <\/p>\n\n\n\n<p>Ma\u00f1ana es deber ciudadano votar progreso para en la manera de lo posible seguir conteniendo la radicalizacion  de pol\u00edticas neoliberales con su  un rumbo hacia el desamparo, el desastre en las desigualdades sociales y el saqueo.<\/p>\n\n\n\n<p> Votar  desde la esperanza  para  no volver al pasado a los tiempos oscuros y negacionistas de esa derecha institucional en pol\u00edticos, prensa y medios de comunicaci\u00f3n comprados.<\/p>\n\n\n\n<p>Redacci\u00f3n Revista TU VOZ, Argentina.<\/p>\n","protected":false},"excerpt":{"rendered":"<p>El pr\u00f3ximo d\u00eda 13 de Agosto se celebran elecciones en Argentina las denominadas PASSO, son las elecciones primarias donde se hace la selecci\u00f3n de &#8230; <\/p>\n<p class=\"read-more-container\"><a title=\"EL RELATO DE LA DERECHA EN ARGENTINA.\" class=\"read-more button\" href=\"https:\/\/xn--tuvozdiasporaespaola-k7b.com\/page\/2\/el-relato-de-la-derecha-en-argentina\/#more-3567\" aria-label=\"M\u00e1s en EL RELATO DE LA DERECHA EN ARGENTINA.\">Leer m\u00e1s<\/a><\/p>\n","protected":false},"author":222560522,"featured_media":3580,"comment_status":"open","ping_status":"open","sticky":false,"template":"","format":"standard","meta":{"footnotes":""},"categories":[121853,121850],"tags":[],"class_list":["post-3567","post","type-post","status-publish","format-standard","has-post-thumbnail","hentry","category-elecciones","category-politica","resize-featured-image"],"_links":{"self":[{"href":"https:\/\/xn--tuvozdiasporaespaola-k7b.com\/page\/2\/wp-json\/wp\/v2\/posts\/3567","targetHints":{"allow":["GET"]}}],"collection":[{"href":"https:\/\/xn--tuvozdiasporaespaola-k7b.com\/page\/2\/wp-json\/wp\/v2\/posts"}],"about":[{"href":"https:\/\/xn--tuvozdiasporaespaola-k7b.com\/page\/2\/wp-json\/wp\/v2\/types\/post"}],"author":[{"embeddable":true,"href":"https:\/\/xn--tuvozdiasporaespaola-k7b.com\/page\/2\/wp-json\/wp\/v2\/users\/222560522"}],"replies":[{"embeddable":true,"href":"https:\/\/xn--tuvozdiasporaespaola-k7b.com\/page\/2\/wp-json\/wp\/v2\/comments?post=3567"}],"version-history":[{"count":3,"href":"https:\/\/xn--tuvozdiasporaespaola-k7b.com\/page\/2\/wp-json\/wp\/v2\/posts\/3567\/revisions"}],"predecessor-version":[{"id":3582,"href":"https:\/\/xn--tuvozdiasporaespaola-k7b.com\/page\/2\/wp-json\/wp\/v2\/posts\/3567\/revisions\/3582"}],"wp:featuredmedia":[{"embeddable":true,"href":"https:\/\/xn--tuvozdiasporaespaola-k7b.com\/page\/2\/wp-json\/wp\/v2\/media\/3580"}],"wp:attachment":[{"href":"https:\/\/xn--tuvozdiasporaespaola-k7b.com\/page\/2\/wp-json\/wp\/v2\/media?parent=3567"}],"wp:term":[{"taxonomy":"category","embeddable":true,"href":"https:\/\/xn--tuvozdiasporaespaola-k7b.com\/page\/2\/wp-json\/wp\/v2\/categories?post=3567"},{"taxonomy":"post_tag","embeddable":true,"href":"https:\/\/xn--tuvozdiasporaespaola-k7b.com\/page\/2\/wp-json\/wp\/v2\/tags?post=3567"}],"curies":[{"name":"wp","href":"https:\/\/api.w.org\/{rel}","templated":true}]}}