{"id":355,"date":"2022-10-14T00:04:12","date_gmt":"2022-10-14T03:04:12","guid":{"rendered":"https:\/\/xn--tuvozdiasporaespaola-k7b.com\/?p=355"},"modified":"2022-10-14T10:01:42","modified_gmt":"2022-10-14T13:01:42","slug":"consulados-se-preparan-para-la-ley-de-memoria-democratica-y-su-apartado-de-nacionalidad","status":"publish","type":"post","link":"https:\/\/xn--tuvozdiasporaespaola-k7b.com\/page\/2\/consulados-se-preparan-para-la-ley-de-memoria-democratica-y-su-apartado-de-nacionalidad\/","title":{"rendered":"CONSULADOS se preparan para la LEY DE MEMORIA DEMOCR\u00c1TICA y su apartado de NACIONALIDAD."},"content":{"rendered":"\n<p>Dicen que el tiempo es oro, y que m\u00e1s vale tarde que nunca. Y precisamente eso, en los tiempos que corren, cobra especial relevancia. Lo vemos en varios hitos legislativos significativos que reconocen derechos y situaciones hasta hoy implanteables o poco probables de ser reconocidas, como ocurri\u00f3&nbsp; con la <strong>aprobaci\u00f3n de la Ley de Memoria Democr\u00e1tica donde cerca de 400.000 personas se podr\u00e1n beneficiar de esta Ley con respecto a Nacionalidad.<\/strong><\/p>\n\n\n\n<p><strong>\u00a0Sin Lugar a dudas la presencia de PODEMOS  en el GOBIERNO de Espa\u00f1a junto  al PSOE y al Pacto de Investidura ha contribuido a su aprobaci\u00f3n  y a recuperar un derecho denegado sistem\u00e1ticamente por un Partido Popular de Feij<\/strong>\u00f3o negacionista de la realidad de la diaspora exiliada y simpatizantes de  una dictadura que a\u00fan recuerdan desde esa derecha con nostalgia junto a VOX <\/p>\n\n\n\n<figure class=\"wp-block-image size-large\"><img fetchpriority=\"high\" decoding=\"async\" width=\"355\" height=\"223\" src=\"http:\/\/xn--tuvozdiasporaespaola-k7b.com\/wp-content\/uploads\/2022\/10\/6837943782964123113125926.jpg?w=355\" alt=\"\" class=\"wp-image-350\" srcset=\"https:\/\/xn--tuvozdiasporaespaola-k7b.com\/wp-content\/uploads\/2022\/10\/6837943782964123113125926.jpg 355w, https:\/\/xn--tuvozdiasporaespaola-k7b.com\/wp-content\/uploads\/2022\/10\/6837943782964123113125926-300x188.jpg 300w\" sizes=\"(max-width: 355px) 100vw, 355px\" \/><figcaption class=\"wp-element-caption\">Consulado de M\u00e9xico <\/figcaption><\/figure>\n\n\n\n<p>&nbsp;<strong>La nueva ley permitir\u00e1, a trav\u00e9s de lo establecido en su Disposici\u00f3n Adicional Octava:<\/strong><\/p>\n\n\n\n<p>Que opten a la nacionalidad espa\u00f1ola los nacidos fuera de Espa\u00f1a de padre o madre, abuelo o abuela, que originariamente hubieran sido espa\u00f1oles, y que, como consecuencia de haber sufrido exilio por razones pol\u00edticas, ideol\u00f3gicas o de creencia o de orientaci\u00f3n e identidad sexual, hubieran perdido o renunciado a la nacionalidad espa\u00f1ola.<\/p>\n\n\n\n<p>Que puedan adquirir la nacionalidad espa\u00f1ola los hijos e hijas nacidos en el exterior de mujeres espa\u00f1olas que perdieron su nacionalidad por casarse con extranjeros antes de la entrada en vigor de la Constituci\u00f3n de 1978.<\/p>\n\n\n\n<p>Los hijos e hijas mayores de edad de aquellos espa\u00f1oles a quienes les fue reconocida su nacionalidad de origen en virtud del derecho de opci\u00f3n de acuerdo con lo dispuesto en la presente Ley o en la Disposici\u00f3n Adicional S\u00e9ptima de la Ley 52\/2007, de 26 de diciembre.<\/p>\n\n\n\n<p>Esta Ley se viene esperando desde hace tiempo y conoci\u00e9ndose, sobre todo en Iberoam\u00e9rica, como \u201cLey de NIETOS \u201d.&nbsp;<\/p>\n\n\n\n<p>Por otra parte, la&nbsp; Ley de Memoria Democr\u00e1tica, en su art\u00edculo 33, permitir\u00e1 que los voluntarios integrantes de las Brigadas Internacionales que participaron en la Guerra de 1936 a 1939 puedan adquirir la nacionalidad espa\u00f1ola por carta de naturaleza, sin necesidad de que deban renunciar a su anterior nacionalidad. De igual manera se aplicar\u00e1 lo mencionado a los descendientes de los brigadistas que acrediten una labor continuada de difusi\u00f3n de la memoria de sus ascendientes y de la defensa de la democracia.&nbsp;<\/p>\n\n\n\n<p class=\"has-text-align-left\">&nbsp;El plazo para poder solicitar u optar a la nacionalidad espa\u00f1ola se podr\u00e1 llevar a cabo en el plazo de 2 a\u00f1os desde la entrada en vigor de esta nueva ley (pudiendo el Consejo de Ministro prorrogar el plazo un a\u00f1o m\u00e1s).<\/p>\n\n\n\n<figure class=\"wp-block-image size-large\"><img decoding=\"async\" width=\"1200\" height=\"628\" src=\"http:\/\/xn--tuvozdiasporaespaola-k7b.com\/wp-content\/uploads\/2022\/10\/embajada-de-espana-cuba5596046237380296957.jpg?w=1024\" alt=\"\" class=\"wp-image-351\" srcset=\"https:\/\/xn--tuvozdiasporaespaola-k7b.com\/wp-content\/uploads\/2022\/10\/embajada-de-espana-cuba5596046237380296957.jpg 1200w, https:\/\/xn--tuvozdiasporaespaola-k7b.com\/wp-content\/uploads\/2022\/10\/embajada-de-espana-cuba5596046237380296957-300x157.jpg 300w, https:\/\/xn--tuvozdiasporaespaola-k7b.com\/wp-content\/uploads\/2022\/10\/embajada-de-espana-cuba5596046237380296957-1024x536.jpg 1024w, https:\/\/xn--tuvozdiasporaespaola-k7b.com\/wp-content\/uploads\/2022\/10\/embajada-de-espana-cuba5596046237380296957-768x402.jpg 768w\" sizes=\"(max-width: 1200px) 100vw, 1200px\" \/><figcaption class=\"wp-element-caption\">Consulado de Espa\u00f1a en La Habana <\/figcaption><\/figure>\n\n\n\n<figure class=\"wp-block-pullquote\"><blockquote><p>\u00a1<strong>Esperemos que el Partido Popular&nbsp; de Feijo  no gane las elecciones y derogue esta ansiada Ley de Nietos<\/strong>!<\/p><cite>La Diaspora tendr\u00e1 que decidir en las Urnas.<\/cite><\/blockquote><\/figure>\n\n\n\n<p>Continuando con la circular  Albares sugiri\u00f3 a consulados y embajadas  que se preparen ante el aluvi\u00f3n de solicitudes de nacionalidad.<\/p>\n\n\n\n<p>A falta de&nbsp; la instrucci\u00f3n sobre el acceso a la ciudadan\u00eda a trav\u00e9s de la Ley de Memoria Democr\u00e1tica que tambi\u00e9n se publicar\u00e1 en el BOE.<\/p>\n\n\n\n<p>El ministro de Asuntos Exteriores, Jos\u00e9 Manuel Albares con esta  circular interna a las embajadas y consulados de Espa\u00f1a en el extranjero  les apremia a estar listos ante el \u201c<em>volumen significativo<\/em>\u201d de solicitudes de nacionalidad que les van a llegar en los pr\u00f3ximos meses con la entrada en vigor de la ley de Memoria Democr\u00e1tica, que abre una nueva v\u00eda para acceder a la nacionalidad a miles de descendientes de espa\u00f1oles, seg\u00fan ha publicado <em>el diario digital The Objective.<\/em><\/p>\n\n\n\n<figure class=\"wp-block-image size-large\"><img decoding=\"async\" width=\"623\" height=\"351\" src=\"http:\/\/xn--tuvozdiasporaespaola-k7b.com\/wp-content\/uploads\/2022\/10\/varias-consulado-habana-efeernesto-mastrascusa_cymima20220617_0011_137528263366570864836.jpg?w=623\" alt=\"\" class=\"wp-image-352\" srcset=\"https:\/\/xn--tuvozdiasporaespaola-k7b.com\/wp-content\/uploads\/2022\/10\/varias-consulado-habana-efeernesto-mastrascusa_cymima20220617_0011_137528263366570864836.jpg 623w, https:\/\/xn--tuvozdiasporaespaola-k7b.com\/wp-content\/uploads\/2022\/10\/varias-consulado-habana-efeernesto-mastrascusa_cymima20220617_0011_137528263366570864836-300x169.jpg 300w\" sizes=\"(max-width: 623px) 100vw, 623px\" \/><figcaption class=\"wp-element-caption\">El incremento de la Inform\u00e1tica ser\u00e1 clave en resoluci\u00f3n de citas previas.<\/figcaption><\/figure>\n\n\n\n<p>Exteriores actualizar\u00e1 su p\u00e1gina web, dentro de un plan de comunicaci\u00f3n espec\u00edfico para este asunto. As\u00ed como la&nbsp; elaboraci\u00f3n de un folleto informativo&nbsp; en formato PDF&nbsp; para distribuir en las Oficinas Consulares para que puedan imprimirlo y distribuirlo entre las personas interesadas y realizar acciones divulgativas, una vez entre en vigor la citada Ley, con los colectivos, asociaciones e instituciones espa\u00f1olas que puedan existir en esa demarcaci\u00f3n consular, as\u00ed&nbsp; como con los Consejo de Residentes Espa\u00f1oles donde est\u00e9n establecidos.<\/p>\n\n\n\n<p>Estos d\u00edas se aprobaron <strong>los Presupuestos Generales del Estado Espa\u00f1ol con un incremento&nbsp; en el Ministerio de donde dependen los consulados y Embajadas&nbsp; de un 17% con respecto al 2022<\/strong> esto ir\u00e1 destinado a la incrementaci\u00f3n&nbsp; recursos humanos, seg\u00fan&nbsp; anunci\u00f3 en su circular&nbsp; el ministro \u201c<em>se reforzar\u00e1n<\/em>\u201d los consulados \u201c<em>que se espera sufran un mayor impacto<\/em>\u201d por la ley reci\u00e9n aprobada, \u201c<em>tomando como referencia de partida los datos de carga de trabajo que en su d\u00eda gener\u00f3 la Ley de Memoria Hist\u00f3rica\u201d.<\/em><\/p>\n\n\n\n<figure class=\"wp-block-image size-large\"><img loading=\"lazy\" decoding=\"async\" width=\"720\" height=\"340\" src=\"http:\/\/xn--tuvozdiasporaespaola-k7b.com\/wp-content\/uploads\/2022\/10\/ley-de-nietos5975286501254861956.png?w=720\" alt=\"\" class=\"wp-image-353\" srcset=\"https:\/\/xn--tuvozdiasporaespaola-k7b.com\/wp-content\/uploads\/2022\/10\/ley-de-nietos5975286501254861956.png 720w, https:\/\/xn--tuvozdiasporaespaola-k7b.com\/wp-content\/uploads\/2022\/10\/ley-de-nietos5975286501254861956-300x142.png 300w\" sizes=\"(max-width: 720px) 100vw, 720px\" \/><\/figure>\n\n\n\n<p>Igualmente se insta a las embajadas y consulados para consideren&nbsp; un refuerzo&nbsp; y expliquen las razones a Personal y Asuntos Jur\u00eddicos del ministerio por las que requieren \u201c<em>refuerzo de personal y una estimaci\u00f3n de las necesidades\u201d<\/em> y de los equipos inform\u00e1ticos&nbsp; adicionales que se vayan a necesitar\u00bb continuando que&nbsp; \u201c<em>En caso de no resultar posible acomodar en sus actuales instalaciones a los nuevos efectivos los consulados que vayan a realizar los tr\u00e1mites de nacionalidad y\/o los expedientes tramitados, podr\u00e1 proponer a estos servicios centrales el arrendamiento temporal de nuevos espacios de oficinas\/archivo o la contrataci\u00f3n de servicios de custodia externa de documentos\u201d.<\/em> Se prev\u00e9 que en los primeros d\u00edas se va a recibir un volumen significativo de solicitudes de nacionalidad en algunas oficinas consulares, por lo que se plantea la conveniencia de establecer un sistema de cita previa y seguir en cualquier caso&nbsp; las previsiones que se comunicar\u00e1n en nuevas Circulares.<\/p>\n\n\n\n<p>Ser\u00eda muy conveniente que los consulados puedan atender \u201c<em>sin cita a los hijos e hijas mayores de edad de aquellos espa\u00f1oles a quienes les fue reconocida su nacionalidad<\/em>\u201d con la Memoria Hist\u00f3rica<em>. \u201cLos expedientes presentados por estos solicitantes van a ser relativamente sencillos, al estar formados fundamentalmente por la solicitud, su certificado de nacimiento y el certificado de nacimiento de su padre\/madre espa\u00f1ol. En ese caso, solo se atender\u00e1 con cita previa a los dem\u00e1s solicitantes\u201d,<\/em> indic\u00f3 el ministerio.<\/p>\n\n\n\n<p>Continuando con el&nbsp; emplazamiento a las embajadas y consulados de establecer un turno \u201c<em>especial<\/em>\u201d de atenci\u00f3n, \u201c<em>fuera del horario habitual de atenci\u00f3n al p\u00fablico\u201d,<\/em> atendido por los efectivos de refuerzo eventualmente autorizados para concluir lo antes posible con las&nbsp; solicitudes de nacionalidad pendientes de la norma de 2007<\/p>\n\n\n\n<p>Por \u00faltimo&nbsp; Albares comunic\u00f3 la premura de concluir con las solicitudes de nacionalidad que quedan pendientes de la norma de 2007, \u201c<em>Dado el impacto que tendr\u00e1 la nueva ley de la Memoria Democr\u00e1tica, se recuerda la importancia de resolver a la mayor brevedad los expedientes que se encuentren pendientes\u00bb<\/em>  (Recordamos que entre los beneficiarios de la disposici\u00f3n adicional octava de la ley de Memoria Democr\u00e1tica se encuentran precisamente los hijos e hijas mayores de edad de aquellos espa\u00f1oles a quienes les fue reconocida su nacionalidad de origen).<\/p>\n\n\n\n<p>La ley de Memoria Hist\u00f3rica, aprobada en 2007&nbsp; excluy\u00f3 en la pr\u00e1ctica a estos \u00faltimos al cubrir \u00fanicamente a cerca de 250.000 personas que lo solicitaron. Espa\u00f1a solo acept\u00f3 la mitad de las casi 500.000 peticiones que hubo. Concretamente, al 52,8% de las peticiones de nacionalidad de descendientes de exiliados del franquismo que se entregaron en los consulados, la gran mayor\u00eda de ellos en Francia, M\u00e9xico, Argentina, Venezuela y Cuba<\/p>\n\n\n\n<figure class=\"wp-block-image size-large\"><img loading=\"lazy\" decoding=\"async\" width=\"414\" height=\"272\" src=\"http:\/\/xn--tuvozdiasporaespaola-k7b.com\/wp-content\/uploads\/2022\/10\/jgybj7fcf2rglmm7xlyvcya4ci872793827676130586.jpg?w=414\" alt=\"\" class=\"wp-image-354\" srcset=\"https:\/\/xn--tuvozdiasporaespaola-k7b.com\/wp-content\/uploads\/2022\/10\/jgybj7fcf2rglmm7xlyvcya4ci872793827676130586.jpg 414w, https:\/\/xn--tuvozdiasporaespaola-k7b.com\/wp-content\/uploads\/2022\/10\/jgybj7fcf2rglmm7xlyvcya4ci872793827676130586-300x197.jpg 300w\" sizes=\"(max-width: 414px) 100vw, 414px\" \/><figcaption class=\"wp-element-caption\">Consulado de Espa\u00f1a en Buenos Aires \u00bfSe repetir\u00e1n estas escenas?<\/figcaption><\/figure>\n\n\n\n<p>Todos los Espa\u00f1oles tenemos los mismos derechos&nbsp; y lucharemos desde la Di\u00e1spora por que pol\u00edticas de :  <strong>Retorno,&nbsp; Inclusi\u00f3n,&nbsp; Educaci\u00f3n,&nbsp; Trabajo, Derechos Sociales , Salud o Jubilaci\u00f3n no sean patrimonio de&nbsp; los que  residen o nacieron en Espa\u00f1a&nbsp;, todes tienen derecho Constitucional a disponer de esos privilegios <\/strong><\/p>\n\n\n\n<p>A d\u00eda de hoy&nbsp; diversos consulados espa\u00f1oles, como el de M\u00e9xico D.F., el de Buenos Aires, el de Miami o el de La Habana, ya reciben consultas sobre&nbsp; la nacionalidad&nbsp; dentro de la Ley de Memoria Democr\u00e1tica.<\/p>\n\n\n\n<p>Con esta Ley muchos Espa\u00f1oles de descendencia podr\u00e1n tener la Nacionalidad Espa\u00f1ola y con ella poder optar de  los beneficios y derechos que as\u00ed establece la Constituci\u00f3n Espa\u00f1ola sin especificar si se est\u00e1 dentro o fuera de Espa\u00f1a .<\/p>\n\n\n\n<p> Equipo de Redacci\u00f3n de Revista TU VOZ Latinoam\u00e9rica <\/p>\n\n\n\n<p> FUENTE: Area Laboral y Derechos Sociales Podemos Argentina Provincias , Diario digital The Objective.<\/p>\n","protected":false},"excerpt":{"rendered":"<p>Dicen que el tiempo es oro, y que m\u00e1s vale tarde que nunca. Y precisamente eso, en los tiempos que corren, cobra especial relevancia. &#8230; <\/p>\n<p class=\"read-more-container\"><a title=\"CONSULADOS se preparan para la LEY DE MEMORIA DEMOCR\u00c1TICA y su apartado de NACIONALIDAD.\" class=\"read-more button\" href=\"https:\/\/xn--tuvozdiasporaespaola-k7b.com\/page\/2\/consulados-se-preparan-para-la-ley-de-memoria-democratica-y-su-apartado-de-nacionalidad\/#more-355\" aria-label=\"M\u00e1s en CONSULADOS se preparan para la LEY DE MEMORIA DEMOCR\u00c1TICA y su apartado de NACIONALIDAD.\">Leer m\u00e1s<\/a><\/p>\n","protected":false},"author":222560522,"featured_media":0,"comment_status":"open","ping_status":"open","sticky":false,"template":"","format":"standard","meta":{"footnotes":""},"categories":[1771],"tags":[],"class_list":["post-355","post","type-post","status-publish","format-standard","hentry","category-sociales"],"_links":{"self":[{"href":"https:\/\/xn--tuvozdiasporaespaola-k7b.com\/page\/2\/wp-json\/wp\/v2\/posts\/355","targetHints":{"allow":["GET"]}}],"collection":[{"href":"https:\/\/xn--tuvozdiasporaespaola-k7b.com\/page\/2\/wp-json\/wp\/v2\/posts"}],"about":[{"href":"https:\/\/xn--tuvozdiasporaespaola-k7b.com\/page\/2\/wp-json\/wp\/v2\/types\/post"}],"author":[{"embeddable":true,"href":"https:\/\/xn--tuvozdiasporaespaola-k7b.com\/page\/2\/wp-json\/wp\/v2\/users\/222560522"}],"replies":[{"embeddable":true,"href":"https:\/\/xn--tuvozdiasporaespaola-k7b.com\/page\/2\/wp-json\/wp\/v2\/comments?post=355"}],"version-history":[{"count":0,"href":"https:\/\/xn--tuvozdiasporaespaola-k7b.com\/page\/2\/wp-json\/wp\/v2\/posts\/355\/revisions"}],"wp:attachment":[{"href":"https:\/\/xn--tuvozdiasporaespaola-k7b.com\/page\/2\/wp-json\/wp\/v2\/media?parent=355"}],"wp:term":[{"taxonomy":"category","embeddable":true,"href":"https:\/\/xn--tuvozdiasporaespaola-k7b.com\/page\/2\/wp-json\/wp\/v2\/categories?post=355"},{"taxonomy":"post_tag","embeddable":true,"href":"https:\/\/xn--tuvozdiasporaespaola-k7b.com\/page\/2\/wp-json\/wp\/v2\/tags?post=355"}],"curies":[{"name":"wp","href":"https:\/\/api.w.org\/{rel}","templated":true}]}}