{"id":3539,"date":"2023-08-10T15:35:40","date_gmt":"2023-08-10T18:35:40","guid":{"rendered":"https:\/\/xn--tuvozdiasporaespaola-k7b.com\/page\/2\/?p=3539"},"modified":"2023-08-10T15:35:40","modified_gmt":"2023-08-10T18:35:40","slug":"desafios-trasatlanticos-para-un-futuro-progresista","status":"publish","type":"post","link":"https:\/\/xn--tuvozdiasporaespaola-k7b.com\/page\/2\/desafios-trasatlanticos-para-un-futuro-progresista\/","title":{"rendered":"\u201cDesaf\u00edos trasatl\u00e1nticos para un futuro progresista\u201d"},"content":{"rendered":"\n<p>por Amir Alonso Pinardel<\/p>\n\n\n\n<p>Pasadas las Elecciones Generales en Espa\u00f1a del \u00faltimo 23 de Julio y de cara a las Primarias Abiertas, Simultaneas y Obligatorias (PASO) del pr\u00f3ximo 13 de agosto en Argentina, siento la necesidad de reflexionar sobre los desaf\u00edos de las formaciones progresistas de all\u00e1 y ac\u00e1, con el fin de quienes las integramos podamos preguntarnos como tambi\u00e9n encontrar algunas respuestas sobre hacia donde vamos en un mundo cada vez m\u00e1s desigual y reaccionario.<\/p>\n\n\n\n<figure class=\"wp-block-gallery has-nested-images columns-default is-cropped wp-block-gallery-1 is-layout-flex wp-block-gallery-is-layout-flex\">\n<figure class=\"wp-block-image size-large\"><img fetchpriority=\"high\" decoding=\"async\" width=\"360\" height=\"240\" data-id=\"3543\" src=\"https:\/\/xn--tuvozdiasporaespaola-k7b.com\/wp-content\/uploads\/2023\/08\/1000137327.jpg\" alt=\"\" class=\"wp-image-3543\"\/><figcaption class=\"wp-element-caption\">Candidatos a presidente por UNI\u00d3N POR LA PATRIA<\/figcaption><\/figure>\n<\/figure>\n\n\n\n<p>Por eso y antes de razonar en este articulo junto a ustedes, les advierto que escribo desde la hist\u00f3rica C\u00f3rdoba de la Nueva Andaluc\u00eda, como se la supo nombrar un 6 de Julio de 1573 en su fundaci\u00f3n, 450 a\u00f1os atr\u00e1s, hoy es el coraz\u00f3n productivo y universitario de los argentinos y las argentinas. <\/p>\n\n\n\n<p>As\u00ed mismo, de apellido espa\u00f1ol, aunque sin mucha claridad sobre los or\u00edgenes de mis antepasados por cuestiones estrictamente personales que no vienen al caso, evidentemente y como solemos decir \u201cla sangre siempre tira\u201d pero, sobre todo, hago el presente an\u00e1lisis desde mi filiaci\u00f3n con el Peronismo y Podemos lo que claramente significa expresarme desde una verdad relativa.<\/p>\n\n\n\n<p>Ahora bien y sin mucho m\u00e1s pre\u00e1mbulo, sabemos que la ilusi\u00f3n sobre un proyecto pol\u00edtico motiva, aun cuando encuestas de opini\u00f3n como el humor social golpeado por pol\u00edticas p\u00fablicas cuestionables, pero tambi\u00e9n influido por la supuesta prensa independiente que desinforma, nos invita a creer en que un freno a la derecha siempre es posible con organizaci\u00f3n y militancia.<\/p>\n\n\n\n<figure class=\"wp-block-gallery has-nested-images columns-default is-cropped wp-block-gallery-2 is-layout-flex wp-block-gallery-is-layout-flex\">\n<figure class=\"wp-block-image size-large\"><img decoding=\"async\" width=\"1200\" height=\"800\" data-id=\"3544\" src=\"https:\/\/xn--tuvozdiasporaespaola-k7b.com\/wp-content\/uploads\/2023\/08\/1000137324.jpg\" alt=\"\" class=\"wp-image-3544\"\/><figcaption class=\"wp-element-caption\">Alberto Di Lolli 19\/10\/14, Madrid, Comunidad de Madrid. Asamblea ciudadana que organiza la formacion politica &#8216;Podemos&#8217; en Vistalegre. En la imagen, Carolina Bescansa, Juan Carlos Monedero, Pablo Iglesias e Inigo Errejon en primera fila.<\/figcaption><\/figure>\n<\/figure>\n\n\n\n<p>De hecho, en la previa al 23J, se gener\u00f3 un clima de triunfo arrollador para el Partido Popular, sin embargo, esto no sucedi\u00f3 aunque ganaron, quedaron lejos de sus mejores resultados, algo que sumado a la ca\u00edda de Vox con Abascal a la cabeza, dejo a Feij\u00f3o de Los Populares, sin chances de alcanzar una investidura, pero si al PSOE y Sumar (Podemos), ante la posibilidad de reeditar la actual coalici\u00f3n de gobierno.<\/p>\n\n\n\n<p>Evidentemente, la movilizaci\u00f3n del electorado, principalmente a aquellas personas que no participaron en las municipales y auton\u00f3micas de mayo como la advertencia del riesgo a que se produjera un retroceso democr\u00e1tico, logro que la gente saliera a defender con felicidad sus derechos mediante el voto, a pesar de la temporada de verano con altas temperaturas propiciadas por el cambio clim\u00e1tico que tanto cuestionan desde la derecha negacionista.<\/p>\n\n\n\n<figure class=\"wp-block-gallery has-nested-images columns-default is-cropped wp-block-gallery-3 is-layout-flex wp-block-gallery-is-layout-flex\">\n<figure class=\"wp-block-image size-large\"><img decoding=\"async\" width=\"880\" height=\"495\" data-id=\"3545\" src=\"https:\/\/xn--tuvozdiasporaespaola-k7b.com\/wp-content\/uploads\/2023\/08\/1000137326.jpg\" alt=\"\" class=\"wp-image-3545\"\/><figcaption class=\"wp-element-caption\">Entrada de Podemos en el primer gobierno de coalici\u00f3n en la historia democr\u00e1tica en Espa\u00f1a <\/figcaption><\/figure>\n<\/figure>\n\n\n\n<p>Si bien, los espacios progresistas espa\u00f1oles, sienten que se gan\u00f3 y probablemente haya gobierno como hace cuatro a\u00f1os atr\u00e1s, el camino ser\u00e1 arduo porque definitivamente el adelantamiento de los comicios realizado por Pedro S\u00e1nchez no permiti\u00f3 lugar para demasiado debate lo que significa un factor determinante en la construcci\u00f3n de un frente pol\u00edtico amplio (en el caso de SUMAR con Yolanda Diaz, Podemos m\u00e1s IU entre otros) y ni hablar de un programa de gobierno con el PSOE.<\/p>\n\n\n\n<p>Entonces, me pregunto si vale la idea de unidad hasta que duela, aunque salvando distancias se ve que tambi\u00e9n la experimenta Argentina con los extinguidos Frente Para La Victoria, Frente de Todos y ahora Uni\u00f3n Por La Patria. <\/p>\n\n\n\n<p>Creo que definitivamente la pol\u00edtica es din\u00e1mica en cualquier latitud y las fuerzas progresistas deben ordenarse hacia adentro para poder tomar impulso hacia afuera, aunque las circunstancias obliguen a esfuerzos impensados, pero sin dejar de escuchar lo que dice el pueblo en su conjunto. \u00bfQu\u00e9 somos? \u00bfQu\u00e9 queremos? \u00bfHacia d\u00f3nde vamos?.<\/p>\n\n\n\n<p>Sin dudas, el movimiento de indignados fue un punto de inflexi\u00f3n en Espa\u00f1a y en dicha l\u00ednea, no se puede comprender la situaci\u00f3n actual en el Estado espa\u00f1ol, ni las elecciones generales de finales de 2015 como la conformaci\u00f3n en 2019 del primer gobierno de coalici\u00f3n progresista de la historia, sin tomar en cuenta el 15 de mayo de 2011 y a Podemos como promotor de un programa que avance hacia una sociedad con mayor justicia social.<\/p>\n\n\n\n<figure class=\"wp-block-gallery has-nested-images columns-default is-cropped wp-block-gallery-4 is-layout-flex wp-block-gallery-is-layout-flex\">\n<figure class=\"wp-block-image size-large\"><img loading=\"lazy\" decoding=\"async\" width=\"750\" height=\"495\" data-id=\"3546\" src=\"https:\/\/xn--tuvozdiasporaespaola-k7b.com\/wp-content\/uploads\/2023\/08\/1000137323.jpg\" alt=\"\" class=\"wp-image-3546\"\/><figcaption class=\"wp-element-caption\">ASAMBLEA ABIERTA del 15M e  puerta del Sol Madrid<\/figcaption><\/figure>\n<\/figure>\n\n\n\n<p>Esta ola inesperada de color violeta, amenazante para el establishment es heredera de miles de espa\u00f1oles que salieron a las calles para protestar contra las pol\u00edticas de austeridad, el poder de los bancos, la corrupci\u00f3n, el desempleo creciente, los afectados por las hipotecas, entre una larga lista de recorte de derechos sociales, debe volver a tomar dichas banderas para articular una respuesta pol\u00edtica capaz de estar a la altura, sabiendo leer con lucidez el tiempo que vivimos para seguir siendo una opci\u00f3n, por fuera del bipartidismo neoliberal, porque solo as\u00ed, las nuevas generaciones abrazaran la causa y defender\u00e1n el legado dem\u00f3crata como el sue\u00f1o de una rep\u00fablica que de vuelta la p\u00e1gina de la transici\u00f3n.<\/p>\n\n\n\n<p>No obstante, Argentina transita un camino similar en cuanto a la disputa pol\u00edtica entre dos modelos de pa\u00eds. Uno, el de desarrollo con inclusi\u00f3n social que representa la actual administraci\u00f3n y el del desguace de lo p\u00fablico (Estado M\u00ednimo) m\u00e1s la entrega de soberan\u00eda e independencia econ\u00f3mica (Libre Mercado) que encarnan los mismos actores que hicieron volar por los aires a los argentinos y las argentinas en 2001 o quienes trajeron nuevamente en 2018 al Fondo Monetario Internacional (FMI) para contraer la deuda m\u00e1s grande de la historia.<\/p>\n\n\n\n<figure class=\"wp-block-gallery has-nested-images columns-default is-cropped wp-block-gallery-5 is-layout-flex wp-block-gallery-is-layout-flex\">\n<figure class=\"wp-block-image size-large\"><img loading=\"lazy\" decoding=\"async\" width=\"1200\" height=\"675\" data-id=\"3547\" src=\"https:\/\/xn--tuvozdiasporaespaola-k7b.com\/wp-content\/uploads\/2023\/08\/1000137329.jpg\" alt=\"\" class=\"wp-image-3547\"\/><\/figure>\n<\/figure>\n\n\n\n<p>Para ir concluyendo y sabiendo que, frente a tanta incertidumbre, la \u00fanica certeza es la esperanza que el presente como futuro de nuestras tierras est\u00e1 en seguir construyendo colectivamente, tambi\u00e9n debemos entender que es indispensable como ya lo dije, abrir una etapa de discusi\u00f3n interna, independientemente de la coyuntura electoral o de cualquier desafi\u00f3 gubernamental, porque la inacci\u00f3n o ausencia de democracia partidaria nos puede convertir en aquello que siempre cuestionamos.<\/p>\n\n\n\n<p> Por supuesto, que aplica en los dos caos y en relaci\u00f3n a Espa\u00f1a, entiendo que tambi\u00e9n es necesario fortalecer como potenciar las acciones de la di\u00e1spora espa\u00f1ola en el exterior y particularmente en Iberoam\u00e9rica ya que est\u00e1 a la vista que el voto CERA tuvo alg\u00fan peso en el resultado electoral tras el fin del voto rogado.<\/p>\n\n\n\n<figure class=\"wp-block-gallery has-nested-images columns-default is-cropped wp-block-gallery-6 is-layout-flex wp-block-gallery-is-layout-flex\">\n<figure class=\"wp-block-image size-large\"><img loading=\"lazy\" decoding=\"async\" width=\"945\" height=\"923\" data-id=\"3551\" src=\"https:\/\/xn--tuvozdiasporaespaola-k7b.com\/wp-content\/uploads\/2023\/08\/1000137334.jpg\" alt=\"\" class=\"wp-image-3551\"\/><figcaption class=\"wp-element-caption\">Jornafas por los  Derechos Humanos  de Podemos Internacional en la Ex Esma <\/figcaption><\/figure>\n<\/figure>\n\n\n\n<p>En definitiva, ante la embestida de una derecha que redoblara sus ataques de odio, si anhelamos sociedades m\u00e1s justas, igualitarias, plurales, respetuosas del ambiente, con mayor distribuci\u00f3n de los ingresos, la salida es siempre desde la pol\u00edtica y sus instituciones, pero sin caer en vanguardismos, para articular una din\u00e1mica que nos permita ser pueblos felices.<\/p>\n\n\n\n<p>Redacci\u00f3n Revista TU VOZ, C\u00f3rdoba, Argentina<\/p>\n","protected":false},"excerpt":{"rendered":"<p>por Amir Alonso Pinardel Pasadas las Elecciones Generales en Espa\u00f1a del \u00faltimo 23 de Julio y de cara a las Primarias Abiertas, Simultaneas y &#8230; <\/p>\n<p class=\"read-more-container\"><a title=\"\u201cDesaf\u00edos trasatl\u00e1nticos para un futuro progresista\u201d\" class=\"read-more button\" href=\"https:\/\/xn--tuvozdiasporaespaola-k7b.com\/page\/2\/desafios-trasatlanticos-para-un-futuro-progresista\/#more-3539\" aria-label=\"M\u00e1s en \u201cDesaf\u00edos trasatl\u00e1nticos para un futuro progresista\u201d\">Leer m\u00e1s<\/a><\/p>\n","protected":false},"author":222560522,"featured_media":3552,"comment_status":"open","ping_status":"open","sticky":false,"template":"","format":"standard","meta":{"footnotes":""},"categories":[121850],"tags":[],"class_list":["post-3539","post","type-post","status-publish","format-standard","has-post-thumbnail","hentry","category-politica","resize-featured-image"],"_links":{"self":[{"href":"https:\/\/xn--tuvozdiasporaespaola-k7b.com\/page\/2\/wp-json\/wp\/v2\/posts\/3539","targetHints":{"allow":["GET"]}}],"collection":[{"href":"https:\/\/xn--tuvozdiasporaespaola-k7b.com\/page\/2\/wp-json\/wp\/v2\/posts"}],"about":[{"href":"https:\/\/xn--tuvozdiasporaespaola-k7b.com\/page\/2\/wp-json\/wp\/v2\/types\/post"}],"author":[{"embeddable":true,"href":"https:\/\/xn--tuvozdiasporaespaola-k7b.com\/page\/2\/wp-json\/wp\/v2\/users\/222560522"}],"replies":[{"embeddable":true,"href":"https:\/\/xn--tuvozdiasporaespaola-k7b.com\/page\/2\/wp-json\/wp\/v2\/comments?post=3539"}],"version-history":[{"count":4,"href":"https:\/\/xn--tuvozdiasporaespaola-k7b.com\/page\/2\/wp-json\/wp\/v2\/posts\/3539\/revisions"}],"predecessor-version":[{"id":3553,"href":"https:\/\/xn--tuvozdiasporaespaola-k7b.com\/page\/2\/wp-json\/wp\/v2\/posts\/3539\/revisions\/3553"}],"wp:featuredmedia":[{"embeddable":true,"href":"https:\/\/xn--tuvozdiasporaespaola-k7b.com\/page\/2\/wp-json\/wp\/v2\/media\/3552"}],"wp:attachment":[{"href":"https:\/\/xn--tuvozdiasporaespaola-k7b.com\/page\/2\/wp-json\/wp\/v2\/media?parent=3539"}],"wp:term":[{"taxonomy":"category","embeddable":true,"href":"https:\/\/xn--tuvozdiasporaespaola-k7b.com\/page\/2\/wp-json\/wp\/v2\/categories?post=3539"},{"taxonomy":"post_tag","embeddable":true,"href":"https:\/\/xn--tuvozdiasporaespaola-k7b.com\/page\/2\/wp-json\/wp\/v2\/tags?post=3539"}],"curies":[{"name":"wp","href":"https:\/\/api.w.org\/{rel}","templated":true}]}}