{"id":3534,"date":"2023-08-10T09:36:47","date_gmt":"2023-08-10T12:36:47","guid":{"rendered":"https:\/\/xn--tuvozdiasporaespaola-k7b.com\/page\/2\/?p=3534"},"modified":"2023-08-10T09:36:48","modified_gmt":"2023-08-10T12:36:48","slug":"fernando-villavicencio-candidato-a-presidente-de-ecuador-es-asesinado","status":"publish","type":"post","link":"https:\/\/xn--tuvozdiasporaespaola-k7b.com\/page\/2\/fernando-villavicencio-candidato-a-presidente-de-ecuador-es-asesinado\/","title":{"rendered":"Fernando Villavicencio candidato a presidente de Ecuador es asesinado."},"content":{"rendered":"\n<p>El aspirante a la Presidencia fue asesinado  en un ataque armado ocurrido durante un mitin de campa\u00f1a en el colegio Anderson, en el norte de Quito, durante el atentado, varias personas resultaron heridas.<\/p>\n\n\n\n<p>Despu\u00e9s del atentado, el presidente Guillermo Lasso firm\u00f3 un decreto que estableci\u00f3 el estado de excepci\u00f3n en el pa\u00eds por un per\u00edodo de 60 d\u00edas. Adem\u00e1s, declar\u00f3 tres d\u00edas de luto nacional, para los d\u00edas 10, 11 y 12 de agosto.<\/p>\n\n\n\n<p>Mientras tanto, la presidenta del Consejo Nacional Electoral, Diana Atamaint, declar\u00f3 que las elecciones presidenciales no se suspenden y se realizar\u00e1n el 20 de agosto.<\/p>\n\n\n\n<figure class=\"wp-block-embed is-type-rich is-provider-twitter wp-block-embed-twitter\"><div class=\"wp-block-embed__wrapper\">\n<blockquote class=\"twitter-tweet\" data-width=\"550\" data-dnt=\"true\"><p lang=\"es\" dir=\"ltr\">Qued\u00f3 grabado el Momento exacto en que matan a Fernando Villavicencio!! <a href=\"https:\/\/t.co\/7kpqUzwzQ4\">pic.twitter.com\/7kpqUzwzQ4<\/a><\/p>&mdash; Emergencias Ec (@EmergenciasEc) <a href=\"https:\/\/twitter.com\/EmergenciasEc\/status\/1689431449777123329?ref_src=twsrc%5Etfw\">August 10, 2023<\/a><\/blockquote><script async src=\"https:\/\/platform.twitter.com\/widgets.js\" charset=\"utf-8\"><\/script>\n<\/div><figcaption class=\"wp-element-caption\">Momento del asesinato del candidato <\/figcaption><\/figure>\n\n\n\n<p>Por otra parte las y los Candidatos a la Presidencia de Ecuador suspenden sus campa\u00f1as tras el asesinato de Fernando VillavicencioMientras que la Misi\u00f3n de Observaci\u00f3n Electoral de la Organizaci\u00f3n de los Estados Americanos (OEA) hizo un \u00abllamado en\u00e9rgico\u00bb a las autoridades competentes para que se investigue de forma \u00abexhaustiva y profunda\u00bb el crimen de Villavicencio. <\/p>\n\n\n\n<p>\u00abAsimismo, instamos a todos los candidatos a fortalecer sus medidas de seguridad, y a las autoridades a brindar el apoyo necesario para garantizar la integridad de los participantes del proceso electoral\u00bb, se\u00f1ala el comunicado. Y advierte: \u00abLa seguridad de los candidatos es fundamental para mantener la confianza en el sistema democr\u00e1tico y asegurar que las voces de todos los ciudadanos puedan ser escuchadas de manera libre y sin temor\u00bb.  <\/p>\n\n\n\n<p>La solidaridad de los pa\u00edses de la Patria Grande Latinoam\u00e9ricana  expresada por las autoridades de los mismos  condenaron el ataque y enviaron sus condolencias a la familia del candidato a la Presidencia de Ecuador Fernando Villavicencio y a todo el pueblo ecuatoriano en diversas cuentas de Twitter y comunicados oficiales.<\/p>\n\n\n\n<p>La Canciller\u00eda de Argentina declar\u00f3 que \u00abrepudia el asesinato\u00bb de Villavicencio, y \u00abexpresa su solidaridad con el pueblo del Ecuador y las condolencias a su familia y seres queridos\u00bb.<\/p>\n\n\n\n<p>El Gobierno de Chile expres\u00f3 su condena por el atentado y extendi\u00f3 \u00absus condolencias al Gobierno, al pueblo ecuatoriano\u00bb y a la familia de Villavicencio. \u00abEste injustificable hecho nos recuerda la importancia de fortalecer la convivencia democr\u00e1tica y el di\u00e1logo como herramienta de lucha contra la intolerancia y la violencia\u00bb, destac\u00f3 a trav\u00e9s de un comunicado del Ministerio de Asuntos Exteriores.<\/p>\n\n\n\n<p>En Guatemala, el Gobierno del pa\u00eds conden\u00f3, a trav\u00e9s del Ministerio de Relaciones Exteriores, el ataque. \u00abGuatemala se solidariza con el pueblo ecuatoriano en estos dif\u00edciles momentos, especialmente con familiares del Sr. Villavicencio, al tiempo que reiter\u00f3 el rechazo a todo hecho de violencia que atenta contra la seguridad y la vida de las personas\u00bb,  mientras que pidi\u00f3 que \u00abse lleve a cabo una pronta justicia ante este crimen\u00bb.<\/p>\n\n\n\n<p>El Gobierno de Per\u00fa tambi\u00e9n conden\u00f3 y expres\u00f3 \u00absu m\u00e1s firme rechazo a todo acto de violencia e intimidaci\u00f3n que afecte el desarrollo de la democracia en la regi\u00f3n\u00bb. \u00abAl expresar su solidaridad al Gobierno y pueblo ecuatorianos, hace llegar sus sentidas condolencias a su familia y simpatizantes\u00bb.<\/p>\n\n\n\n<p>Desde la Secretar\u00eda de Relaciones Exteriores de M\u00e9xico lamentaron \u00ablos actos de violencia ocurridos en Quito, Ecuador, que terminaron con la vida del candidato presidencial Fernando Villavicencio\u00bb, y expresaron su \u00absolidaridad con el Gobierno y el pueblo ecuatorianos\u00bb. \u00abCondenamos cualquier acto violento que atente contra la voluntad del pueblo ecuatoriano y hacemos votos para que la paz se restablezca dentro del proceso electoral democr\u00e1tico del pa\u00eds hermano\u00bb.<\/p>\n\n\n\n<figure class=\"wp-block-embed is-type-rich is-provider-twitter wp-block-embed-twitter\"><div class=\"wp-block-embed__wrapper\">\n<blockquote class=\"twitter-tweet\" data-width=\"550\" data-dnt=\"true\"><p lang=\"es\" dir=\"ltr\">El candidato presidencial ecuatoriano Fernando Villavicencio ha sido asesinado este mi\u00e9rcoles en un ataque armado ocurrido durante un mitin de campa\u00f1a en la ciudad de Quito <a href=\"https:\/\/t.co\/TkKd6CO4Fv\">pic.twitter.com\/TkKd6CO4Fv<\/a><\/p>&mdash; Sepa M\u00e1s (@Sepa_mass) <a href=\"https:\/\/twitter.com\/Sepa_mass\/status\/1689433317702074369?ref_src=twsrc%5Etfw\">August 10, 2023<\/a><\/blockquote><script async src=\"https:\/\/platform.twitter.com\/widgets.js\" charset=\"utf-8\"><\/script>\n<\/div><\/figure>\n\n\n\n<p>El Gobierno de Brasil se\u00f1al\u00f3 que conoci\u00f3 la noticia sobre el asesinato del aspirante a la Presidencia de Ecuador \u00abcon profunda consternaci\u00f3n\u00bb. \u00abAl expresar su confianza en que los responsables de este deplorable acto sean identificados y llevados ante la Justicia, el Gobierno brasile\u00f1o transmite sus m\u00e1s sentidas condolencias a la familia del candidato presidencial y al Gobierno y pueblo ecuatoriano\u00bb, indic\u00f3.<\/p>\n\n\n\n<p>El presidente electo de Paraguay, Santiago Pe\u00f1a, destac\u00f3 que su pa\u00eds \u00abrepudia y condena\u00bb el asesinato del candidato presidencial. \u00abEstamos con la hermana naci\u00f3n de Ecuador en este dif\u00edcil momento\u00bb, escribi\u00f3.<\/p>\n\n\n\n<p>La OEA por su parte  llama a investigar el asesinato. <\/p>\n\n\n\n<p>Mientras que Rafael Correa tras el asesinato de Villavicencio declaro\u00bbLos que pretenden sembrar a\u00fan m\u00e1s odio con esta nueva tragedia, ojal\u00e1 entiendan que aquello tan solo nos sigue destruyendo\u00bb, afirm\u00f3 el exmandatario ecuatoriano, continuando \u00abEcuador se ha convertido en un Estado fallido\u00bb quien adem\u00e1s expres\u00f3 su solidaridad con la familia de Villavicencio y con todas las familias de las v\u00edctimas de la violencia.<\/p>\n\n\n\n<figure class=\"wp-block-embed is-type-rich is-provider-twitter wp-block-embed-twitter\"><div class=\"wp-block-embed__wrapper\">\n<blockquote class=\"twitter-tweet\" data-width=\"550\" data-dnt=\"true\"><p lang=\"es\" dir=\"ltr\"><a href=\"https:\/\/twitter.com\/hashtag\/FernandoVillavicencio?src=hash&amp;ref_src=twsrc%5Etfw\">#FernandoVillavicencio<\/a> fue asesinado porque <a href=\"https:\/\/twitter.com\/FFAAECUADOR?ref_src=twsrc%5Etfw\">@FFAAECUADOR<\/a> y <a href=\"https:\/\/twitter.com\/PoliciaEcuador?ref_src=twsrc%5Etfw\">@PoliciaEcuador<\/a> no le dieron protecci\u00f3n ?? <a href=\"https:\/\/twitter.com\/CapiZapataEC?ref_src=twsrc%5Etfw\">@CapiZapataEC<\/a><a href=\"https:\/\/twitter.com\/USembassyEC?ref_src=twsrc%5Etfw\">@USembassyEC<\/a> denunci\u00f3 que hay NARCO-GENERALES \u00bfY algunos quieren una dictadura para que haya una NARCO-DICTADURA?<br>?S\u00ed a la DEMOCRACIA.<br>?NO a una NARCO-DICTADURA.<\/p>&mdash; Plataforma Va por ti Ecuador (@VaPorTi_Ecuador) <a href=\"https:\/\/twitter.com\/VaPorTi_Ecuador\/status\/1689560585942269953?ref_src=twsrc%5Etfw\">August 10, 2023<\/a><\/blockquote><script async src=\"https:\/\/platform.twitter.com\/widgets.js\" charset=\"utf-8\"><\/script>\n<\/div><\/figure>\n\n\n\n<p>La Plataforma Va por Ti Ecuador, manifest\u00f3 igualmente  que Fernando Villavicencio fue asesinado porque las Fuerzas Armadas  y la Polic\u00eda de Ecuador no le dieron protecci\u00f3n. Responsabilizando al ministro del Interior Juan Zapata.<\/p>\n\n\n\n<p>Despu\u00e9s del atentado la Polic\u00eda de Ecuador detona un supuesto paquete explosivo hallado en el \u00e1rea cercana al atentado.Villavicencio, de 59 a\u00f1os, recibi\u00f3 tres disparos a la cabeza al cierre de un acto que se desarrollaba en el colegio Anderson, en la ciudad de Quito.<\/p>\n\n\n\n<p> El pol\u00edtico fue trasladado hasta la Cl\u00ednica de la Mujer, donde luego se confirm\u00f3 su muerte.<\/p>\n\n\n\n<p>Varias personas resultaron heridas, entre ellas una candidata a asamble\u00edsta y dos polic\u00edas. En la escena fue detenido un hombre como sospechoso de perpetrar el atentado, el cual falleci\u00f3 m\u00e1s tarde producto de las heridas recibidas en un intercambio de disparos con efectivos de seguridad. <\/p>\n\n\n\n<p>La Fiscal\u00eda ha informado que, hasta el momento, tiene bajo su custodia a 6 personas por su presunta relaci\u00f3n con el crimen. <\/p>\n\n\n\n<p>Por otra parte el exvicepresidente Otto Sonnenholzner, candidato de la coalici\u00f3n Actuemos,  declar\u00f3 sobre los candidatos lo siguiente en su cuenta de Twitter.\u00bbLos convoc\u00f3 con urgencia y los llamar\u00e9 uno por uno para que depongamos en este momento las actitudes proselitistas, para que dejemos de lado esta campa\u00f1a por un rato y nos sentemos juntos a discutir cu\u00e1l es el futuro de nuestro pa\u00eds\u00bb.<\/p>\n\n\n\n<p>En tanto, Yaku Sacha P\u00e9rez Guartambel, candidato por la izquierda ecologista, bajo la alianza Claro que se puede, decidi\u00f3 suspender su campa\u00f1a \u00abindignado por este cobarde asesinato\u00bb, dijo en un video difundido en sus redes. Y llam\u00f3 a un \u00abpacto social\u00bb para \u00abtomar medidas concretas\u00bb y frenar la inseguridad en el pa\u00eds. <\/p>\n\n\n\n<p>Jan Topic, candidato de la Alianza por un Pa\u00eds sin Miedo, y Bol\u00edvar Armijos, del movimiento Amigo, tambi\u00e9n han suspendido sus campa\u00f1as electorales. <\/p>\n\n\n\n<figure class=\"wp-block-embed is-type-rich is-provider-twitter wp-block-embed-twitter\"><div class=\"wp-block-embed__wrapper\">\n<blockquote class=\"twitter-tweet\" data-width=\"550\" data-dnt=\"true\"><p lang=\"es\" dir=\"ltr\">La candidata presidencial <a href=\"https:\/\/twitter.com\/LuisaGonzalezEc?ref_src=twsrc%5Etfw\">@LuisaGonzalezEc<\/a> suspende acto de campa\u00f1a en Carapungo, norte de Quito, condena el atentado que acab\u00f3 con la vida del candidato Fernando Villavicencio y exige al Gobierno que investigue el hecho y de con los responsables. <a href=\"https:\/\/t.co\/3gNXgo5wZY\">pic.twitter.com\/3gNXgo5wZY<\/a><\/p>&mdash; Periodismo en buseta (@relicheandres) <a href=\"https:\/\/twitter.com\/relicheandres\/status\/1689435204018929664?ref_src=twsrc%5Etfw\">August 10, 2023<\/a><\/blockquote><script async src=\"https:\/\/platform.twitter.com\/widgets.js\" charset=\"utf-8\"><\/script>\n<\/div><\/figure>\n\n\n\n<p>De igual forma, la candidata Luisa Gonz\u00e1lez, del Movimiento Revoluci\u00f3n Ciudadana, termin\u00f3 anticipadamente su reuni\u00f3n de campa\u00f1a en Carapungo, en el norte de Quito. \u00abLas diferencias pol\u00edticas se resuelven en las urnas, no con violencia\u00bb y a la vez exige   que investigue el hecho y de con los responsables.<\/p>\n\n\n\n<p> Por su parte, Daniel Noboa y Xavier Hervas, quienes tambi\u00e9n aspiran a la Presidencia, lamentaron el hecho, pero no han dicho si continuar\u00e1n o no con la campa\u00f1a.<\/p>\n\n\n\n<p>La inseguridad  en Ecuador en esta campa\u00f1a electoral  ha transcurrido en  un clima de violencia e inseguridad.<\/p>\n\n\n\n<p>El 23 de julio fue asesinado el alcalde de la ciudad de Manta, en la provincia costera de Manab\u00ed, Agust\u00edn Intriago.Una semana antes fue asesinado Rider S\u00e1nchez, quien era candidato a la Asamblea Nacional por la alianza pol\u00edtica Actuemos, que apoya a Sonnenholzner.<\/p>\n\n\n\n<p>El pasado lunes, la presidenta del Consejo Nacional Electoral (CNE), Diana Atamaint, denunci\u00f3 que las autoridades del ente que dirige han recibido amenazas contra su integridad.<\/p>\n\n\n\n<p>El asesinato de Fernando Villavicencio es el \u00faltimo de una cadena de asesinatos que se est\u00e1n dando en un Ecuador  en estado de descomposici\u00f3n, en parte por la ineficientes pol\u00edticas del presidente Guillermo Lasso y su ministerio drl Interior  donde las  bandas Narcos se han instalado en los entramados de seguridad controlando las pol\u00edticas  para combatirlos y haciendo hoy de Ecuador uno de los principales centros de exportaci\u00f3n de droga en Latinoam\u00e9rica.<\/p>\n\n\n\n<figure class=\"wp-block-gallery has-nested-images columns-default is-cropped wp-block-gallery-1 is-layout-flex wp-block-gallery-is-layout-flex\">\n<figure class=\"wp-block-image size-large\"><img fetchpriority=\"high\" decoding=\"async\" width=\"800\" height=\"477\" data-id=\"3536\" src=\"https:\/\/xn--tuvozdiasporaespaola-k7b.com\/wp-content\/uploads\/2023\/08\/1000134928-1.jpg\" alt=\"\" class=\"wp-image-3536\"\/><\/figure>\n<\/figure>\n\n\n\n<p>Todo ello iniciado ya en el gobierno de Lenin Moreno y ahora de Guillermo Lasso o mejor dicho en los gobiernos neoliberales de Derechas que instauraron la corrupci\u00f3n y el narcotr\u00e1fico en las entra\u00f1as de las instituciones ecuatorianas.Esperemos que este asesinato sea el \u00faltimo y que las fuerzas del orden est\u00e9n a la altura para garantizar la vida Democr\u00e1tica del pueblo y puedan elegir a una nueva Dirigente que lleve orden, tolerancia y democracia institucional para la paz y el progreso de Ecuador.<\/p>\n\n\n\n<p>Ruben Dario, Corresponsal de Revista TU VOZ  en Ecuador <\/p>\n","protected":false},"excerpt":{"rendered":"<p>El aspirante a la Presidencia fue asesinado en un ataque armado ocurrido durante un mitin de campa\u00f1a en el colegio Anderson, en el norte &#8230; <\/p>\n<p class=\"read-more-container\"><a title=\"Fernando Villavicencio candidato a presidente de Ecuador es asesinado.\" class=\"read-more button\" href=\"https:\/\/xn--tuvozdiasporaespaola-k7b.com\/page\/2\/fernando-villavicencio-candidato-a-presidente-de-ecuador-es-asesinado\/#more-3534\" aria-label=\"M\u00e1s en Fernando Villavicencio candidato a presidente de Ecuador es asesinado.\">Leer m\u00e1s<\/a><\/p>\n","protected":false},"author":222560522,"featured_media":3537,"comment_status":"open","ping_status":"open","sticky":false,"template":"","format":"standard","meta":{"footnotes":""},"categories":[121868,121850],"tags":[],"class_list":["post-3534","post","type-post","status-publish","format-standard","has-post-thumbnail","hentry","category-latinoamerica","category-politica","resize-featured-image"],"_links":{"self":[{"href":"https:\/\/xn--tuvozdiasporaespaola-k7b.com\/page\/2\/wp-json\/wp\/v2\/posts\/3534","targetHints":{"allow":["GET"]}}],"collection":[{"href":"https:\/\/xn--tuvozdiasporaespaola-k7b.com\/page\/2\/wp-json\/wp\/v2\/posts"}],"about":[{"href":"https:\/\/xn--tuvozdiasporaespaola-k7b.com\/page\/2\/wp-json\/wp\/v2\/types\/post"}],"author":[{"embeddable":true,"href":"https:\/\/xn--tuvozdiasporaespaola-k7b.com\/page\/2\/wp-json\/wp\/v2\/users\/222560522"}],"replies":[{"embeddable":true,"href":"https:\/\/xn--tuvozdiasporaespaola-k7b.com\/page\/2\/wp-json\/wp\/v2\/comments?post=3534"}],"version-history":[{"count":1,"href":"https:\/\/xn--tuvozdiasporaespaola-k7b.com\/page\/2\/wp-json\/wp\/v2\/posts\/3534\/revisions"}],"predecessor-version":[{"id":3538,"href":"https:\/\/xn--tuvozdiasporaespaola-k7b.com\/page\/2\/wp-json\/wp\/v2\/posts\/3534\/revisions\/3538"}],"wp:featuredmedia":[{"embeddable":true,"href":"https:\/\/xn--tuvozdiasporaespaola-k7b.com\/page\/2\/wp-json\/wp\/v2\/media\/3537"}],"wp:attachment":[{"href":"https:\/\/xn--tuvozdiasporaespaola-k7b.com\/page\/2\/wp-json\/wp\/v2\/media?parent=3534"}],"wp:term":[{"taxonomy":"category","embeddable":true,"href":"https:\/\/xn--tuvozdiasporaespaola-k7b.com\/page\/2\/wp-json\/wp\/v2\/categories?post=3534"},{"taxonomy":"post_tag","embeddable":true,"href":"https:\/\/xn--tuvozdiasporaespaola-k7b.com\/page\/2\/wp-json\/wp\/v2\/tags?post=3534"}],"curies":[{"name":"wp","href":"https:\/\/api.w.org\/{rel}","templated":true}]}}