{"id":3521,"date":"2023-08-09T00:28:17","date_gmt":"2023-08-09T03:28:17","guid":{"rendered":"https:\/\/xn--tuvozdiasporaespaola-k7b.com\/page\/2\/?p=3521"},"modified":"2023-08-09T00:28:18","modified_gmt":"2023-08-09T03:28:18","slug":"tramites-paralizados-en-bahia-blanca","status":"publish","type":"post","link":"https:\/\/xn--tuvozdiasporaespaola-k7b.com\/page\/2\/tramites-paralizados-en-bahia-blanca\/","title":{"rendered":"\u00bfTR\u00c1MITES PARALIZADOS EN BAH\u00cdA BLANCA?"},"content":{"rendered":"\n<p>Desde hace un tiempo  en las redes sociales de Bah\u00eda Blanca  se estan dando muchas quejas poniendo de manifiesto  en las mismas la excesiva  burocracia en el Consulado de Espa\u00f1a.<\/p>\n\n\n\n<p>Con apreciaciones  como esta :\u201c<em><strong>Pasan los meses y no tenemos una respuesta\u201d<\/strong><\/em>, lament\u00f3 uno de los damnificados. <\/p>\n\n\n\n<p>Ra\u00fal otro de los que se expresaron al respecto  y  que plasm\u00f3 su experiencia en el aire de La Br\u00fajula 24. <em><strong>\u201cEspa\u00f1a sac\u00f3 en octubre de 2022 una nueva ley para poder tramitar ciudadan\u00eda para hijos y nietos de espa\u00f1oles, pero la puso solo por dos a\u00f1os\u201d<\/strong><\/em>.<\/p>\n\n\n\n<p>Y a\u00f1adi\u00f3: \u201cLos<em><strong> que estamos ac\u00e1 la est\u00e1bamos esperando y a partir de ese momento se hicieron presentaciones de papeles, hubo que conseguirlos, traducir muchas cosas. Y la exigencia de cada consulado, por supuesto\u201d.\u201cEl asunto es que se presentaron en noviembre y diciembre, pero esperan una resoluci\u00f3n para ver c\u00f3mo es el tr\u00e1mite\u00bb.<\/strong><\/em><\/p>\n\n\n\n<p>  \u00ab<strong><em>Ya pasaron 8 meses y est\u00e1 todo parado\u201d.\u201cNo tenemos ninguna noticia, no transmiten nada. A veces una mujer cuando llamamos dice que toma nota, pero no responden nada.  Es mucho tiempo ya y no tenemos acceso\u201d, <\/em><\/strong>lament\u00f3 con indignaci\u00f3n.<\/p>\n\n\n\n<figure class=\"wp-block-gallery has-nested-images columns-default is-cropped wp-block-gallery-1 is-layout-flex wp-block-gallery-is-layout-flex\">\n<figure class=\"wp-block-image size-large\"><img fetchpriority=\"high\" decoding=\"async\" width=\"988\" height=\"1038\" data-id=\"3523\" src=\"https:\/\/xn--tuvozdiasporaespaola-k7b.com\/wp-content\/uploads\/2023\/08\/1000136637.jpg\" alt=\"\" class=\"wp-image-3523\"\/><\/figure>\n<figcaption class=\"blocks-gallery-caption wp-element-caption\">Juan Armando Andrada-Vanderwilde Parada , Consul de Bah\u00eda Blanca <\/figcaption><\/figure>\n\n\n\n<p>Una de las razones tal  vez sea el  recambio en el Consulado Espa\u00f1ol de de Bah\u00eda Blanca (luego de un par de a\u00f1os de gesti\u00f3n de Don  Diego Santiago Rivero que gue destinado a Indonesia.<\/p>\n\n\n\n<p>Su reemplazo fue  <strong>Juan Armando Andrada-Vanderwilde Parada, que proviene de Viena.<\/strong> En si momento salio pirvlacprensa de Bah\u00eda que  el nuevo C\u00f3nsul que  no arranc\u00f3 con buen pie.<\/p>\n\n\n\n<p>A las pocas horas de llegar, (seg\u00fan relataron empleados del consulado) , el c\u00f3nsul se mostr\u00f3 irascible y de muy mal talante. \u201c<strong><em>Desde<\/em> que lleg\u00f3 est\u00e1 de muy mal humor, evidentemente est\u00e1 a disgusto y no tiene un buen trato\u201d, <\/strong>describi\u00f3 alguien que lo frecuent\u00f3.<\/p>\n\n\n\n<p>A esto  habr\u00eda que a\u00f1adir descripciones negativas y muy despectivas sobre Bah\u00eda Blanca. <em><strong>\u201cEsto es m\u00e1s feo que el pueblo m\u00e1s feo de Espa\u00f1a\u201d, <\/strong><\/em>entre otras expresiones.( La Brujula)<\/p>\n\n\n\n<p>Tal vez esta cuesti\u00f3n ya marca las pautas del consulado de Bah\u00eda Blanca aunque no hay que olvidarnos la enorme demanda de acceso a la Nacionalidad  y los tr\u00e1mites del pasaportes y otras cuestiones que hacen que  los consulados espa\u00f1oles en Argentina tienden a bloquearse,  a pesar de las excelentes predisposiciones de ejecuci\u00f3n de sus tareas de los funcionarios destinados en estas Dependencias.<\/p>\n\n\n\n<p>En lo contrapuesto hay que destacar la labor y trabajo del CRE  de Bah\u00eda Blanca que realiz\u00f3 diversas   charlas  por  distintas poblaciones,  a los largo de estos meses para informar sobre la Ley de Memoria Democr\u00e1tica con la Ley de Nacionalidad  desarrolladas por la presidente del CRE y consejera general de la Emigraci\u00f3n, Mabel Olga Herrero P\u00e9rez junto a  la secretar\u00eda de la entidad, Estela Men\u00e9ndez, charla Comparadas de Consultas y atenci\u00f3n personal.<\/p>\n\n\n\n<figure class=\"wp-block-gallery has-nested-images columns-default is-cropped wp-block-gallery-2 is-layout-flex wp-block-gallery-is-layout-flex\">\n<figure class=\"wp-block-image size-large\"><img decoding=\"async\" width=\"640\" height=\"360\" data-id=\"3524\" src=\"https:\/\/xn--tuvozdiasporaespaola-k7b.com\/wp-content\/uploads\/2023\/08\/1000136638.jpg\" alt=\"\" class=\"wp-image-3524\"\/><figcaption class=\"wp-element-caption\">Reunion del Cre de Bah\u00eda Blanca  con el C\u00f3nsul. <\/figcaption><\/figure>\n<\/figure>\n\n\n\n<p>Hay que recordar que del consulado de Bah\u00eda Blanca dependen parte de la provincia de Buenos  Aires y  las provincias de R\u00edo Negro, Chubut , Neuqu\u00e9n, Tierra del Fuego, Santa Cruz y la Pampa, con lo que por estas distancias enormes de la Patagonia Argentina ser\u00eda imprescindible  que los viceconsulados tuvieran m\u00e1s atenci\u00f3n al p\u00fablico. <\/p>\n\n\n\n<p>Los viceconsulados para su informaci\u00f3n  son los siguientes:?<\/p>\n\n\n\n<p> VICEC\u00d3NSULES HONORARIOS<\/p>\n\n\n\n<p>.-Viceconsulado  Honorario de Espa\u00f1a en Carhu\u00e9 &#8211; Provincia: Buenos AiresNombre: D. Gabriel Fabio \u00c1lvarez SagastiDirecci\u00f3n: Plaza Levalle 115Horario de atenci\u00f3n: Lunes a viernes de 15 a 19 hsCorreo electr\u00f3nico: ch.carhue@maec.es? Tel\u00e9fono: (02936) 432400<\/p>\n\n\n\n<p> .-Vicec\u00f3nsul Honorario de Espa\u00f1a en Comodoro Rivadavia &#8211; Provincia: ChubutNombre: D\u00f1a. Isabel Estela S\u00e1nchez IzquierdoDirecci\u00f3n: San Mart\u00edn 654 -1\u00ba pisoHorario de atenci\u00f3n: Lunes y Mi\u00e9rcoles de 09 a 11 hsCorreo electr\u00f3nico: ch.crivadavia@maec.es <\/p>\n\n\n\n<p>.-Vicec\u00f3nsul Honorario de Espa\u00f1a en Neuqu\u00e9n &#8211; Provincia: Neuqu\u00e9nNombre: Manuel Angel CuestaDirecci\u00f3n: 25 de Mayo N\u00ba 33 &#8211; 2\u00ba pisoHorario de atenci\u00f3n: Mi\u00e9rcoles y viernes de 08.30 a 9:30 hsCorreo electr\u00f3nico: ch.neuquen@maec.esTel\u00e9fono: (0299) 4485328 \/ 4423073<\/p>\n\n\n\n<p> .-Vicec\u00f3nsul Honorario de Espa\u00f1a en Santa Rosa &#8211; Provincia: La PampaNombre: D. Abel Alberto Alvarez Mart\u00ednDirecci\u00f3n: Coronel Hilario Lagos 237Horario de Atenci\u00f3n: Martes, mi\u00e9rcoles y jueves de 09:30 a 11:00 hsCorreo electr\u00f3nico: ch.santarosa@maec.esTel\u00e9fono: (02954) 456935<\/p>\n\n\n\n<p> .-Vicec\u00f3nsul Honorario de Espa\u00f1a en Tres Arroyos &#8211; Provincia: Buenos AiresNombre: Andrea Paola Tolosa ValleDirecci\u00f3n:  Hip\u00f3lito Yrigoyen 468- Club Espa\u00f1olHorario de Atenci\u00f3n: \u00fanicamente con turno.Correo electr\u00f3nico: ch.tresarroyos@maec.esWhatsApp: 2983 574155, despu\u00e9s de las 17:00 hs, para consulta y solicitud de turno.<\/p>\n\n\n\n<figure class=\"wp-block-gallery has-nested-images columns-default is-cropped wp-block-gallery-3 is-layout-flex wp-block-gallery-is-layout-flex\">\n<figure class=\"wp-block-image size-large\"><img decoding=\"async\" width=\"334\" height=\"629\" data-id=\"3525\" src=\"https:\/\/xn--tuvozdiasporaespaola-k7b.com\/wp-content\/uploads\/2023\/08\/1000136251.jpg\" alt=\"\" class=\"wp-image-3525\"\/><\/figure>\n<figcaption class=\"blocks-gallery-caption wp-element-caption\">Demarcaciones Consulares en Argentina<\/figcaption><\/figure>\n\n\n\n<p> .-Vicec\u00f3nsul Honorario de Espa\u00f1a en Puerto Madryn &#8211; Provincia: ChubutNombre: Laura Mar\u00eda EstevanDirecci\u00f3n: Mitre, 246Correo electr\u00f3nico: ch.pmadryn@maec.esTel\u00e9fono: (0280) 4474033 <\/p>\n\n\n\n<p>.-Vicec\u00f3nsul Honorario de Espa\u00f1a en Trelew &#8211; Provincia: ChubutNombre: Da. Mar\u00eda Elena Garc\u00eda ArnauDirecci\u00f3n: calle 25 de mayo 247, Trelew, ChubutHorario de Atenci\u00f3n: Martes 18 a 19:30hsCorreo electr\u00f3nico: ch.rawson@maec.es?Tel\u00e9fono: (0280) 4496935, WhatsApp 0054 9 280 4419235<\/p>\n\n\n\n<p>  .-Vicec\u00f3nsul Honorario de Espa\u00f1a en R\u00edo Gallegos &#8211; Provincia: Santa CruzNombre: D. Alejandro Cappa Direcci\u00f3n: 9 de Julio, 52Horario de Atenci\u00f3n: Jueves de 9 a 13 hs.Correo electr\u00f3nico: ch.riogallegos@maec.esTel\u00e9fono: (02966) 15499303<\/p>\n\n\n\n<p> .-Vicec\u00f3nsul Honorario de Espa\u00f1a en San Carlos de Bariloche &#8211; Provincia: R\u00edo NegroNombre: D\u00aa. Dolores Calvo QuilaqueoDirecci\u00f3n: Sargento Rolando 218 -1er. Piso-Horario de Atenci\u00f3n: Lunes de 10 a 13 hs.Correo electr\u00f3nico: ch.scbariloche@maec.esTel\u00e9fono: (02944) 589545 <\/p>\n\n\n\n<p>.-Vicec\u00f3nsul Honorario de Espa\u00f1a en Viedma &#8211; Provincia: R\u00edo NegroNombre: D\u00aa Marcela Ruibal MarkanAsociaci\u00f3n Espa\u00f1olaDirecci\u00f3n: Gobernador Gallardo 96Horario de Atenci\u00f3n: Lunes y mi\u00e9rcoles de 9 a 11 hsCorreo electr\u00f3nico: ch.viedma@maec.esTel\u00e9fono: (02920) 421527 <\/p>\n\n\n\n<p>.-Vicec\u00f3nsul Honorario de Espa\u00f1a en Puerto San Juli\u00e1n &#8211; Provincia: Santa Cruz Nombre: Luis Benitez AldasoroDirecci\u00f3n: San Martin 724Horario de Atenci\u00f3n: Martes y jueves, de 18 a 19 hs. 7Correo electr\u00f3nico: ch.psanjulian@maec.esTel\u00e9fono: <\/p>\n\n\n\n<p> ??.-Vicec\u00f3nsul Honorario de Espa\u00f1a en Ushuai?a &#8211; Provincia: Tierra del Fuego e Islas del Atl\u00e1ntico SurNombre:  Mar\u00eda Clara Lopez R\u00edos?Horario de Atenci\u00f3n: Lunes, mi\u00e9rcoles y viernes, de 09 a 17 hs.WhatsApp: 00 54 9 2901 403616Correo electr\u00f3nico:ch.ushuaia@maec.es<\/p>\n\n\n\n<p>.-En General Pico &#8211; Provincia: La Pampa no est\u00e1 operativo.<\/p>\n\n\n\n<p> AGENTES CONSULARES HONORARIOS <\/p>\n\n\n\n<p>.-Agente Consular Honorario de Espa\u00f1a en Coronel Su\u00e1rez &#8211; Provincia: Buenos AiresNombre: D. Abel Armando Didier del ValloDirecci\u00f3n: Avda. Alsina 506Horario de Atenci\u00f3n: Lunes a viernes de 15.30 a 19.30 hs-Correo electr\u00f3nico: ch.csuarez@maec.esTel\u00e9fono: (02926) 42 45 36<\/p>\n\n\n\n<p> .-Agente Consular Honorario de Espa\u00f1a en General Roca &#8211; Provincia: R\u00edo Negro? Nombre: Mirta VallejosDirecci\u00f3n: Espa\u00f1a 1371Horario de Atenci\u00f3n: Lunes a viernes de 9 a 11.30 hsCorreo electr\u00f3nico: ch.groca@maec.esTel\u00e9fono: (0298) 4437005.<\/p>\n\n\n\n<p>Los viceconsulados de Espa\u00f1a  pueden ofrecer asistencia consular a sus ciudadanos entre los  servicios ofrecidos pueden estar:<\/p>\n\n\n\n<p>.-Solicitudes de visa<\/p>\n\n\n\n<p>.-Solicitudes de pasaporte<\/p>\n\n\n\n<p>.-Servicios notariales y legalizaciones<\/p>\n\n\n\n<p>.-Registro civil<\/p>\n\n\n\n<p>.-Documentaci\u00f3n en caso de emergencia.<\/p>\n\n\n\n<p>Estos viceconsulados honorarios generalmente ofrecen servicios consulares limitados ya que no suelen tener ennla mayor\u00eda de los casos empleados y se limitan a recepcionar documentaci\u00f3n que luego env\u00edan a los consulados de quienes dependen .Siempre es conveniente ponerse  en contacto directamente con el viceconsulado para confirmar qu\u00e9 servicios consulares ofrecen.<\/p>\n\n\n\n<figure class=\"wp-block-gallery has-nested-images columns-default is-cropped wp-block-gallery-4 is-layout-flex wp-block-gallery-is-layout-flex\">\n<figure class=\"wp-block-image size-large\"><img loading=\"lazy\" decoding=\"async\" width=\"720\" height=\"519\" data-id=\"3526\" src=\"https:\/\/xn--tuvozdiasporaespaola-k7b.com\/wp-content\/uploads\/2023\/08\/1000136639.jpg\" alt=\"\" class=\"wp-image-3526\"\/><\/figure>\n<\/figure>\n\n\n\n<p>Tambien  pueden contactar con la representaci\u00f3n supervisora del viceconsulado, la embajada de Espa\u00f1a en Buenos Aires, para obtener maa informacion de los servicios y asistencia si se producen muchas demoras en el Consulado de Bah\u00eda Blanca, para visibilizar estas carencias organizativas.<\/p>\n\n\n\n<p>Hay que informar tambi\u00e9n que en estos meses se incorporar\u00e1 un nuevo empleo f\u00edsico para intentar agilizar estos tapones(seg\u00fan Informaci\u00f3n).<\/p>\n\n\n\n<p>Aunque lo realmente importante seria que se dotar\u00e1 de unidades m\u00f3viles que  recorrieran el territorio Argentino  y as\u00ed en  los viceconsulados  se pudieran hacer gestiones tales como :  renovar pasaportes o bien arreglar la obtenci\u00f3n de la ciudadan\u00eda espa\u00f1ola por la Ley de Memoria Democr\u00e1tica. Asi evitariamos  tener que recorrer hasta 1.500 km hasta el consulado m\u00e1s cercano para realizar dichos  tr\u00e1mites y evitar el enojo de ciudadanas y ciudadanos espa\u00f1oles.<\/p>\n\n\n\n<p>Toda una tarea que queda pendiente para la Di\u00e1spora  en Argetina y en particular en el Consulado de Bah\u00eda Blanca.<\/p>\n\n\n\n<p>Walter Rodriguez , R\u00edo Negro, Argentina, corresponsal Revista TU VOZ.<\/p>\n","protected":false},"excerpt":{"rendered":"<p>Desde hace un tiempo en las redes sociales de Bah\u00eda Blanca se estan dando muchas quejas poniendo de manifiesto en las mismas la excesiva &#8230; <\/p>\n<p class=\"read-more-container\"><a title=\"\u00bfTR\u00c1MITES PARALIZADOS EN BAH\u00cdA BLANCA?\" class=\"read-more button\" href=\"https:\/\/xn--tuvozdiasporaespaola-k7b.com\/page\/2\/tramites-paralizados-en-bahia-blanca\/#more-3521\" aria-label=\"M\u00e1s en \u00bfTR\u00c1MITES PARALIZADOS EN BAH\u00cdA BLANCA?\">Leer m\u00e1s<\/a><\/p>\n","protected":false},"author":222560522,"featured_media":3527,"comment_status":"open","ping_status":"open","sticky":false,"template":"","format":"standard","meta":{"footnotes":""},"categories":[121854],"tags":[],"class_list":["post-3521","post","type-post","status-publish","format-standard","has-post-thumbnail","hentry","category-consejo-de-residentes-espanoles","resize-featured-image"],"_links":{"self":[{"href":"https:\/\/xn--tuvozdiasporaespaola-k7b.com\/page\/2\/wp-json\/wp\/v2\/posts\/3521","targetHints":{"allow":["GET"]}}],"collection":[{"href":"https:\/\/xn--tuvozdiasporaespaola-k7b.com\/page\/2\/wp-json\/wp\/v2\/posts"}],"about":[{"href":"https:\/\/xn--tuvozdiasporaespaola-k7b.com\/page\/2\/wp-json\/wp\/v2\/types\/post"}],"author":[{"embeddable":true,"href":"https:\/\/xn--tuvozdiasporaespaola-k7b.com\/page\/2\/wp-json\/wp\/v2\/users\/222560522"}],"replies":[{"embeddable":true,"href":"https:\/\/xn--tuvozdiasporaespaola-k7b.com\/page\/2\/wp-json\/wp\/v2\/comments?post=3521"}],"version-history":[{"count":2,"href":"https:\/\/xn--tuvozdiasporaespaola-k7b.com\/page\/2\/wp-json\/wp\/v2\/posts\/3521\/revisions"}],"predecessor-version":[{"id":3528,"href":"https:\/\/xn--tuvozdiasporaespaola-k7b.com\/page\/2\/wp-json\/wp\/v2\/posts\/3521\/revisions\/3528"}],"wp:featuredmedia":[{"embeddable":true,"href":"https:\/\/xn--tuvozdiasporaespaola-k7b.com\/page\/2\/wp-json\/wp\/v2\/media\/3527"}],"wp:attachment":[{"href":"https:\/\/xn--tuvozdiasporaespaola-k7b.com\/page\/2\/wp-json\/wp\/v2\/media?parent=3521"}],"wp:term":[{"taxonomy":"category","embeddable":true,"href":"https:\/\/xn--tuvozdiasporaespaola-k7b.com\/page\/2\/wp-json\/wp\/v2\/categories?post=3521"},{"taxonomy":"post_tag","embeddable":true,"href":"https:\/\/xn--tuvozdiasporaespaola-k7b.com\/page\/2\/wp-json\/wp\/v2\/tags?post=3521"}],"curies":[{"name":"wp","href":"https:\/\/api.w.org\/{rel}","templated":true}]}}