{"id":349,"date":"2022-10-12T19:20:49","date_gmt":"2022-10-12T22:20:49","guid":{"rendered":"https:\/\/xn--tuvozdiasporaespaola-k7b.com\/2022\/10\/12\/12-de-octubre-festejar-o-llorar-a-los-muertos\/"},"modified":"2022-10-12T19:20:49","modified_gmt":"2022-10-12T22:20:49","slug":"12-de-octubre-festejar-o-llorar-a-los-muertos","status":"publish","type":"post","link":"https:\/\/xn--tuvozdiasporaespaola-k7b.com\/page\/2\/12-de-octubre-festejar-o-llorar-a-los-muertos\/","title":{"rendered":"12 DE OCTUBRE \u00bfFESTEJAR  o LLORAR a los  MUERTOS?\u00a0"},"content":{"rendered":"\n<p>12 de octubre \u00bfcelebrar o llorar a los migrantes que cada d\u00eda mueren en el intento de alcanzar el sue\u00f1o americano?<\/p>\n\n\n\n<p>Se conmemora o celebra, el mal llamado \u201cDescubrimiento de Am\u00e9rica\u201d, pero definitiva, despu\u00e9s de 530 a\u00f1os de la llegada de Col\u00f3n a las costas de lo que hoy es parte de las Bahamas, bautizado entonces como San Salvador, nada queda por celebrar. No podemos celebrar un hecho fat\u00eddico que diezmo en pocos a\u00f1os a la poblaci\u00f3n aut\u00f3ctona de este continente en el nombre de dios y la corona espa\u00f1ola, por ese entonces due\u00f1a de las expediciones al nuevo mundo.<\/p>\n\n\n\n<p>Frases que son comunes cada 12 de octubre en miles de art\u00edculos, escritos, an\u00e1lisis y dem\u00e1s opiniones sobre este acontecimiento hist\u00f3rico.&nbsp;<\/p>\n\n\n\n<p>Lo que no estamos mirando de fondo es el verdadero sentido de lo que deber\u00eda ser hoy, ser parte de ese nuevo mundo y que no es, gracias a la ambici\u00f3n desmedida de los pa\u00edses que nos \u201ccolonizaron\u201d, y que llenaron estas tierras con personas nefastas que vinieron a saquear todo cuanto encontraban para suplir ese simplismo y decadencia de los antiguos imperios europeos que carec\u00edan de amor por la vida y m\u00e1s bien se dedicaban a explotarla hasta acabar con todo, solamente as\u00ed satisfac\u00edan sus vac\u00edos, o al menos eso pensaban en ese entonces.<\/p>\n\n\n\n<figure class=\"wp-block-image size-large\"><img fetchpriority=\"high\" decoding=\"async\" width=\"1080\" height=\"670\" src=\"http:\/\/xn--tuvozdiasporaespaola-k7b.com\/wp-content\/uploads\/2022\/10\/screenshot_20221012-191347_telegram9039935499698587497.jpg?w=1024\" alt=\"\" class=\"wp-image-345\" srcset=\"https:\/\/xn--tuvozdiasporaespaola-k7b.com\/wp-content\/uploads\/2022\/10\/screenshot_20221012-191347_telegram9039935499698587497.jpg 1080w, https:\/\/xn--tuvozdiasporaespaola-k7b.com\/wp-content\/uploads\/2022\/10\/screenshot_20221012-191347_telegram9039935499698587497-300x186.jpg 300w, https:\/\/xn--tuvozdiasporaespaola-k7b.com\/wp-content\/uploads\/2022\/10\/screenshot_20221012-191347_telegram9039935499698587497-1024x635.jpg 1024w, https:\/\/xn--tuvozdiasporaespaola-k7b.com\/wp-content\/uploads\/2022\/10\/screenshot_20221012-191347_telegram9039935499698587497-768x476.jpg 768w\" sizes=\"(max-width: 1080px) 100vw, 1080px\" \/><\/figure>\n\n\n\n<p>Saquearon, explotaron y robaron hasta la saciedad; tomando las riquezas del nuevo mundo para s\u00ed, expropiando a los nativos de cuanto artefacto brillante pudieron y no contestos con eso, humill\u00e1ndolos hasta el punto de negarles su propia humanidad, someti\u00e9ndolos como esclavos y sirvientes; porque solo hab\u00eda una raza, la blanca. Y as\u00ed, se han quedado hasta el d\u00eda de hoy, empobreciendo m\u00e1s la regi\u00f3n, dejando secos nuestros r\u00edos y vac\u00edas las entra\u00f1as de nuestras monta\u00f1as que contienen toda clase de minerales preciados para su industria, arrasando las selvas y llev\u00e1ndose hasta la \u00faltima part\u00edcula de madera que ellos consideran de su propiedad, antes a las malas, ahora con concesiones y contratos que los mismos mandatarios expiden a favor de las multinacionales de la muerte.\u00a0<\/p>\n\n\n\n<figure class=\"wp-block-image size-large\"><img decoding=\"async\" width=\"660\" height=\"892\" src=\"http:\/\/xn--tuvozdiasporaespaola-k7b.com\/wp-content\/uploads\/2022\/10\/img-20221012-wa01353790059080182232151.jpg?w=660\" alt=\"\" class=\"wp-image-346\" srcset=\"https:\/\/xn--tuvozdiasporaespaola-k7b.com\/wp-content\/uploads\/2022\/10\/img-20221012-wa01353790059080182232151.jpg 660w, https:\/\/xn--tuvozdiasporaespaola-k7b.com\/wp-content\/uploads\/2022\/10\/img-20221012-wa01353790059080182232151-222x300.jpg 222w\" sizes=\"(max-width: 660px) 100vw, 660px\" \/><\/figure>\n\n\n\n<p>S\u00ed, las Venas Abiertas de Am\u00e9rica Latina, de Don Eduardo Galeano, siguen m\u00e1s abiertas que nunca. Siguen llev\u00e1ndonos por los senderos m\u00e1s oscuros de la devastaci\u00f3n de la naturaleza por el hombre y a\u00fan peor, del hombre por hombre, en forma de mercanc\u00eda.&nbsp;<\/p>\n\n\n\n<p>En las dos \u00faltimas d\u00e9cadas millones de personas han intentado llegar a Estados Unidos procedentes de los pa\u00edses m\u00e1s pobres y violentos del continente, sobre todo de Am\u00e9rica Central y Sur Am\u00e9rica; varias rutas los conducen a su ansiado sue\u00f1o americano, un sue\u00f1o que es un calvario y un sufrimiento, un sacrificio, que a muchos lo ha llevado a la muerte. El Sue\u00f1o americano,&nbsp; de sue\u00f1o no tiene nada m\u00e1s que ser una pesadilla para estas personas que por falta de garant\u00edas, por vidas indignantes, falta de oportunidades y&nbsp; marcadas por la pobreza, la violencia&nbsp; y la miseria en sus pa\u00edses de origen, eligen el camino de la migraci\u00f3n y su b\u00fasqueda se convierte en una muerte por hambre, insalubridad, inseguridad y las trampas de los traficantes humanos que les piden sumas para ellos dif\u00edciles de pagar por el recorrido del terror hasta llegar a Estados Unidos; muchos de estos traficantes se encargan de matarlos antes de alcanzar la meta o antes siquiera de empezar; las mafias del tr\u00e1fico humano son el otro peligro que enfrentan los migrantes.<\/p>\n\n\n\n<figure class=\"wp-block-image size-large\"><img decoding=\"async\" width=\"1080\" height=\"765\" src=\"http:\/\/xn--tuvozdiasporaespaola-k7b.com\/wp-content\/uploads\/2022\/10\/screenshot_20221012-191350_telegram2684814031093100585.jpg?w=1024\" alt=\"\" class=\"wp-image-347\" srcset=\"https:\/\/xn--tuvozdiasporaespaola-k7b.com\/wp-content\/uploads\/2022\/10\/screenshot_20221012-191350_telegram2684814031093100585.jpg 1080w, https:\/\/xn--tuvozdiasporaespaola-k7b.com\/wp-content\/uploads\/2022\/10\/screenshot_20221012-191350_telegram2684814031093100585-300x213.jpg 300w, https:\/\/xn--tuvozdiasporaespaola-k7b.com\/wp-content\/uploads\/2022\/10\/screenshot_20221012-191350_telegram2684814031093100585-1024x725.jpg 1024w, https:\/\/xn--tuvozdiasporaespaola-k7b.com\/wp-content\/uploads\/2022\/10\/screenshot_20221012-191350_telegram2684814031093100585-768x544.jpg 768w\" sizes=\"(max-width: 1080px) 100vw, 1080px\" \/><\/figure>\n\n\n\n<p>Las rutas de nuestra Am\u00e9rica para llegar al pa\u00eds del norte son b\u00e1sicamente, cruzar el R\u00edo Bravo; ir en lancha desde Cuba o las Islas y el Tap\u00f3n del Dari\u00e9n desde Colombia entrando a Panam\u00e1 para ir subiendo, esta \u00faltima, es una regi\u00f3n selv\u00e1tica donde han perecido m\u00e1s de un centenar de personas de 2021 a la fecha. Este a\u00f1o, en Colombia se han represado unas 10.000 personas esperando a pasar el Tap\u00f3n del Dari\u00e9n (haitianos, cubanos, venezolanos, africanos y asi\u00e1ticos). Unos 2500 migrantes llegan a diario a este sitio en Colombia.<\/p>\n\n\n\n<p>Muchos consiguen llegar; pero durante este nuevo mandato dem\u00f3crata los gobernantes de los estados republicanos a donde llegan los migrantes, los mueven y reparten entre los estados dem\u00f3cratas del resto del pa\u00eds, enviando un mensaje al presidente Biden de rechazo total a la migraci\u00f3n. Las personas son tratadas como ganado o mercanc\u00eda estropeada o de segunda mano, con una total violaci\u00f3n a los derechos humanos.<\/p>\n\n\n\n<p>\u00bfEs este el futuro que deseaban cuando salieron de sus pa\u00edses?<\/p>\n\n\n\n<p>\u00bfEs este un trato digno al ser humano?<\/p>\n\n\n\n<p>\u00bfEs este el sue\u00f1o americano?<\/p>\n\n\n\n<p>\u00bfEs esta la celebraci\u00f3n del descubrimiento de Am\u00e9rica?<\/p>\n\n\n\n<p>Seg\u00fan las \u00faltimas noticias, Estados Unidos necesita mano de obra, entonces ser\u00eda esta la oportunidad de abrir esos puestos de trabajo para los migrantes y as\u00ed la econom\u00eda de dinamiza y las personas puedes valerse por s\u00ed mismos, sin necesidad de esperar limosna o l\u00e1stima de nadie. No estar\u00eda mal que el gobierno de Biden abra esta oportunidad para los miles de personas que est\u00e1n en calidad de ilegales, para que con un permiso de trabajo puedan legalizarse.<\/p>\n\n\n\n<figure class=\"wp-block-image size-large\"><img loading=\"lazy\" decoding=\"async\" width=\"1080\" height=\"703\" src=\"http:\/\/xn--tuvozdiasporaespaola-k7b.com\/wp-content\/uploads\/2022\/10\/screenshot_20221012-191355_telegram102735081882815450.jpg?w=1024\" alt=\"\" class=\"wp-image-348\" srcset=\"https:\/\/xn--tuvozdiasporaespaola-k7b.com\/wp-content\/uploads\/2022\/10\/screenshot_20221012-191355_telegram102735081882815450.jpg 1080w, https:\/\/xn--tuvozdiasporaespaola-k7b.com\/wp-content\/uploads\/2022\/10\/screenshot_20221012-191355_telegram102735081882815450-300x195.jpg 300w, https:\/\/xn--tuvozdiasporaespaola-k7b.com\/wp-content\/uploads\/2022\/10\/screenshot_20221012-191355_telegram102735081882815450-1024x667.jpg 1024w, https:\/\/xn--tuvozdiasporaespaola-k7b.com\/wp-content\/uploads\/2022\/10\/screenshot_20221012-191355_telegram102735081882815450-768x500.jpg 768w\" sizes=\"(max-width: 1080px) 100vw, 1080px\" \/><figcaption class=\"wp-element-caption\">Esclavos del siglo XXI<\/figcaption><\/figure>\n\n\n\n<p>Lo m\u00e1s sensato es \u201ccambiar deuda por vida\u201d tal como lo solicit\u00f3 el presidente colombiano Gustavo Petro el pasado 20 de septiembre del presente, en su discurso ante la ONU.<\/p>\n\n\n\n<p>Cambiar las pol\u00edticas asistencialistas a los pa\u00edses pobres de centro y sur Am\u00e9rica, llevar inversi\u00f3n que genere fuentes de trabajo, invertir en educaci\u00f3n, ciencia y tecnolog\u00eda; dejar de llevarse los recursos naturales y darles herramientas para que sean ellos mismos quienes los usen en su propio beneficio&nbsp; y permitir la autodeterminaci\u00f3n de los pueblos, sin invadir, sin imponer sanciones, sin inmiscuirse en los temas de cada pa\u00eds (gran utop\u00eda progresista); , ese ser\u00eda un verdadero cambio, un cambio que traer\u00eda prosperidad y dignidad a los ciudadanos y evitar\u00eda as\u00ed el largo peregrinaje de miles de personas buscando el sue\u00f1o americano en un pa\u00eds que solo ofrece odio, racismo y negacionismo.<\/p>\n\n\n\n<p>Por Carolina Valencia Bernal<\/p>\n\n\n\n<p>Periodista Colombiana , Equipo de Redacci\u00f3n de Revista TU VOZ , Red de C\u00edrculos Podemos Latinoam\u00e9rica <\/p>\n","protected":false},"excerpt":{"rendered":"<p>12 de octubre \u00bfcelebrar o llorar a los migrantes que cada d\u00eda mueren en el intento de alcanzar el sue\u00f1o americano? Se conmemora o &#8230; <\/p>\n<p class=\"read-more-container\"><a title=\"12 DE OCTUBRE \u00bfFESTEJAR  o LLORAR a los  MUERTOS?\u00a0\" class=\"read-more button\" href=\"https:\/\/xn--tuvozdiasporaespaola-k7b.com\/page\/2\/12-de-octubre-festejar-o-llorar-a-los-muertos\/#more-349\" aria-label=\"M\u00e1s en 12 DE OCTUBRE \u00bfFESTEJAR  o LLORAR a los  MUERTOS?\u00a0\">Leer m\u00e1s<\/a><\/p>\n","protected":false},"author":222560522,"featured_media":0,"comment_status":"open","ping_status":"open","sticky":false,"template":"","format":"standard","meta":{"footnotes":""},"categories":[1771],"tags":[],"class_list":["post-349","post","type-post","status-publish","format-standard","hentry","category-sociales"],"_links":{"self":[{"href":"https:\/\/xn--tuvozdiasporaespaola-k7b.com\/page\/2\/wp-json\/wp\/v2\/posts\/349","targetHints":{"allow":["GET"]}}],"collection":[{"href":"https:\/\/xn--tuvozdiasporaespaola-k7b.com\/page\/2\/wp-json\/wp\/v2\/posts"}],"about":[{"href":"https:\/\/xn--tuvozdiasporaespaola-k7b.com\/page\/2\/wp-json\/wp\/v2\/types\/post"}],"author":[{"embeddable":true,"href":"https:\/\/xn--tuvozdiasporaespaola-k7b.com\/page\/2\/wp-json\/wp\/v2\/users\/222560522"}],"replies":[{"embeddable":true,"href":"https:\/\/xn--tuvozdiasporaespaola-k7b.com\/page\/2\/wp-json\/wp\/v2\/comments?post=349"}],"version-history":[{"count":0,"href":"https:\/\/xn--tuvozdiasporaespaola-k7b.com\/page\/2\/wp-json\/wp\/v2\/posts\/349\/revisions"}],"wp:attachment":[{"href":"https:\/\/xn--tuvozdiasporaespaola-k7b.com\/page\/2\/wp-json\/wp\/v2\/media?parent=349"}],"wp:term":[{"taxonomy":"category","embeddable":true,"href":"https:\/\/xn--tuvozdiasporaespaola-k7b.com\/page\/2\/wp-json\/wp\/v2\/categories?post=349"},{"taxonomy":"post_tag","embeddable":true,"href":"https:\/\/xn--tuvozdiasporaespaola-k7b.com\/page\/2\/wp-json\/wp\/v2\/tags?post=349"}],"curies":[{"name":"wp","href":"https:\/\/api.w.org\/{rel}","templated":true}]}}