{"id":3478,"date":"2023-08-04T00:58:52","date_gmt":"2023-08-04T03:58:52","guid":{"rendered":"https:\/\/xn--tuvozdiasporaespaola-k7b.com\/page\/2\/?p=3478"},"modified":"2023-08-04T01:02:20","modified_gmt":"2023-08-04T04:02:20","slug":"ecuador-mas-cerca-para-las-elecciones-ultimas-encuestas","status":"publish","type":"post","link":"https:\/\/xn--tuvozdiasporaespaola-k7b.com\/page\/2\/ecuador-mas-cerca-para-las-elecciones-ultimas-encuestas\/","title":{"rendered":"Ecuador y  las  elecciones  ultimas encuestas."},"content":{"rendered":"\n<p>El pr\u00f3ximo 20 de agosto se celebrar\u00e1n en Ecuador elecciones  presidenciales y legislativas,  convocada por el presidente del Guillermo Lasso, tras decretar  muerte cruzada y disolver la Asamblea Nacional.<\/p>\n\n\n\n<p>En estas elecciones se presentan ocho candidaturas a la presidencia y vicepresidencia. <strong>Luisa Gonz\u00e1lez por el movimiento Revoluci\u00f3n Ciudadana junto a Andr\u00e9s Arauz  como  f\u00f3rmula lideran  las encuestas, aunque no  alcanza  en primera vuelta (aunque en algunas queda al l\u00edmite de conseguirlo), <\/strong>sino que pasar\u00eda a balotaje.<\/p>\n\n\n\n<figure class=\"wp-block-gallery has-nested-images columns-default is-cropped wp-block-gallery-1 is-layout-flex wp-block-gallery-is-layout-flex\">\n<figure class=\"wp-block-image size-full\"><img fetchpriority=\"high\" decoding=\"async\" width=\"710\" height=\"399\" data-id=\"3481\" src=\"https:\/\/xn--tuvozdiasporaespaola-k7b.com\/wp-content\/uploads\/2023\/08\/1000134559.jpg\" alt=\"\" class=\"wp-image-3481\"\/><\/figure>\n<figcaption class=\"blocks-gallery-caption wp-element-caption\">Luisa Gonz\u00e1lez y Andres Arauz saludan a la gente durante un acto de campa\u00f1a.<\/figcaption><\/figure>\n\n\n\n<p>Para ganar en primera vuelta en Ecuador, de acuerdo con la Ley Org\u00e1nica Electoral y de Organizaciones Pol\u00edticas  necesita obtener al menos el 40 % de los votos v\u00e1lidos y una diferencia mayor de 10 puntos porcentuales sobre el segundo . De no ser as\u00ed , se celebrar\u00e1 un balotaje con las dos  candidaturas m\u00e1s votadas y ser\u00eda el 15 de octubre.<\/p>\n\n\n\n<p><strong>Preferencias electorales seg\u00fan encuestas.<\/strong><\/p>\n\n\n\n<p>De acuerdo con la \u00faltima encuesta de la firma Comunicaliza realizada el 25 y 26 de julio, <strong>Luisa Gonz\u00e1lez, abogada de 45 a\u00f1os y quien forma binomio con el candidato a la vicepresidencia Andr\u00e9s Arauz, alcanza el 28,6 %<\/strong> de intenci\u00f3n de voto.<\/p>\n\n\n\n<p>Seg\u00fan ese sondeo, le sigue, con 12,6 %, Otto Sonnenholzner, de 40 a\u00f1os, quien fue vicepresidente de Ecuador durante la presidencia de Len\u00edn Moreno. Va acompa\u00f1ado de \u00c9rika Paredes S\u00e1nchez como candidata a la vicepresidencia, por la alianza Actuemos, conformada por los partidos Sociedad Unida M\u00e1s Acci\u00f3n (SUMA) y Avanza.En tercer lugar, con 9,2 %, a Fernando Villavicencio, de 59 a\u00f1os, candidato por el movimiento Construye, que lidera la exministra de Gobierno con Lenin  Moreno, Mar\u00eda Paula Romo y se presenta junto a Andrea Gonz\u00e1lez.Yaku P\u00e9rez est\u00e1 en el cuarto lugar, con 8,1 %<\/p>\n\n\n\n<figure class=\"wp-block-gallery has-nested-images columns-default is-cropped wp-block-gallery-2 is-layout-flex wp-block-gallery-is-layout-flex\">\n<figure class=\"wp-block-image size-large\"><img decoding=\"async\" width=\"460\" height=\"258\" data-id=\"3486\" src=\"https:\/\/xn--tuvozdiasporaespaola-k7b.com\/wp-content\/uploads\/2023\/08\/1000134554.jpg\" alt=\"\" class=\"wp-image-3486\"\/><\/figure>\n<figcaption class=\"blocks-gallery-caption wp-element-caption\">Los ocho candidatos a las elecciones presidenciales <br>Rodrigo Buendia \/ Cristina Vega \/ AP \/ Dolores Ochoa \/ Wikipedia \/ Asamblea Nacional del Ecuador \/ Flickr \/ Medios P\u00fablicos EPFollowapoyo a Binomio Moreno-Glas \/ CC BY-SA 2.0 \/ AFP<br><\/figcaption><\/figure>\n\n\n\n<p>En otro sondeo, de la firma Eureknow, tambi\u00e9n aprobada por el CNE para realizar pron\u00f3sticos electorales, realizada del 15 al 26 de julio, <strong>Luisa Gonz\u00e1lez tambi\u00e9n lidera la intenci\u00f3n de voto, con 39,5 %;<\/strong> le sigue Sonnenholzner, con 19,4 %; y luego est\u00e1 Villavicencio, con 17,1 %. Y Yaku P\u00e9rez con el 7,5 %En la encuesta de Cedatos, publicada el 20 de julio, Luisa Gonz\u00e1lez tambi\u00e9n lidera la intenci\u00f3n de voto, con 26,6 %.En este sondeo aparece en segundo lugar Villavicencio, con 13,2 %; y en tercero est\u00e1, con 12,5 %, Yaku P\u00e9rez, de 54 a\u00f1os, quien tambi\u00e9n particip\u00f3  en las elecciones de 2021 y se presenta en esta ocasi\u00f3n junto a Nory Pinela Mor\u00e1n, auspiciados por la alianza Claro que se Puede. Sonnenholzner est\u00e1 en cuarto puesto, con 7,5 %.<\/p>\n\n\n\n<p>En el sondeo de Estrategas Infinity,  realizada del 17 al 20 de julio, <strong>Luisa Gonz\u00e1lez alcanza 30,86 % <\/strong>de intenci\u00f3n de voto, seguida de Sonnenholzner con 11,88 %,  Yaku P\u00e9rez con 10,01 % y Villavicencio con 7,81 %.<\/p>\n\n\n\n<figure class=\"wp-block-gallery has-nested-images columns-default is-cropped wp-block-gallery-3 is-layout-flex wp-block-gallery-is-layout-flex\">\n<figure class=\"wp-block-image size-large\"><img decoding=\"async\" width=\"936\" height=\"717\" data-id=\"3483\" src=\"https:\/\/xn--tuvozdiasporaespaola-k7b.com\/wp-content\/uploads\/2023\/08\/1000134561.jpg\" alt=\"\" class=\"wp-image-3483\"\/><\/figure>\n<figcaption class=\"blocks-gallery-caption wp-element-caption\">Otto Sonnenholzner ex vicepresidente con Lenin Moreno<\/figcaption><\/figure>\n\n\n\n<p><strong>INDECISI\u00d3N<\/strong> <\/p>\n\n\n\n<p>En los sondeos todav\u00eda se refleja un alto grado de indecisi\u00f3n En la encuesta de Comunicaliza, hay un 11,6 % que dice que votar\u00e1 nulo o blanco; mientras que 14,5 % a\u00fan no sabe por cual candidato emitir\u00e1 su voto.<\/p>\n\n\n\n<p>En el sondeo de Eureknow, los votos nulos o blancos alcanzan el 11,8 %; mientras que en el ejercicio de la firma Cedatos, un 16,1 % \u2014mucho m\u00e1s que el candidato que est\u00e1 en segundo lugar en esa encuesta\u2014 se\u00f1ala que votar\u00e1 nulo o por ninguno, 7,6 % a\u00fan no sabe o no respondi\u00f3 y 2,6 % sufragar\u00e1 en blanco.<\/p>\n\n\n\n<figure class=\"wp-block-gallery has-nested-images columns-default is-cropped wp-block-gallery-4 is-layout-flex wp-block-gallery-is-layout-flex\">\n<figure class=\"wp-block-image size-large\"><img loading=\"lazy\" decoding=\"async\" width=\"640\" height=\"411\" data-id=\"3484\" src=\"https:\/\/xn--tuvozdiasporaespaola-k7b.com\/wp-content\/uploads\/2023\/08\/1000134558.jpg\" alt=\"\" class=\"wp-image-3484\"\/><\/figure>\n<\/figure>\n\n\n\n<p>En la encuesta de Estrategas Infinity, el voto nulo alcanza el 11,88 %, el 10,98 % no respondieron o a\u00fan no deciden por qui\u00e9n votar\u00e1n y 3,03 % lo har\u00e1n en blanco.<\/p>\n\n\n\n<p><strong>GRAN INSEGURIDAD<\/strong> <\/p>\n\n\n\n<p>La campa\u00f1a electoral transcurre en un clima de incertidumbre por la crisis de violencia que vive el pa\u00eds, que ha afectado incluso a los pol\u00edticos. <\/p>\n\n\n\n<p>De acuerdo con la \u00faltima encuesta de Comunicaliza, la inseguridad (46,7 %), de lejos, es el problema que m\u00e1s preocupa a los ecuatorianos, muy por encima de la falta de empleo (16,2 %), la situaci\u00f3n econ\u00f3mica (9 %) o la pobreza (7,2 %).<\/p>\n\n\n\n<p>El pasado 23 de julio fue asesinado el alcalde de la ciudad de Manta, en la provincia costera de Manab\u00ed, Agust\u00edn Intriago y una semana antes del crimen de Intriago, fue asesinado Rider S\u00e1nchez, quien era candidato a la Asamblea Nacional por la alianza pol\u00edtica Actuemos.<\/p>\n\n\n\n<p>Con estos dos \u00faltimos homicidios, suman al menos 16 ataques contra pol\u00edticos en Ecuador desde septiembre de 2022, que terminaron con el asesinato de siete de ellos.<\/p>\n\n\n\n<p> En el gobierno del Neoliberal de derechas de Guillermo Lasso, no  puso freno a esta escalada de violencia si no que se increment\u00f3 a\u00f1adiendo la confraternizaci\u00f3n y negociados  de integrantes de su gobierno con las mafias del pa\u00eds.<\/p>\n\n\n\n<p>Adem\u00e1s el  20 de agosto tambi\u00e9n votar\u00e1n para elegir a los nuevos 137 miembros de la Asamblea Nacional y dos referendos, uno nacional y otro local. <\/p>\n\n\n\n<figure class=\"wp-block-gallery has-nested-images columns-default is-cropped wp-block-gallery-5 is-layout-flex wp-block-gallery-is-layout-flex\">\n<figure class=\"wp-block-image size-large\"><img loading=\"lazy\" decoding=\"async\" width=\"1920\" height=\"1079\" data-id=\"3485\" src=\"https:\/\/xn--tuvozdiasporaespaola-k7b.com\/wp-content\/uploads\/2023\/08\/1000134562.jpg\" alt=\"\" class=\"wp-image-3485\"\/><\/figure>\n<figcaption class=\"blocks-gallery-caption wp-element-caption\">Asamblea Nacional de Ecuador <\/figcaption><\/figure>\n\n\n\n<p> El que ata\u00f1e al electorado general \u2014los 13,45 millones del padr\u00f3n electoral\u2014, es sobre la explotaci\u00f3n petrolera en el Parque Nacional Yasun\u00ed; deber\u00e1n responder \u00abs\u00ed\u00bb o \u00abno\u00bb a la pregunta: \u00ab\u00bfEst\u00e1 usted de acuerdo con que el Gobierno ecuatoriano mantenga el crudo del ITT (Ishpingo, Tambococha y Tiputini), conocido como bloque 43, indefinidamente bajo el subsuelo?\u00bb.<\/p>\n\n\n\n<p>La otra consulta est\u00e1 relacionada con la miner\u00eda en el Choc\u00f3 Andino. Esta es local, solamente deber\u00e1n responder a ella quienes est\u00e9n empadronados en el Distrito Metropolitano de Quito, es decir, 2.013.628 electores.Se har\u00e1n cuatro preguntas, y a las que deber\u00e1n responder \u00abs\u00ed\u00bb o \u00abno\u00bb los votantes. <\/p>\n\n\n\n<p>La primera dice: \u00bfEst\u00e1 usted de acuerdo con que se proh\u00edba la explotaci\u00f3n de miner\u00eda met\u00e1lica de escala artesanal dentro del \u00c1rea de Importancia Ecol\u00f3gica, Cultural y de Desarrollo Productivo Sostenible conformada por los territorios de las parroquias de Nono, Calacal\u00ed, Nanegal, Nanegalito, Gualea y Pacto, que conforman la Mancomunidad del Choc\u00f3 Andino?<\/p>\n\n\n\n<p>Las tres interrogantes restantes son similares, solo cambia la \u00abescala\u00bb de la explotaci\u00f3n, que son \u00abpeque\u00f1a\u00bb, \u00abmediana\u00bb y \u00abgran\u00bb.<\/p>\n\n\n\n<figure class=\"wp-block-gallery has-nested-images columns-default is-cropped wp-block-gallery-6 is-layout-flex wp-block-gallery-is-layout-flex\">\n<figure class=\"wp-block-image size-large\"><img loading=\"lazy\" decoding=\"async\" width=\"800\" height=\"477\" data-id=\"3515\" src=\"https:\/\/xn--tuvozdiasporaespaola-k7b.com\/wp-content\/uploads\/2023\/08\/1000134928.jpg\" alt=\"\" class=\"wp-image-3515\"\/><figcaption class=\"wp-element-caption\">Escalada de asesinatos y violencia en un gobierno de derecha con Lasso de presidente.<\/figcaption><\/figure>\n<\/figure>\n\n\n\n<p>Un mes de Agosto en clave electoral en Ecuador que tiene que servir para dotarlo de un cambio progresista que le ponga junto a los gobiernos de la Patria Grande latinoamericana en una sinton\u00eda de justicia social y respeto hacia el pueblo.<\/p>\n\n\n\n<p> Redacci\u00f3n Revista TU VOZ,  corresponsalia en Ecuador.<\/p>\n","protected":false},"excerpt":{"rendered":"<p>El pr\u00f3ximo 20 de agosto se celebrar\u00e1n en Ecuador elecciones presidenciales y legislativas, convocada por el presidente del Guillermo Lasso, tras decretar muerte cruzada &#8230; <\/p>\n<p class=\"read-more-container\"><a title=\"Ecuador y  las  elecciones  ultimas encuestas.\" class=\"read-more button\" href=\"https:\/\/xn--tuvozdiasporaespaola-k7b.com\/page\/2\/ecuador-mas-cerca-para-las-elecciones-ultimas-encuestas\/#more-3478\" aria-label=\"M\u00e1s en Ecuador y  las  elecciones  ultimas encuestas.\">Leer m\u00e1s<\/a><\/p>\n","protected":false},"author":222560522,"featured_media":3517,"comment_status":"open","ping_status":"open","sticky":false,"template":"","format":"standard","meta":{"footnotes":""},"categories":[121868],"tags":[],"class_list":["post-3478","post","type-post","status-publish","format-standard","has-post-thumbnail","hentry","category-latinoamerica","resize-featured-image"],"_links":{"self":[{"href":"https:\/\/xn--tuvozdiasporaespaola-k7b.com\/page\/2\/wp-json\/wp\/v2\/posts\/3478","targetHints":{"allow":["GET"]}}],"collection":[{"href":"https:\/\/xn--tuvozdiasporaespaola-k7b.com\/page\/2\/wp-json\/wp\/v2\/posts"}],"about":[{"href":"https:\/\/xn--tuvozdiasporaespaola-k7b.com\/page\/2\/wp-json\/wp\/v2\/types\/post"}],"author":[{"embeddable":true,"href":"https:\/\/xn--tuvozdiasporaespaola-k7b.com\/page\/2\/wp-json\/wp\/v2\/users\/222560522"}],"replies":[{"embeddable":true,"href":"https:\/\/xn--tuvozdiasporaespaola-k7b.com\/page\/2\/wp-json\/wp\/v2\/comments?post=3478"}],"version-history":[{"count":3,"href":"https:\/\/xn--tuvozdiasporaespaola-k7b.com\/page\/2\/wp-json\/wp\/v2\/posts\/3478\/revisions"}],"predecessor-version":[{"id":3519,"href":"https:\/\/xn--tuvozdiasporaespaola-k7b.com\/page\/2\/wp-json\/wp\/v2\/posts\/3478\/revisions\/3519"}],"wp:featuredmedia":[{"embeddable":true,"href":"https:\/\/xn--tuvozdiasporaespaola-k7b.com\/page\/2\/wp-json\/wp\/v2\/media\/3517"}],"wp:attachment":[{"href":"https:\/\/xn--tuvozdiasporaespaola-k7b.com\/page\/2\/wp-json\/wp\/v2\/media?parent=3478"}],"wp:term":[{"taxonomy":"category","embeddable":true,"href":"https:\/\/xn--tuvozdiasporaespaola-k7b.com\/page\/2\/wp-json\/wp\/v2\/categories?post=3478"},{"taxonomy":"post_tag","embeddable":true,"href":"https:\/\/xn--tuvozdiasporaespaola-k7b.com\/page\/2\/wp-json\/wp\/v2\/tags?post=3478"}],"curies":[{"name":"wp","href":"https:\/\/api.w.org\/{rel}","templated":true}]}}