{"id":3437,"date":"2023-07-31T20:18:06","date_gmt":"2023-07-31T23:18:06","guid":{"rendered":"https:\/\/xn--tuvozdiasporaespaola-k7b.com\/page\/2\/?p=3437"},"modified":"2023-08-01T16:09:52","modified_gmt":"2023-08-01T19:09:52","slug":"la-fascista-giorgia-meloni-hunde-la-economia-de-italia","status":"publish","type":"post","link":"https:\/\/xn--tuvozdiasporaespaola-k7b.com\/page\/2\/la-fascista-giorgia-meloni-hunde-la-economia-de-italia\/","title":{"rendered":"La Fascista\u00a0 Giorgia Meloni hunde la econom\u00eda de ITALIA\u00a0"},"content":{"rendered":"\n<p>El  Pacto de Estabilidad y la Uni\u00f3n Bancaria en la Eurozona gener\u00f3 una  tensi\u00f3n entre Fratelli d&#8217;Italia y la Liga Norte en la b\u00fasqueda de un desenlace que podr\u00eda crear las condiciones, seg\u00fan Meloni, de cara a un redise\u00f1o de las negociaciones con la Uni\u00f3n Europea. <\/p>\n\n\n\n<p>El Mecanismo Europeo de Estabilidad fue creado por un tratado intergubernamental, al margen del marco jur\u00eddico de la UE, en 2012. Su funci\u00f3n b\u00e1sica es conceder, en condiciones precisas, ayuda financiera a los pa\u00edses miembros que \u2013a pesar de tener una deuda p\u00fablica sostenible\u2013 encuentren dificultades temporales para financiarse en el mercado.<\/p>\n\n\n\n<p>La condicionalidad var\u00eda seg\u00fan la naturaleza del instrumento utilizado: en el caso de los pr\u00e9stamos, adopta la forma de un programa de ajuste macroecon\u00f3mico, especificado en un memorando espec\u00edfico; es menos estricta en el caso de las l\u00edneas de cr\u00e9dito precautorias, destinadas a pa\u00edses en condiciones econ\u00f3micas y financieras fundamentalmente s\u00f3lidas.<\/p>\n\n\n\n<p>Unas condiciones exigentes que han tenido como consecuencia que Italia, cuya situaci\u00f3n financiera sigue siendo comprometida, se haya convertido en el \u00fanico pa\u00eds europeo que sigue sin ratificarlo. <\/p>\n\n\n\n<p>Su cumplimiento estricto podr\u00eda sembrar una ola de descontento social entre los votantes m\u00e1s \u00abpopulares\u00bb de Meloni. De ah\u00ed su voluntad de ganar tiempo para poder negociar ciertas modalidades y evitar brechas entre sus socios de Gobierno.<\/p>\n\n\n\n<p>Nadie quiere que Italia entre en barrena y arrastre a Francia y Espa\u00f1a del sur Europeo, ya Alemania se encuentra en recesi\u00f3n en todos los aspectos.<\/p>\n\n\n\n<figure class=\"wp-block-gallery has-nested-images columns-default is-cropped wp-block-gallery-1 is-layout-flex wp-block-gallery-is-layout-flex\">\n<figure class=\"wp-block-image size-large\"><img fetchpriority=\"high\" decoding=\"async\" width=\"602\" height=\"400\" data-id=\"3438\" src=\"https:\/\/xn--tuvozdiasporaespaola-k7b.com\/wp-content\/uploads\/2023\/07\/1000133389.jpg\" alt=\"\" class=\"wp-image-3438\"\/><\/figure>\n<figcaption class=\"blocks-gallery-caption wp-element-caption\">Meloni presidenta del gobierno italiano<\/figcaption><\/figure>\n\n\n\n<p>El problema es que la deuda p\u00fablica italiana, que el FMI prev\u00e9 que acabe el a\u00f1o en el 148% de la renta nacional, est\u00e1 cerca de ser insostenible. Ha llegado ah\u00ed desde el 104% de 2007 a ra\u00edz de la crisis financiera, el colapso de la zona euro o la pandemia. Adem\u00e1s, le ha resultado dif\u00edcil salir de su deuda. <\/p>\n\n\n\n<p>En t\u00e9rminos reales, la renta nacional del pa\u00eds est\u00e1 casi exactamente donde hace 20 a\u00f1os.Los optimistas se\u00f1alan que la inflaci\u00f3n y la recuperaci\u00f3n de la recesi\u00f3n inducida por la pandemia han ayudado a reducir la deuda desde el 155% del PIB en 2020. Pero son factores temporales. <\/p>\n\n\n\n<p>El BCE est\u00e1 decidido a devolver la inflaci\u00f3n a su objetivo del 2% pero  el aumento de los costes de la energ\u00eda  empujaron a Italia al inicio de otra recesi\u00f3n con el gobierno fascista de MELONI y sus  aliados  al frente  gobierno italiano.<\/p>\n\n\n\n<p> Con unas cifras en la  tasa de desempleo en el 7,8% en abril de 2023. De la cual la tasa de paro juvenil entre personas de 15 a 24 a\u00f1os esta  en torno al 20,4%.  Y una  inflaci\u00f3n en el 6,4% en junio de 2023 con respecto al mismo trimestre del a\u00f1o anterior las estrategias y viabilidad econ\u00f3mica se complica por momentos , a esto hay que a\u00f1adir las protestas  en ITALIA tras una nueva decisi\u00f3n de Meloni en contra de su propio pueblo al eliminar la renta B\u00e1sica una medida introducida en el 2019 y que afectara a m\u00e1s de 160.000 familias en especial a zonas m\u00e1s desfavorecidas de Napoles o Palermo.<\/p>\n\n\n\n<figure class=\"wp-block-gallery has-nested-images columns-default is-cropped wp-block-gallery-2 is-layout-flex wp-block-gallery-is-layout-flex\">\n<figure class=\"wp-block-image size-large\"><img decoding=\"async\" width=\"1200\" height=\"675\" data-id=\"3439\" src=\"https:\/\/xn--tuvozdiasporaespaola-k7b.com\/wp-content\/uploads\/2023\/07\/1000133395.png\" alt=\"\" class=\"wp-image-3439\"\/><\/figure>\n<\/figure>\n\n\n\n<p>En Europa hay  buenas noticias para la eurozona ya que la econom\u00eda de la regi\u00f3n ha salido de la recesi\u00f3n t\u00e9cnica en la que se hab\u00eda enfrascado al inicio del a\u00f1o y ha conseguido crecer un 0,3% en el segundo trimestre del a\u00f1o. <\/p>\n\n\n\n<p>Por el contrario, los pa\u00edses con peor desempe\u00f1o en el trimestre han sido Suecia (-1,5%), con un gobierno donde la ultraderecha Dem\u00f3cratas por Suecia a\u00fan no estando en el gobierno si  que marca las l\u00edneas de  pol\u00edtica econ\u00f3mica  o  Letonia (-0,6%), Austria (-0,4%) e Italia (-0,3%) con un gobierno de ultraderecha con Meloni a la cabeza y una econom\u00eda que funciona como arrastre en la Zona Euro.<\/p>\n\n\n\n<p>En el conjunto de la Uni\u00f3n Europea, el PIB se estanc\u00f3 entre abril y junio, despu\u00e9s del crecimiento del 0,2% en el primer trimestre del a\u00f1o, y lo mismo ocurri\u00f3 con Alemania ya en recesi\u00f3n  y Portugal.<\/p>\n\n\n\n<p>Una encuesta reciente mostr\u00f3 que el apoyo al partido Hermanos de Italia de Meloni \u2013que gan\u00f3 las elecciones con el 34% de los votos\u2013 se redujo a poco m\u00e1s del 27% en las encuestas de opini\u00f3n.<\/p>\n\n\n\n<p>En el lado contrario est\u00e1  Espa\u00f1a que seg\u00fan el FMI confirma  que liderar\u00e1 el crecimiento econ\u00f3mico en la eurozona en los dos pr\u00f3ximos a\u00f1os.<\/p>\n\n\n\n<p>El organismo internacional prev\u00e9 que la actividad en nuestro pa\u00eds se incrementar\u00e1 un 1,1% en 2023 y un 2,5% en 2024, frente al 0,7% y 1,6%, respectivamente, de los socios del euro en conjunto.<\/p>\n\n\n\n<p>Con estos datos se  confirma que la ultraderecha de Meloni como otras en el resto de Europa,  no tiene la f\u00f3rmula m\u00e1gica para resucitar la econom\u00eda italiana y por el contrario sus pol\u00edticas neoliberales de espalda al pueblo acrecento el sufrimiento y condiciono el crecimiento y estabilidad de las clases medias. <\/p>\n\n\n\n<p>Al igual que VOX que solo con propuestas anti desarrollo, derechos y recortes poco o nada aportan para el desarrollo de su PATRIA, que con s\u00f3lo nombrarla pareciera que est\u00e1  todo solucionado.<\/p>\n\n\n\n<p>Redacci\u00f3n Revista TU VOZ, Juan L\u00f3pez, Argentina.<\/p>\n","protected":false},"excerpt":{"rendered":"<p>El Pacto de Estabilidad y la Uni\u00f3n Bancaria en la Eurozona gener\u00f3 una tensi\u00f3n entre Fratelli d&#8217;Italia y la Liga Norte en la b\u00fasqueda &#8230; <\/p>\n<p class=\"read-more-container\"><a title=\"La Fascista\u00a0 Giorgia Meloni hunde la econom\u00eda de ITALIA\u00a0\" class=\"read-more button\" href=\"https:\/\/xn--tuvozdiasporaespaola-k7b.com\/page\/2\/la-fascista-giorgia-meloni-hunde-la-economia-de-italia\/#more-3437\" aria-label=\"M\u00e1s en La Fascista\u00a0 Giorgia Meloni hunde la econom\u00eda de ITALIA\u00a0\">Leer m\u00e1s<\/a><\/p>\n","protected":false},"author":222560522,"featured_media":3440,"comment_status":"open","ping_status":"open","sticky":false,"template":"","format":"standard","meta":{"footnotes":""},"categories":[121869],"tags":[],"class_list":["post-3437","post","type-post","status-publish","format-standard","has-post-thumbnail","hentry","category-internaciones","resize-featured-image"],"_links":{"self":[{"href":"https:\/\/xn--tuvozdiasporaespaola-k7b.com\/page\/2\/wp-json\/wp\/v2\/posts\/3437","targetHints":{"allow":["GET"]}}],"collection":[{"href":"https:\/\/xn--tuvozdiasporaespaola-k7b.com\/page\/2\/wp-json\/wp\/v2\/posts"}],"about":[{"href":"https:\/\/xn--tuvozdiasporaespaola-k7b.com\/page\/2\/wp-json\/wp\/v2\/types\/post"}],"author":[{"embeddable":true,"href":"https:\/\/xn--tuvozdiasporaespaola-k7b.com\/page\/2\/wp-json\/wp\/v2\/users\/222560522"}],"replies":[{"embeddable":true,"href":"https:\/\/xn--tuvozdiasporaespaola-k7b.com\/page\/2\/wp-json\/wp\/v2\/comments?post=3437"}],"version-history":[{"count":2,"href":"https:\/\/xn--tuvozdiasporaespaola-k7b.com\/page\/2\/wp-json\/wp\/v2\/posts\/3437\/revisions"}],"predecessor-version":[{"id":3443,"href":"https:\/\/xn--tuvozdiasporaespaola-k7b.com\/page\/2\/wp-json\/wp\/v2\/posts\/3437\/revisions\/3443"}],"wp:featuredmedia":[{"embeddable":true,"href":"https:\/\/xn--tuvozdiasporaespaola-k7b.com\/page\/2\/wp-json\/wp\/v2\/media\/3440"}],"wp:attachment":[{"href":"https:\/\/xn--tuvozdiasporaespaola-k7b.com\/page\/2\/wp-json\/wp\/v2\/media?parent=3437"}],"wp:term":[{"taxonomy":"category","embeddable":true,"href":"https:\/\/xn--tuvozdiasporaespaola-k7b.com\/page\/2\/wp-json\/wp\/v2\/categories?post=3437"},{"taxonomy":"post_tag","embeddable":true,"href":"https:\/\/xn--tuvozdiasporaespaola-k7b.com\/page\/2\/wp-json\/wp\/v2\/tags?post=3437"}],"curies":[{"name":"wp","href":"https:\/\/api.w.org\/{rel}","templated":true}]}}