{"id":343,"date":"2022-10-11T08:30:51","date_gmt":"2022-10-11T11:30:51","guid":{"rendered":"https:\/\/xn--tuvozdiasporaespaola-k7b.com\/?p=343"},"modified":"2022-10-11T08:31:20","modified_gmt":"2022-10-11T11:31:20","slug":"congreso-de-vox-declaracion-publica-podemos-argentina-provincias","status":"publish","type":"post","link":"https:\/\/xn--tuvozdiasporaespaola-k7b.com\/page\/2\/congreso-de-vox-declaracion-publica-podemos-argentina-provincias\/","title":{"rendered":"CONGRESO DE VOX \u00abDECLARACION PUBLICA PODEMOS ARGENTINA PROVINCIAS\u00bb"},"content":{"rendered":"\n<p>Podemos Argentina Provincias repudia en\u00e9rgicamente las expresiones discriminadoras, xenof\u00f3bicas y racistas del ultra derechista Diputado de la Naci\u00f3n Argentina Javier Milei que incitan al odio y la violencia pol\u00edtica y social cuando dice\u2026<\/p>\n\n\n\n<p>\u201cEn Argentina en los \u00faltimos 50 a\u00f1os se triplic\u00f3 el tama\u00f1o del Estado con el verso de la justicia social y el n\u00famero de pobres se multiplic\u00f3 por ocho veces\u00bb. <\/p>\n\n\n\n<p>\u00abEl socialismo es una m\u00e1quina de generar pobres.\u00a0Los pol\u00edticos no son Dios\u00bb. \u00abEsto no es para tibios, ac\u00e1 no valen las soluciones intermedias\u00a0porque son funcionales a m\u00e1s socialismo, al comunismo\u00bb.\u00bbSomos superiores productivamente, somos superiores moralmente.\u00a0Esto no es para tibios\u2026\u201d<\/p>\n\n\n\n<figure class=\"wp-block-image size-large\"><img fetchpriority=\"high\" decoding=\"async\" width=\"1080\" height=\"810\" src=\"http:\/\/xn--tuvozdiasporaespaola-k7b.com\/wp-content\/uploads\/2022\/10\/img_20221009_123814_5983602488595696211791.jpg?w=1024\" alt=\"\" class=\"wp-image-342\" srcset=\"https:\/\/xn--tuvozdiasporaespaola-k7b.com\/wp-content\/uploads\/2022\/10\/img_20221009_123814_5983602488595696211791.jpg 1080w, https:\/\/xn--tuvozdiasporaespaola-k7b.com\/wp-content\/uploads\/2022\/10\/img_20221009_123814_5983602488595696211791-300x225.jpg 300w, https:\/\/xn--tuvozdiasporaespaola-k7b.com\/wp-content\/uploads\/2022\/10\/img_20221009_123814_5983602488595696211791-1024x768.jpg 1024w, https:\/\/xn--tuvozdiasporaespaola-k7b.com\/wp-content\/uploads\/2022\/10\/img_20221009_123814_5983602488595696211791-768x576.jpg 768w\" sizes=\"(max-width: 1080px) 100vw, 1080px\" \/><figcaption class=\"wp-element-caption\">DIRIGENTES FASCISTAS NUNCA MAS <\/figcaption><\/figure>\n\n\n\n<p>La arenga de: \u201c<em>Somos superiores y no valen soluciones intermedias<\/em>\u201d podr\u00eda invocar una incitaci\u00f3n a\u00a0 la exterminaci\u00f3n de los seres humanos diferentes.\u00a0 \u00a1Todas y todos nosotres!.\u00a0<\/p>\n\n\n\n<p>La convocatoria del Congreso de Vox&nbsp; \u201cVAMOS A VOLVER A 1936\u201d que utiliz\u00f3 un tr\u00edo pop para arengar a la utilizaci\u00f3n de las &nbsp; redes sociales para imponer una ideolog\u00eda racista, discriminativa y xenof\u00f3bica que tome el poder rompiendo el orden democr\u00e1tico, nos convoca para que desde Podemos Exterior realicemos una asamblea extraordinaria donde trabajemos propuestas y actividades concretas para que desde nuestros pa\u00edses articulemos acciones en defensa de nuestras democracias.<\/p>\n\n\n\n<p>En Argentina la hip\u00f3tesis de un Congreso&nbsp; llamado \u201cVAMOS A VOLVER A 1976\u201d que reivindique con un hit y recital&nbsp; la dictadura c\u00edvica militar y eclesi\u00e1stica,&nbsp; es legal, social y pol\u00edticamente imposible de realizar.<\/p>\n\n\n\n<p>Salud y Rep\u00fablica.&nbsp;<\/p>\n\n\n\n<p>PODEMOS&nbsp; ARGENTINA PROVINCIAS<\/p>\n\n\n\n<p>10 de Octubre de 2022<\/p>\n","protected":false},"excerpt":{"rendered":"<p>Podemos Argentina Provincias repudia en\u00e9rgicamente las expresiones discriminadoras, xenof\u00f3bicas y racistas del ultra derechista Diputado de la Naci\u00f3n Argentina Javier Milei que incitan al &#8230; <\/p>\n<p class=\"read-more-container\"><a title=\"CONGRESO DE VOX \u00abDECLARACION PUBLICA PODEMOS ARGENTINA PROVINCIAS\u00bb\" class=\"read-more button\" href=\"https:\/\/xn--tuvozdiasporaespaola-k7b.com\/page\/2\/congreso-de-vox-declaracion-publica-podemos-argentina-provincias\/#more-343\" aria-label=\"M\u00e1s en CONGRESO DE VOX \u00abDECLARACION PUBLICA PODEMOS ARGENTINA PROVINCIAS\u00bb\">Leer m\u00e1s<\/a><\/p>\n","protected":false},"author":222560522,"featured_media":0,"comment_status":"open","ping_status":"open","sticky":false,"template":"","format":"standard","meta":{"footnotes":""},"categories":[1771],"tags":[],"class_list":["post-343","post","type-post","status-publish","format-standard","hentry","category-sociales"],"_links":{"self":[{"href":"https:\/\/xn--tuvozdiasporaespaola-k7b.com\/page\/2\/wp-json\/wp\/v2\/posts\/343","targetHints":{"allow":["GET"]}}],"collection":[{"href":"https:\/\/xn--tuvozdiasporaespaola-k7b.com\/page\/2\/wp-json\/wp\/v2\/posts"}],"about":[{"href":"https:\/\/xn--tuvozdiasporaespaola-k7b.com\/page\/2\/wp-json\/wp\/v2\/types\/post"}],"author":[{"embeddable":true,"href":"https:\/\/xn--tuvozdiasporaespaola-k7b.com\/page\/2\/wp-json\/wp\/v2\/users\/222560522"}],"replies":[{"embeddable":true,"href":"https:\/\/xn--tuvozdiasporaespaola-k7b.com\/page\/2\/wp-json\/wp\/v2\/comments?post=343"}],"version-history":[{"count":0,"href":"https:\/\/xn--tuvozdiasporaespaola-k7b.com\/page\/2\/wp-json\/wp\/v2\/posts\/343\/revisions"}],"wp:attachment":[{"href":"https:\/\/xn--tuvozdiasporaespaola-k7b.com\/page\/2\/wp-json\/wp\/v2\/media?parent=343"}],"wp:term":[{"taxonomy":"category","embeddable":true,"href":"https:\/\/xn--tuvozdiasporaespaola-k7b.com\/page\/2\/wp-json\/wp\/v2\/categories?post=343"},{"taxonomy":"post_tag","embeddable":true,"href":"https:\/\/xn--tuvozdiasporaespaola-k7b.com\/page\/2\/wp-json\/wp\/v2\/tags?post=343"}],"curies":[{"name":"wp","href":"https:\/\/api.w.org\/{rel}","templated":true}]}}