{"id":341,"date":"2022-10-09T21:07:38","date_gmt":"2022-10-10T00:07:38","guid":{"rendered":"https:\/\/xn--tuvozdiasporaespaola-k7b.com\/2022\/10\/09\/el-pueblo-originario-arhuaco-llega-a-representar-a-colombia-ante-la-onu-de-la-mano-de-una-mujer-leonor-zalabata\/"},"modified":"2022-10-09T21:07:38","modified_gmt":"2022-10-10T00:07:38","slug":"el-pueblo-originario-arhuaco-llega-a-representar-a-colombia-ante-la-onu-de-la-mano-de-una-mujer-leonor-zalabata","status":"publish","type":"post","link":"https:\/\/xn--tuvozdiasporaespaola-k7b.com\/page\/2\/el-pueblo-originario-arhuaco-llega-a-representar-a-colombia-ante-la-onu-de-la-mano-de-una-mujer-leonor-zalabata\/","title":{"rendered":"EL PUEBLO originario  ARHUACO  llega  a REPRESENTAR a COLOMBIA ANTE LA ONU.\u00bb De la Mano  de una Mujer , LEONOR ZALABATA\u00bb"},"content":{"rendered":"\n<p><strong>Leonor Zalabata Torres, odont\u00f3loga de profesi\u00f3n, lideresa ind\u00edgena Arhuaca, defensora de DD.HH., defensora ind\u00edgena de los derechos de las mujeres y la naturaleza; es la primera mujer ind\u00edgena en representar a Colombia ante la ONU;\u00a0Guneywya, es su nombre original en la cultura\u00a0arhuaca<\/strong>. <\/p>\n\n\n\n<p>Lleva cuatro d\u00e9cadas dedicada a transmitir el mensaje de los \u201cmamos\u201d o hermanos mayores quienes son las autoridades del pueblo Arhuaco en la Sierra Nevada de Santa Marta, mediante la promoci\u00f3n, defensa y protecci\u00f3n de la naturaleza y los territorios sagrados.<\/p>\n\n\n\n<p>Desde los a\u00f1os 80 ha transitado el camino de lideresa, aportando a procesos de reivindicaci\u00f3n del territorio, las tradiciones Ikun, la lengua, y la educaci\u00f3n propia prohibida durante mucho tiempo por actores religiosos y pol\u00edticos con intereses econ\u00f3micos comunes, contrarios a la vida tradicional de su cultura.<\/p>\n\n\n\n<p>Ha sido vocera, fundadora, comisionada y delegada en procesos intersectoriales y cooperaci\u00f3n, visibilizando la urgencia de articular pol\u00edtica y econom\u00eda a las causas ambientales y sociales de Colombia y el mundo.&nbsp;<\/p>\n\n\n\n<p>Ha participado en la consolidaci\u00f3n del Resguardo Ind\u00edgena Arhuaco como Reserva en 1984; en las Mesas Municipales para la Asamblea Nacional Constituyente de 1991 y en la Comisi\u00f3n de Territorios Ind\u00edgenas de Colombia en 1996.<\/p>\n\n\n\n<p>Junto a otras organizaciones ind\u00edgenas lider\u00f3 acciones de mediaci\u00f3n entre guerrillas y paramilitares entre los a\u00f1os 2000 y 2005.<\/p>\n\n\n\n<p>Particip\u00f3 en los di\u00e1logos de paz en La Habana en 2016 para contribuir a la finalizaci\u00f3n del conflicto.<\/p>\n\n\n\n<figure class=\"wp-block-image size-large\"><img fetchpriority=\"high\" decoding=\"async\" width=\"1080\" height=\"665\" src=\"http:\/\/xn--tuvozdiasporaespaola-k7b.com\/wp-content\/uploads\/2022\/10\/screenshot_20221009-203935_gmail8359613142034027290.jpg?w=1024\" alt=\"\" class=\"wp-image-335\" srcset=\"https:\/\/xn--tuvozdiasporaespaola-k7b.com\/wp-content\/uploads\/2022\/10\/screenshot_20221009-203935_gmail8359613142034027290.jpg 1080w, https:\/\/xn--tuvozdiasporaespaola-k7b.com\/wp-content\/uploads\/2022\/10\/screenshot_20221009-203935_gmail8359613142034027290-300x185.jpg 300w, https:\/\/xn--tuvozdiasporaespaola-k7b.com\/wp-content\/uploads\/2022\/10\/screenshot_20221009-203935_gmail8359613142034027290-1024x631.jpg 1024w, https:\/\/xn--tuvozdiasporaespaola-k7b.com\/wp-content\/uploads\/2022\/10\/screenshot_20221009-203935_gmail8359613142034027290-768x473.jpg 768w\" sizes=\"(max-width: 1080px) 100vw, 1080px\" \/><figcaption class=\"wp-element-caption\">Le\u00f3nor  Zabalata Torres   , Embajadora en la ONU<\/figcaption><\/figure>\n\n\n\n<p>Adicional a todo este recorrido en el \u00e1mbito pol\u00edtico y social, su capacidad de transmisi\u00f3n de conocimientos, saberes y haceres ancestrales ha llevado este mensaje a numerosos espacios acad\u00e9micos (Universidad Nacional, Externado y el Rosario) ha participado en investigaciones con (CINEP, CODHES (Consultor\u00eda para los Derechos Humanos y el Desplazamiento), IPRI (Derecho de los Pueblos Ind\u00edgenas Internacional)<br><br>Ha hecho el llamado de La Ley de Origen para el restablecimiento del equilibrio de los territorios en todo el planeta.<br><br>Por su desempe\u00f1o en pro de los Derechos Humanos y su fortaleza y valent\u00eda en la reivindicaci\u00f3n de los pueblos originarios ha sido merecedora de grandes premios tanto a nivel nacional como internacional:\u00a0<br>.-Honor al M\u00e9rito Cultural por la Alcald\u00eda de Bogot\u00e1 en 1993.<br><br>Por la Defensa del Reconocimiento de los derechos Ind\u00edgenas y de la Naturaleza, por el Instituto de Cultura del Cesar 1994:<br>.-Medalla Orden Cacique Upar, grado Gran Cruz Extraordinaria, por la Gobernaci\u00f3n del Cesar en 2012<br>.-Nominada al Premio Mejores L\u00edderes de la Revista Semana en 2019.<br>.- Premio Derechos Humanos Anna Lindhs Minessfond en 2007 por el Gobierno Sueco.<br>.- Premio Franco Alem\u00e1n de Derechos Humanos en 2019.<br><br>Esta designaci\u00f3n es uno de los mayores honores en su trayectoria como lideresa, tanto a nivel social para ella como mujer y a nivel simb\u00f3lico por ser ind\u00edgena; ya que hist\u00f3ricamente\u00a0los pueblos originarios han sido desplazados de sus territorios ancestrales, desplazamientos que siguen hoy produci\u00e9ndose.\u00a0<br>Sus respuestas en este di\u00e1logo son muestra de esa ancestralidad que como mujer del pueblo Arhuaco est\u00e1 destinada a llevar en forma de mensaje al mundo; teniendo en cuenta que los Arhuacos, seg\u00fan su cosmogon\u00eda, son los guardianes de la vida, la tierra y toda la naturaleza. Para ellos existen otros padres, otros dioses, tales como: el sol, los nevados, la madre tierra y la luna. La Sierra Nevada es, seg\u00fan su tradici\u00f3n oral, el ombligo del mundo.<br><br>Por eso Leonor Zalabata cobra esa relevancia, esa deuda ancestral que se ten\u00eda con los pueblos originarios de Colombia y por eso sus respuestas est\u00e1n tan conectadas con todo lo que significa territorio y humanidad.<br><br><strong>\u00bfPor qu\u00e9 las acciones de las mujeres son clave en el tema de los derechos medioambientales?<\/strong><br><br>\u00a0Las mujeres somos clave en el desarrollo de todas las acciones de los pueblos ind\u00edgenas y no ind\u00edgenas, porque cumplimos una misi\u00f3n que permite realmente mantener esa integridad cultural que se tiene en los pueblos con el fin de equilibrar nuestras misiones de vida, con los ni\u00f1os, con las mujeres, con los hombres y con la naturaleza. Y esa misi\u00f3n que cumplimos las mujeres es muy propia para la vida cualquier pueblo ind\u00edgena.<\/p>\n\n\n\n<figure class=\"wp-block-image size-large\"><img decoding=\"async\" width=\"1200\" height=\"628\" src=\"http:\/\/xn--tuvozdiasporaespaola-k7b.com\/wp-content\/uploads\/2022\/10\/sin-titulo-382183397709601662248.jpg?w=1024\" alt=\"\" class=\"wp-image-336\" srcset=\"https:\/\/xn--tuvozdiasporaespaola-k7b.com\/wp-content\/uploads\/2022\/10\/sin-titulo-382183397709601662248.jpg 1200w, https:\/\/xn--tuvozdiasporaespaola-k7b.com\/wp-content\/uploads\/2022\/10\/sin-titulo-382183397709601662248-300x157.jpg 300w, https:\/\/xn--tuvozdiasporaespaola-k7b.com\/wp-content\/uploads\/2022\/10\/sin-titulo-382183397709601662248-1024x536.jpg 1024w, https:\/\/xn--tuvozdiasporaespaola-k7b.com\/wp-content\/uploads\/2022\/10\/sin-titulo-382183397709601662248-768x402.jpg 768w\" sizes=\"(max-width: 1200px) 100vw, 1200px\" \/><figcaption class=\"wp-element-caption\">Gustavo Petro  y Leonor Zabaleta<\/figcaption><\/figure>\n\n\n\n<p><strong>\u00bfC\u00f3mo han sido estos primeros d\u00edas despu\u00e9s de su designaci\u00f3n, c\u00f3mo ha sentido la aceptaci\u00f3n de los distritos grupos pol\u00edticos del pa\u00eds?<\/strong><\/p>\n\n\n\n<p>La designaci\u00f3n m\u00eda es algo que no estaba dentro de mis aspiraciones, ni dentro de mis planes, no lo ten\u00eda previsto; simplemente fue un acto que nosotros apreciamos, recogimos desde la opini\u00f3n de muchas personas de la comunidad, en donde vimos que era importante ocupar este cargo que ofrec\u00eda el presidente Gustavo Petro y que era necesario para los pueblos ind\u00edgenas aceptar una destinaci\u00f3n como esta, con el fin de tener espacios que permitan mejorar, ayudar para los pueblos ind\u00edgenas y tambi\u00e9n para el pa\u00eds. Ha sido un cambio, no tan radical, porque a\u00fan no estoy administrando; pero creo que, en las relaciones administrativas, en las relaciones sociales y en las relaciones pol\u00edticas, ha tenido mucha aceptaci\u00f3n de muchos colombianos.&nbsp;<\/p>\n\n\n\n<p>Ha sido una designaci\u00f3n que el pa\u00eds no ha tenido que objetarla y creo que tampoco los pueblos ind\u00edgenas y menos los \u201cMamos Arhuacos\u201d que son las autoridades de nuestro pueblo; por el contrario han estado agradecidos con el presidente, con el pa\u00eds y la buena aceptaci\u00f3n que se ha hecho a trav\u00e9s de los colombianos que se han manifestado<\/p>\n\n\n\n<p>\u00bf<strong>C\u00f3mo tiene pensado ejecutar la pol\u00edtica de promoci\u00f3n y defensa de Colombia y dar seguimiento al plan de acci\u00f3n de los dem\u00e1s pa\u00edses sobre la pol\u00edtica exterior de nuestro pa\u00eds y todo lo que ello implica?<\/strong><\/p>\n\n\n\n<p>Siendo Naciones Unidas un organismo de los asuntos multilaterales, que se manejan desde la embajada, creo que lo principal es la articulaci\u00f3n de las pol\u00edticas internacionales, que debemos tener como pa\u00eds, como colombianos frente a los diferentes organismos con los que mantenemos una relaci\u00f3n bilateral o multilateral; eso juega un papel importante en lo que buscamos para este pa\u00eds, que es la paz, las garant\u00edas ambientales y la justicia social que muy bien ha orientado el presidente Petro.<\/p>\n\n\n\n<p>Eso es necesario para Colombia y jam\u00e1s estar\u00edamos por fuera del direccionamiento pol\u00edtico que el actual presidente ha enfocado. Por un lado; por otra parte, nuestras pol\u00edticas no pueden ser ajenas a las pol\u00edticas que est\u00e1n establecidas, que se vienen desarrollando en los diferentes acuerdos multilaterales o bilaterales que para Colombia sean pilares, para ayudar a mejorar las condiciones que tenemos y creo que no podemos tampoco abandonar una historia que es muy importante en la cooperaci\u00f3n internacional, que es muy importante en el relacionamiento pol\u00edtico con otros Estados con los que tenemos afinidad con muchos, con otros; realmente me imagino que se mantienen conversaciones que son importantes para la paz de este pa\u00eds. No estar\u00e1 por fuera de esos ejes mi actividad dentro de la embajada.<\/p>\n\n\n\n<figure class=\"wp-block-image size-large\"><img decoding=\"async\" width=\"640\" height=\"360\" src=\"http:\/\/xn--tuvozdiasporaespaola-k7b.com\/wp-content\/uploads\/2022\/10\/124082444_gettyimages-13901077584765946653429172445.jpg?w=640\" alt=\"\" class=\"wp-image-337\" srcset=\"https:\/\/xn--tuvozdiasporaespaola-k7b.com\/wp-content\/uploads\/2022\/10\/124082444_gettyimages-13901077584765946653429172445.jpg 640w, https:\/\/xn--tuvozdiasporaespaola-k7b.com\/wp-content\/uploads\/2022\/10\/124082444_gettyimages-13901077584765946653429172445-300x169.jpg 300w\" sizes=\"(max-width: 640px) 100vw, 640px\" \/><figcaption class=\"wp-element-caption\">Sede de la ONU<\/figcaption><\/figure>\n\n\n\n<p><strong>Ha recibido alguna recomendaci\u00f3n del Canciller \u00c1lvaro Leyva en ese sentido o del presidente Petro?<\/strong><\/p>\n\n\n\n<p>Desde que me hicieron la designaci\u00f3n, hemos tenido contacto. Pero para nada ellos a\u00fan no me han dado instrucciones m\u00e1s all\u00e1 de poder legalizar la designaci\u00f3n como va a ser la posesi\u00f3n en la embajada; en estos asuntos lo \u00fanico que me ha dado siempre es todo el apoyo necesario, lo que considere que se necesite para producir un cambio o para entender cualquier administraci\u00f3n, porque yo no soy de carrera diplom\u00e1tica, sin embargo, he tenido el suficiente apoyo del canciller, del presidente y por supuesto del embajador en Estados Unidos, Lu\u00eds Guillermo Murillo (hombre de la comunidad afro en Colombia, ex ministro de ambiente del gobierno de Juan Manuel Santos y ex formula vicepresidencial del ex candidato Sergio Fajardo).\u00a0 Yo creo que eso nos conduce a pensar en un pa\u00eds con unas pol\u00edticas internacionales concretas, contundentes que nos ayuden a salir de las situaciones que tenemos y que es liderado por el presidente de la rep\u00fablica.<\/p>\n\n\n\n<p><strong>\u00bf Su gesti\u00f3n estar\u00eda enfocada, en los Acuerdos de Paz y en qu\u00e9 otros temas importantes del pa\u00eds, por ejemplo, los llamados cultivos il\u00edcitos, la equidad y derechos de la mujer, la renta b\u00e1sica, la medicina ancestral que est\u00e1 ya incluida en la Constituci\u00f3n, la defensa de los territorios?<\/strong><\/p>\n\n\n\n<p>Yo creo que los acuerdos, los asuntos multilaterales, la cooperaci\u00f3n internacional, los intereses de Naciones Unidas por el bien com\u00fan, por derechos fundamentales como, un ambiente sano, que tienen que ver mucho con lo que Colombia aporta y puede seguir aport\u00e1ndole al mundo y a la humanidad. Esos asuntos que tienen que ver con los Derechos Humanos de los colombianos, de los pueblos ind\u00edgenas, de los movimientos sociales, afro, rom, urbanos, yo creo que juegan un papel importante ante el mundo.<\/p>\n\n\n\n<p>La comunidad internacional ha hecho gestos muy importantes, como por ejemplo los acuerdos para la paz, los di\u00e1logos que se perfilan en muchas ocasiones; la comunidad internacional ha sido un valor importante para que las administraciones de gobierno, hayan podido en algunos casos tener \u00e9xitos y en otros casos lo intentaron, no lo lograron, pero yo creo que en este caso, en el Consejo de Seguridad que viene apoyando la Misi\u00f3n de Verificaci\u00f3n en Colombia para los Acuerdos de Paz es un tema fundamental para continuar mirando este aspecto.<\/p>\n\n\n\n<p>Las pol\u00edticas de drogas y de narcotr\u00e1fico son\u00a0 temas que competen realmente al direccionamiento del presidente de la rep\u00fablica, de nuestro canciller y que bajo ese dise\u00f1o de pol\u00edticas, estaremos siempre apoyando, siempre intentando que podamos tener el mejor di\u00e1logo con todas las partes para poder orientar la pol\u00edtica del presidente Petro; y ese di\u00e1logo en las pol\u00edticas internacionales, pensar\u00eda yo, que deben ser unificadas y tener una sola pol\u00edtica internacional y es competencia del presidente de la rep\u00fablica.<\/p>\n\n\n\n<p><strong>\u00bfCu\u00e1l es el mensaje que llevar\u00e1 a la ONU sobre Colombia, su diversidad \u00e9tnica, multicultural y biodiversa en consonancia con los desaf\u00edos o retos del Tercer Milenio?<\/strong>\u00a0<\/p>\n\n\n\n<p>Exactamente. Naciones Unidas hace muchas d\u00e9cadas, viene planteando, los desarrollos del Milenio o los objetivos que se nos han planteado y yo creo que estos asuntos siguen siendo relevantes; no solamente el tema de la paz como tal, sino el cuidado de la naturaleza y la conservaci\u00f3n de la tierra, eso es fundamental para el a\u00edre que respiramos, para el agua que necesitamos, para el equilibro ecol\u00f3gico que tenemos entre lo humano, lo silvestre y tambi\u00e9n la fauna y la flora; es que esa articulaci\u00f3n es como nosotros vamos a lograr, primero, traer vida sobre la tierra y segundo, eso nos conduce al respeto para la paz entre los humanos; nosotros tenemos que proyectar desde este pa\u00eds, porque Colombia no solamente tiene situaciones cr\u00edticas, Colombia tambi\u00e9n tiene valores importantes que con ellos tenemos que seguir adelante, por un pa\u00eds que necesita cambiar, y cambiar tambi\u00e9n tiene que ver con mostrar esos valores y entre otros geogr\u00e1ficos como los que tenemos, pueden ser desde la naturaleza de sus ecosistemas, hasta la diferencia de las culturas que tenemos en este pa\u00eds reconocidas por la constituci\u00f3n del 91; en donde no somos un pa\u00eds monocultural, somo un pa\u00eds pluricultural y eso es una riqueza para la humanidad.<\/p>\n\n\n\n<p>Nosotros los ind\u00edgenas hablamos 64 idiomas, m\u00e1s, los idiomas que hablan los palenqueros, m\u00e1s los raizales, m\u00e1s el castellano; entonces nosotros no podemos estar de espalda a esos valores que tenemos en Colombia, cuando podemos trabajar a nivel del mundo, a nivel de los organismos tan importantes como la ONU, entonces, creo que mi misi\u00f3n nunca estar\u00e1 por fuera de esos prop\u00f3sitos que tenemos, consientes y creo que aprender\u00e9 mucho tambi\u00e9n en la embajada para saber qu\u00e9 tipo de ciudadanos somos ante el mundo tambi\u00e9n.<\/p>\n\n\n\n<figure class=\"wp-block-image size-large\"><img loading=\"lazy\" decoding=\"async\" width=\"1080\" height=\"719\" src=\"http:\/\/xn--tuvozdiasporaespaola-k7b.com\/wp-content\/uploads\/2022\/10\/screenshot_20221009-203939_gmail5418033168992712422.jpg?w=1024\" alt=\"\" class=\"wp-image-338\" srcset=\"https:\/\/xn--tuvozdiasporaespaola-k7b.com\/wp-content\/uploads\/2022\/10\/screenshot_20221009-203939_gmail5418033168992712422.jpg 1080w, https:\/\/xn--tuvozdiasporaespaola-k7b.com\/wp-content\/uploads\/2022\/10\/screenshot_20221009-203939_gmail5418033168992712422-300x200.jpg 300w, https:\/\/xn--tuvozdiasporaespaola-k7b.com\/wp-content\/uploads\/2022\/10\/screenshot_20221009-203939_gmail5418033168992712422-1024x682.jpg 1024w, https:\/\/xn--tuvozdiasporaespaola-k7b.com\/wp-content\/uploads\/2022\/10\/screenshot_20221009-203939_gmail5418033168992712422-768x511.jpg 768w\" sizes=\"(max-width: 1080px) 100vw, 1080px\" \/><\/figure>\n\n\n\n<p><strong>Usted acaba de mencionar la Constituci\u00f3n Pol\u00edtica del 91, y a prop\u00f3sito de eso, ayer en Chile se vot\u00f3 un plebiscito para aprobar o no la propuesta de una nueva Constituci\u00f3n para cambiar la que fue redactada en la \u00e9poca de Pinochet; el resultado fue no aprobada por el pueblo chileno. \u00bfQu\u00e9 opini\u00f3n tiene usted sobre lo que pas\u00f3 ayer en Chile?<\/strong><\/p>\n\n\n\n<p>Siempre respetuosa del pueblo chileno, creo que est\u00e1 fue una de las cuestiones que me hizo realmente pensar y recordar, cuando llevamos a plebiscito los Acuerdos de Paz en Colombia, que tambi\u00e9n se&nbsp; perdieron, se le dijo \u00a1No\u00a1 a la paz, es algo que uno no entiende y que uno se queda absorto realmente, de que siendo necesidades propias de un territorio y de un pueblo, de una comunidad, nos neguemos a la posibilidad de mejorar, a la posibilidad de enfocar cambios que nos permitan realmente conseguir un mejor bienestar para todos. Y siendo muy respetuosos de toda las decisiones que toman pa\u00edses hermanos, yo creo que no podemos, sino extra\u00f1ar realmente que esta constituyente de muy buena proyecci\u00f3n pol\u00edtica no hubiera sido aprobada, cuesti\u00f3n que respeto profundamente, pero consideramos que a la altura de este tiempo, todos los sistemas administrativos, quiz\u00e1s tengamos que cambiar y hacer cambios m\u00e1s profundos. Entonces creo que es una oportunidad muy importante que quiz\u00e1s se pierde en este momento y que considerar\u00eda que lo van a recuperar y lo van a tener en cuenta a futuro, porque es importante que lo proyecten.<\/p>\n\n\n\n<p>\u00bf<strong>Est\u00e1 usted de acuerdo en que Colombia haya firmado a favor de Suspender a Rusia del Consejo de Derechos Humanos de la ONU por lo que ha sucedido en Ucrania, y qu\u00e9 mensaje trae usted de los pueblos originarios para la humanidad con respecto a la paz?<\/strong><\/p>\n\n\n\n<p>Todo lo que conduzca a pacificar el mundo, lo que conduzca a pacificar nuestros pueblos y nuestra humanidad, yo creo que es una aspiraci\u00f3n de cualquier persona en cualquier espacio que se encuentre; pero quienes son los que deben definir cuestiones como estas de paz, de guerra, esas son competencias como en este caso del presidente de la Rep\u00fablica de Colombia. Pienso que nuestro Canciller \u00c1lvaro Leyva, considero yo que toma las mejores decisiones, que debemos respetarlas y creo que son muy claras, que tendremos el derecho de conocer mejor. Pero si considero que es competencia del presidente de la rep\u00fablica en estas decisiones y siguen siendo fundamentales.<\/p>\n\n\n\n<figure class=\"wp-block-image size-large\"><img loading=\"lazy\" decoding=\"async\" width=\"960\" height=\"539\" src=\"http:\/\/xn--tuvozdiasporaespaola-k7b.com\/wp-content\/uploads\/2022\/10\/cujywhqayzdvhoxnrd33xzzxya1961286432226956063.jpg?w=960\" alt=\"\" class=\"wp-image-339\" srcset=\"https:\/\/xn--tuvozdiasporaespaola-k7b.com\/wp-content\/uploads\/2022\/10\/cujywhqayzdvhoxnrd33xzzxya1961286432226956063.jpg 960w, https:\/\/xn--tuvozdiasporaespaola-k7b.com\/wp-content\/uploads\/2022\/10\/cujywhqayzdvhoxnrd33xzzxya1961286432226956063-300x168.jpg 300w, https:\/\/xn--tuvozdiasporaespaola-k7b.com\/wp-content\/uploads\/2022\/10\/cujywhqayzdvhoxnrd33xzzxya1961286432226956063-768x431.jpg 768w\" sizes=\"(max-width: 960px) 100vw, 960px\" \/><\/figure>\n\n\n\n<p><strong>Finalmente \u00bfQu\u00e9 mensaje les deja a las mujeres que luchan cada d\u00eda por el respeto y la dignidad de sus derechos sociales, pol\u00edticos, econ\u00f3micos, de igualdad y paridad?<\/strong><br><br>Hoy es el D\u00eda Internacional de la Mujer Ind\u00edgena, 5 de septiembre; creo que el mensaje que podemos transmitir las mujeres ind\u00edgenas al mundo es la importancia que tenemos los pueblos ind\u00edgenas, no solamente las mujeres, sino los hombres, los ni\u00f1os, las culturas ancestrales milenarias que hoy tenemos, como son nuestras lenguas, como son muestras costumbres, eso enriquece la humanidad. Y est\u00e1 comprobado que nuestras culturas siendo pr\u00e1cticas ancestrales, hoy son modernas porque permanecen en el tiempo; y yo creo que esas condiciones que tenemos las mujeres permiten realmente aportarle a la humanidad, esa distinci\u00f3n de ser mujeres, esa distinci\u00f3n de ser hombres o esa distinci\u00f3n de ser o escoger otra forma, son maneras de mirar el mundo y formas en las que se valora y piensa cada uno.<\/p>\n\n\n\n<p><br><br>Por lo tanto, mi mensaje hoy es que la participaci\u00f3n social, pol\u00edtica, econ\u00f3mica, cultural de nosotras las mujeres es importante para la humanidad; quiero dejar este mensaje, como ind\u00edgena y para los que no son ind\u00edgenas tambi\u00e9n.<\/p>\n\n\n\n<figure class=\"wp-block-image size-large\"><img loading=\"lazy\" decoding=\"async\" width=\"990\" height=\"660\" src=\"http:\/\/xn--tuvozdiasporaespaola-k7b.com\/wp-content\/uploads\/2022\/10\/62d8050b65f8e1879744652762741570.jpeg?w=990\" alt=\"\" class=\"wp-image-340\" srcset=\"https:\/\/xn--tuvozdiasporaespaola-k7b.com\/wp-content\/uploads\/2022\/10\/62d8050b65f8e1879744652762741570.jpeg 990w, https:\/\/xn--tuvozdiasporaespaola-k7b.com\/wp-content\/uploads\/2022\/10\/62d8050b65f8e1879744652762741570-300x200.jpeg 300w, https:\/\/xn--tuvozdiasporaespaola-k7b.com\/wp-content\/uploads\/2022\/10\/62d8050b65f8e1879744652762741570-768x512.jpeg 768w\" sizes=\"(max-width: 990px) 100vw, 990px\" \/><figcaption class=\"wp-element-caption\"> Intervenci\u00f3n deLeonor Zalabata Embajadora en la ONU por Colombia <\/figcaption><\/figure>\n\n\n\n<p>Entrevista  realizada por : Carolina Valencia Bernal<\/p>\n\n\n\n<p>Periodista Colombiana, equipo de Redacci\u00f3n de la Revista TU VOZ  y tertuliana en Radio Argentina programa Cenizas de Babilonia di\u00e1spora Espa\u00f1ola.<\/p>\n","protected":false},"excerpt":{"rendered":"<p>Leonor Zalabata Torres, odont\u00f3loga de profesi\u00f3n, lideresa ind\u00edgena Arhuaca, defensora de DD.HH., defensora ind\u00edgena de los derechos de las mujeres y la naturaleza; es &#8230; <\/p>\n<p class=\"read-more-container\"><a title=\"EL PUEBLO originario  ARHUACO  llega  a REPRESENTAR a COLOMBIA ANTE LA ONU.\u00bb De la Mano  de una Mujer , LEONOR ZALABATA\u00bb\" class=\"read-more button\" href=\"https:\/\/xn--tuvozdiasporaespaola-k7b.com\/page\/2\/el-pueblo-originario-arhuaco-llega-a-representar-a-colombia-ante-la-onu-de-la-mano-de-una-mujer-leonor-zalabata\/#more-341\" aria-label=\"M\u00e1s en EL PUEBLO originario  ARHUACO  llega  a REPRESENTAR a COLOMBIA ANTE LA ONU.\u00bb De la Mano  de una Mujer , LEONOR ZALABATA\u00bb\">Leer m\u00e1s<\/a><\/p>\n","protected":false},"author":222560522,"featured_media":0,"comment_status":"open","ping_status":"open","sticky":false,"template":"","format":"standard","meta":{"footnotes":""},"categories":[1771],"tags":[],"class_list":["post-341","post","type-post","status-publish","format-standard","hentry","category-sociales"],"_links":{"self":[{"href":"https:\/\/xn--tuvozdiasporaespaola-k7b.com\/page\/2\/wp-json\/wp\/v2\/posts\/341","targetHints":{"allow":["GET"]}}],"collection":[{"href":"https:\/\/xn--tuvozdiasporaespaola-k7b.com\/page\/2\/wp-json\/wp\/v2\/posts"}],"about":[{"href":"https:\/\/xn--tuvozdiasporaespaola-k7b.com\/page\/2\/wp-json\/wp\/v2\/types\/post"}],"author":[{"embeddable":true,"href":"https:\/\/xn--tuvozdiasporaespaola-k7b.com\/page\/2\/wp-json\/wp\/v2\/users\/222560522"}],"replies":[{"embeddable":true,"href":"https:\/\/xn--tuvozdiasporaespaola-k7b.com\/page\/2\/wp-json\/wp\/v2\/comments?post=341"}],"version-history":[{"count":0,"href":"https:\/\/xn--tuvozdiasporaespaola-k7b.com\/page\/2\/wp-json\/wp\/v2\/posts\/341\/revisions"}],"wp:attachment":[{"href":"https:\/\/xn--tuvozdiasporaespaola-k7b.com\/page\/2\/wp-json\/wp\/v2\/media?parent=341"}],"wp:term":[{"taxonomy":"category","embeddable":true,"href":"https:\/\/xn--tuvozdiasporaespaola-k7b.com\/page\/2\/wp-json\/wp\/v2\/categories?post=341"},{"taxonomy":"post_tag","embeddable":true,"href":"https:\/\/xn--tuvozdiasporaespaola-k7b.com\/page\/2\/wp-json\/wp\/v2\/tags?post=341"}],"curies":[{"name":"wp","href":"https:\/\/api.w.org\/{rel}","templated":true}]}}