{"id":3351,"date":"2023-07-31T02:17:47","date_gmt":"2023-07-31T05:17:47","guid":{"rendered":"https:\/\/xn--tuvozdiasporaespaola-k7b.com\/?p=3351"},"modified":"2023-07-31T02:40:11","modified_gmt":"2023-07-31T05:40:11","slug":"alemania-podria-convertirse-en-un-pais-en-recesion-dentro-de-europa","status":"publish","type":"post","link":"https:\/\/xn--tuvozdiasporaespaola-k7b.com\/page\/2\/alemania-podria-convertirse-en-un-pais-en-recesion-dentro-de-europa\/","title":{"rendered":"Alemania podr\u00eda convertirse en un pa\u00eds en recesi\u00f3n dentro de Europa"},"content":{"rendered":"\n<p>La compleja situaci\u00f3n econ\u00f3mica que vive Alemania, reflejada en el aumento de la deuda p\u00fablica, una crisis energ\u00e9tica y la reducci\u00f3n de su PIB, han llevado a varios expertos a preguntarse si el pa\u00eds podr\u00eda dejar de ser considerado el motor econ\u00f3mico de Europa.<\/p>\n\n\n\n<p>\u00abCreo que Alemania est\u00e1 compitiendo por el t\u00edtulo de &#8216;hombre enfermo de Europa'\u00bb, advirti\u00f3 Thomas Mayer, fundador del Instituto de Investigaci\u00f3n Flossbach von Storch, citado este s\u00e1bado por Bloomberg. Tal etiqueta fue aplicada al pa\u00eds en los a\u00f1os posteriores a la reunificaci\u00f3n de 1990, luego de que tal proceso interrumpiera su dinamismo econ\u00f3mico de posguerra y generara un desempleo obstinadamente alto.<\/p>\n\n\n\n<figure class=\"wp-block-gallery has-nested-images columns-default is-cropped wp-block-gallery-1 is-layout-flex wp-block-gallery-is-layout-flex\">\n<figure class=\"wp-block-image size-large\"><img fetchpriority=\"high\" decoding=\"async\" width=\"1080\" height=\"1635\" data-id=\"3362\" src=\"https:\/\/xn--tuvozdiasporaespaola-k7b.com\/wp-content\/uploads\/2023\/07\/1000133169.jpg\" alt=\"\" class=\"wp-image-3362\"\/><\/figure>\n<\/figure>\n\n\n\n<p>El Fondo Monetario Internacional advirti\u00f3 anteriormente que la econom\u00eda alemana se reducir\u00e1 en 0,3 puntos porcentuales en el 2023. <\/p>\n\n\n\n<p>Adem\u00e1s, expertos se\u00f1alan que el pa\u00eds europeo tendr\u00e1 dificultades para salir de la fase de recesi\u00f3n este a\u00f1o y que es probable que se convierta en la econom\u00eda principal con el peor desempe\u00f1o del mundo. \u00abEl bajo rendimiento no es solo una predicci\u00f3n, ya lo estamos viendo\u00bb, dijo por su parte Joerg Kraemer, economista jefe de Commerzbank AG. \u00abLas condiciones generales siguen siendo malas y los indicadores [econ\u00f3micos] adelantados tampoco apuntan a un impulso significativo en la segunda mitad del a\u00f1o\u00bb, se\u00f1al\u00f3 la economista jefe del banco comercial Helaba, Gertrud Traud. <\/p>\n\n\n\n<p>Asimismo, el medio destaca la \u00abpersistente\u00bb crisis energ\u00e9tica de Alemania, derivada del conflicto en Ucrania, que est\u00e1 paralizando al sector industrial de una econom\u00eda que ya lucha con una escasez de habilidades, inducida por problemas demogr\u00e1ficos y una baja productividad.                                             <\/p>\n\n\n\n<p>        <\/p>\n\n\n\n<figure class=\"wp-block-pullquote\"><blockquote><p>Bloomberg: Alemania podr\u00eda convertirse en el \u00abhombre enfermo de Europa'\u00bb, advirti\u00f3 Thomas Mayer, fundador del Instituto de Investigaci\u00f3n Flossbach von Storch, \u00ab<\/p><\/blockquote><\/figure>\n\n\n\n<p> La deuda p\u00fablica total de Alemania alcanz\u00f3 un m\u00e1ximo hist\u00f3rico  llegando a los 2,368 billones de euros (unos 2,6 billones de d\u00f3lares) a finales del 2022, seg\u00fan se desprende de los datos de la Oficina Federal de Estad\u00edstica publicados este viernes. De acuerdo con medios alemanes, esta suma representa un m\u00e1ximo hist\u00f3rico y supera en un 2% a la del 2021.      <\/p>\n\n\n\n<p>                                 <\/p>\n\n\n\n<figure class=\"wp-block-gallery has-nested-images columns-default is-cropped wp-block-gallery-2 is-layout-flex wp-block-gallery-is-layout-flex\">\n<figure class=\"wp-block-image size-large\"><img decoding=\"async\" width=\"1080\" height=\"1837\" data-id=\"3363\" src=\"https:\/\/xn--tuvozdiasporaespaola-k7b.com\/wp-content\/uploads\/2023\/07\/1000133170.jpg\" alt=\"\" class=\"wp-image-3363\"\/><\/figure>\n<\/figure>\n\n\n\n<p>De este volumen de endeudamiento, un 68,4% representa la deuda del Gobierno federal, mientras que un 25,6% corresponde a las provincias y un 5,9% a los municipios y sus asociaciones. Adem\u00e1s, la deuda equivale a 28.164 euros (unos 31.000 d\u00f3lares) por cada ciudadano alem\u00e1n. <\/p>\n\n\n\n<p>La deuda alemana del 2022 representa el 66,40% del PIB.Anteriormente, el Fondo Monetario Internacional (FMI) advirti\u00f3 que la econom\u00eda alemana se reducir\u00e1 en 0,3 puntos porcentuales en el 2023. <\/p>\n\n\n\n<p>Adem\u00e1s, expertos se\u00f1alan que Alemania tendr\u00e1 dificultades para salir de la fase de recesi\u00f3n este a\u00f1o y que es probable que se convierta en la econom\u00eda principal con el peor desempe\u00f1o del mundo.<\/p>\n\n\n\n<p>Por su parte, Carsten Brzeski, economista del banco neerland\u00e9s ING, indic\u00f3 que Alemania est\u00e1 \u00abatrapada en la zona crepuscular entre el estancamiento y la recesi\u00f3n, la llamada &#8216;cesi\u00f3n lenta&#8217;, y necesita urgentemente una nueva agenda de reformas\u00bb.                          <\/p>\n\n\n\n<p> Pruebas de este desgaste en la economia Alemana esta en la decisi\u00f3n  del Consejo de Ministros de Alemania  que aprob\u00f3 el proyecto presupuestario para 2024, que implica recortes de fondos en todas las \u00e1reas salvo en la defensa.<\/p>\n\n\n\n<figure class=\"wp-block-gallery has-nested-images columns-default is-cropped wp-block-gallery-3 is-layout-flex wp-block-gallery-is-layout-flex\">\n<figure class=\"wp-block-image size-large\"><img decoding=\"async\" width=\"1080\" height=\"1569\" data-id=\"3364\" src=\"https:\/\/xn--tuvozdiasporaespaola-k7b.com\/wp-content\/uploads\/2023\/07\/1000133172.jpg\" alt=\"\" class=\"wp-image-3364\"\/><\/figure>\n<\/figure>\n\n\n\n<p>El proyecto aprobado recorta el presupuesto para el pr\u00f3ximo a\u00f1o en 30.600 millones de euros (unos 33.300 millones de d\u00f3lares), afectando a los departamentos de infraestructura, sanidad y prestaciones parentales, que tendr\u00e1n que renunciar a la financiaci\u00f3n de algunos de sus programas. <\/p>\n\n\n\n<p>La medida ha provocado fricciones dentro de la coalici\u00f3n gobernante conformada por el Partido Socialdem\u00f3crata (SPD) del canciller Olaf Scholz, los Verdes y el Partido Democr\u00e1tico Libre (FDP).     <\/p>\n\n\n\n<p> Para el 2024, Berl\u00edn prev\u00e9 una nueva deuda de 16.600 millones de euros (unos 18.000 millones de d\u00f3lares), respetando el l\u00edmite de endeudamiento del 0,35 % del PIB. <\/p>\n\n\n\n<p>Seg\u00fan el Ministerio Federal de Finanzas, el gasto total en 2024 a\u00fan estar\u00eda un 25 % por encima del nivel anterior a la crisis de 2019.<\/p>\n\n\n\n<figure class=\"wp-block-gallery has-nested-images columns-default is-cropped wp-block-gallery-4 is-layout-flex wp-block-gallery-is-layout-flex\">\n<figure class=\"wp-block-image size-large\"><img loading=\"lazy\" decoding=\"async\" width=\"1080\" height=\"2032\" data-id=\"3365\" src=\"https:\/\/xn--tuvozdiasporaespaola-k7b.com\/wp-content\/uploads\/2023\/07\/1000133176.jpg\" alt=\"\" class=\"wp-image-3365\"\/><\/figure>\n<\/figure>\n\n\n\n<p>El ministro de Finanzas de Alemania, Christian Lindner, defendi\u00f3 el proyecto de presupuesto y pidi\u00f3 una \u00abvuelta a la normalidad en t\u00e9rminos de pol\u00edtica financiera\u00bb. \u00abAhora estamos poniendo fin al modo de crisis de las finanzas estatales expansivas\u00bb, dijo Lindner, que pretende evitar que se suban los impuestos.\u00bbHoy decidimos un proyecto de presupuesto que reconoce las realidades de la pol\u00edtica financiera\u00bb, dijo, explicando que \u00aba diferencia del pasado las diferentes ideas pol\u00edticas no pueden encubrirse usando m\u00e1s y m\u00e1s dinero\u00bb.Seg\u00fan Lindner, el presupuesto es \u00absolo el comienzo de los esfuerzos de consolidaci\u00f3n\u00bb que ser\u00e1 una \u00abtarea permanente\u00bb en los pr\u00f3ximos a\u00f1os, e insisti\u00f3 en restaurar el freno de la deuda.                                                      <\/p>\n\n\n\n<p> En este sentido, nombr\u00f3 tres prioridades centrales de su pol\u00edtica presupuestaria: la seguridad \u00aben una nueva realidad geopol\u00edtica\u00bb, las \u00aboportunidades futuras\u00bb de los j\u00f3venes, y las inversiones en tecnolog\u00eda y energ\u00eda respetuosas con el clima ser\u00eda una  restructuraci\u00f3n de la econom\u00eda hacia los recortes y el estancamiento excepto en defensa.<\/p>\n\n\n\n<figure class=\"wp-block-gallery has-nested-images columns-default is-cropped wp-block-gallery-5 is-layout-flex wp-block-gallery-is-layout-flex\">\n<figure class=\"wp-block-image size-large\"><img loading=\"lazy\" decoding=\"async\" width=\"1072\" height=\"1874\" data-id=\"3366\" src=\"https:\/\/xn--tuvozdiasporaespaola-k7b.com\/wp-content\/uploads\/2023\/07\/1000133174.jpg\" alt=\"\" class=\"wp-image-3366\"\/><\/figure>\n<\/figure>\n\n\n\n<p> De hecho, Scholz se pronunci\u00f3 en el Bundestag en este  sobre el presupuesto de 2024 y nombr\u00f3 la seguridad como el enfoque principal de la planificaci\u00f3n, refiri\u00e9ndose al apoyo integral a Ucrania que&nbsp; abre las puertas a los Movimientos Fascistas en Alemania ante el descontento de la poblaci\u00f3n y el despertar de los nacionalismos.<\/p>\n\n\n\n<p>Como segunda prioridad se\u00f1al\u00f3 que Alemania debe seguir siendo \u00abun pa\u00eds industrial moderno\u00bb con una reestructuraci\u00f3n de la econom\u00eda hacia la neutralidad clim\u00e1tica. En tercer lugar, el canciller habl\u00f3 de asegurar \u00abla cohesi\u00f3n\u00bb de la sociedad.<\/p>\n\n\n\n<p>Con la nueva pol\u00edtica de austeridad, se espera que el Ministerio de Salud enfrente un recorte de un tercio en su presupuesto, lo que ha intensificado las disputas dentro del Gobierno.<\/p>\n\n\n\n<p>Redacci\u00f3n Revista TU VOZ,Argentina, Fuentes RT<\/p>\n","protected":false},"excerpt":{"rendered":"<p>La compleja situaci\u00f3n econ\u00f3mica que vive Alemania, reflejada en el aumento de la deuda p\u00fablica, una crisis energ\u00e9tica y la reducci\u00f3n de su PIB, &#8230; <\/p>\n<p class=\"read-more-container\"><a title=\"Alemania podr\u00eda convertirse en un pa\u00eds en recesi\u00f3n dentro de Europa\" class=\"read-more button\" href=\"https:\/\/xn--tuvozdiasporaespaola-k7b.com\/page\/2\/alemania-podria-convertirse-en-un-pais-en-recesion-dentro-de-europa\/#more-3351\" aria-label=\"M\u00e1s en Alemania podr\u00eda convertirse en un pa\u00eds en recesi\u00f3n dentro de Europa\">Leer m\u00e1s<\/a><\/p>\n","protected":false},"author":222560522,"featured_media":3367,"comment_status":"open","ping_status":"open","sticky":false,"template":"","format":"standard","meta":{"footnotes":""},"categories":[121869],"tags":[],"class_list":["post-3351","post","type-post","status-publish","format-standard","has-post-thumbnail","hentry","category-internaciones","resize-featured-image"],"_links":{"self":[{"href":"https:\/\/xn--tuvozdiasporaespaola-k7b.com\/page\/2\/wp-json\/wp\/v2\/posts\/3351","targetHints":{"allow":["GET"]}}],"collection":[{"href":"https:\/\/xn--tuvozdiasporaespaola-k7b.com\/page\/2\/wp-json\/wp\/v2\/posts"}],"about":[{"href":"https:\/\/xn--tuvozdiasporaespaola-k7b.com\/page\/2\/wp-json\/wp\/v2\/types\/post"}],"author":[{"embeddable":true,"href":"https:\/\/xn--tuvozdiasporaespaola-k7b.com\/page\/2\/wp-json\/wp\/v2\/users\/222560522"}],"replies":[{"embeddable":true,"href":"https:\/\/xn--tuvozdiasporaespaola-k7b.com\/page\/2\/wp-json\/wp\/v2\/comments?post=3351"}],"version-history":[{"count":2,"href":"https:\/\/xn--tuvozdiasporaespaola-k7b.com\/page\/2\/wp-json\/wp\/v2\/posts\/3351\/revisions"}],"predecessor-version":[{"id":3368,"href":"https:\/\/xn--tuvozdiasporaespaola-k7b.com\/page\/2\/wp-json\/wp\/v2\/posts\/3351\/revisions\/3368"}],"wp:featuredmedia":[{"embeddable":true,"href":"https:\/\/xn--tuvozdiasporaespaola-k7b.com\/page\/2\/wp-json\/wp\/v2\/media\/3367"}],"wp:attachment":[{"href":"https:\/\/xn--tuvozdiasporaespaola-k7b.com\/page\/2\/wp-json\/wp\/v2\/media?parent=3351"}],"wp:term":[{"taxonomy":"category","embeddable":true,"href":"https:\/\/xn--tuvozdiasporaespaola-k7b.com\/page\/2\/wp-json\/wp\/v2\/categories?post=3351"},{"taxonomy":"post_tag","embeddable":true,"href":"https:\/\/xn--tuvozdiasporaespaola-k7b.com\/page\/2\/wp-json\/wp\/v2\/tags?post=3351"}],"curies":[{"name":"wp","href":"https:\/\/api.w.org\/{rel}","templated":true}]}}