{"id":332,"date":"2022-10-08T14:05:12","date_gmt":"2022-10-08T17:05:12","guid":{"rendered":"https:\/\/xn--tuvozdiasporaespaola-k7b.com\/2022\/10\/08\/para-la-diaspora-exterior-aumentan-las-partidas-de-los-presupuestos\/"},"modified":"2022-10-08T14:17:52","modified_gmt":"2022-10-08T17:17:52","slug":"para-la-diaspora-exterior-aumentan-las-partidas-de-los-presupuestos","status":"publish","type":"post","link":"https:\/\/xn--tuvozdiasporaespaola-k7b.com\/page\/2\/para-la-diaspora-exterior-aumentan-las-partidas-de-los-presupuestos\/","title":{"rendered":"PARA LA DI\u00c1SPORA EXTERIOR AUMENTAN LAS PARTIDAS de los PRESUPUESTOS."},"content":{"rendered":"\n<p>El presupuesto del Gobierno para Exteriores y Cooperaci\u00f3n&nbsp; del que se beneficia la Di\u00e1spora Espa\u00f1ola aumenta un 7,6% en 2023 y PODEMOS particip\u00f3 activamente en estos progresos .<\/p>\n\n\n\n<figure class=\"wp-block-image size-large\"><img fetchpriority=\"high\" decoding=\"async\" width=\"1079\" height=\"544\" src=\"http:\/\/xn--tuvozdiasporaespaola-k7b.com\/wp-content\/uploads\/2022\/10\/screenshot_20221007-181827_twitter8950061215971155275.jpg?w=1024\" alt=\"\" class=\"wp-image-323\" srcset=\"https:\/\/xn--tuvozdiasporaespaola-k7b.com\/wp-content\/uploads\/2022\/10\/screenshot_20221007-181827_twitter8950061215971155275.jpg 1079w, https:\/\/xn--tuvozdiasporaespaola-k7b.com\/wp-content\/uploads\/2022\/10\/screenshot_20221007-181827_twitter8950061215971155275-300x151.jpg 300w, https:\/\/xn--tuvozdiasporaespaola-k7b.com\/wp-content\/uploads\/2022\/10\/screenshot_20221007-181827_twitter8950061215971155275-1024x516.jpg 1024w, https:\/\/xn--tuvozdiasporaespaola-k7b.com\/wp-content\/uploads\/2022\/10\/screenshot_20221007-181827_twitter8950061215971155275-768x387.jpg 768w\" sizes=\"(max-width: 1079px) 100vw, 1079px\" \/><\/figure>\n\n\n\n<p>El pr\u00f3ximo a\u00f1o est\u00e1 previsto destinar 2.426 millones de euros a este apartado incluido dentro de los servicios p\u00fablicos b\u00e1sicos<\/p>\n\n\n\n<p>La partida en los&nbsp;Presupuestos Generales del Estado (PGE)&nbsp;destinada a pol\u00edtica exterior y cooperaci\u00f3n para el desarrollo aumentar\u00e1 en&nbsp;un 7,6% en 2023&nbsp;conforme al acuerdo alcanzado entre los socios de Gobierno este martes., un dato que es&nbsp;un 7,6% superior a los 2.256 millones&nbsp;que se dedicaron en los PGE de 2022.<\/p>\n\n\n\n<p>El aumento es muy inferior al registrado en los \u00faltimos presupuestos, cuando el incremento fue del 19,7%, pero ha logrado mantenerse gracias a los fondos europeos que&nbsp;el Gobierno destinar\u00e1 este a\u00f1o para pol\u00edtica exterior y cooperaci\u00f3n.<\/p>\n\n\n\n<p>Los fondos europeos en esta partida se han m\u00e1s que cuadruplicado<\/p>\n\n\n\n<figure class=\"wp-block-image size-large\"><img decoding=\"async\" width=\"1080\" height=\"531\" src=\"http:\/\/xn--tuvozdiasporaespaola-k7b.com\/wp-content\/uploads\/2022\/10\/screenshot_20221007-181818_twitter4826457517566153679.jpg?w=1024\" alt=\"\" class=\"wp-image-324\" srcset=\"https:\/\/xn--tuvozdiasporaespaola-k7b.com\/wp-content\/uploads\/2022\/10\/screenshot_20221007-181818_twitter4826457517566153679.jpg 1080w, https:\/\/xn--tuvozdiasporaespaola-k7b.com\/wp-content\/uploads\/2022\/10\/screenshot_20221007-181818_twitter4826457517566153679-300x148.jpg 300w, https:\/\/xn--tuvozdiasporaespaola-k7b.com\/wp-content\/uploads\/2022\/10\/screenshot_20221007-181818_twitter4826457517566153679-1024x503.jpg 1024w, https:\/\/xn--tuvozdiasporaespaola-k7b.com\/wp-content\/uploads\/2022\/10\/screenshot_20221007-181818_twitter4826457517566153679-768x378.jpg 768w\" sizes=\"(max-width: 1080px) 100vw, 1080px\" \/><\/figure>\n\n\n\n<p>As\u00ed, el presupuesto previsto para el Ministerio de Asuntos Exteriores, Uni\u00f3n Europea y Cooperaci\u00f3n, que es el que se encarga de implementar esta pol\u00edtica y del que depende la Agencia Espa\u00f1ola de Cooperaci\u00f3n Internacional para el Desarrollo (AECID), est\u00e1 previsto que reciba en 2023&nbsp;un total de 2.170 millones de euros, un 1,2% menos que en 2022, cuando el montante fue de 2.196.<\/p>\n\n\n\n<p>Aunque\u00a0 por contra, los fondos europeos en esta partida se han m\u00e1s que cuadruplicado, pasando de 58 millones a los 256 millones previstos para el pr\u00f3ximo ejercicio, sumando las dos cantidades de da un incremento sustancial.<\/p>\n\n\n\n<p>Este hecho es de suma importancia toda vez que este incremento en partidas para Exterior suponen un reconocimiento total de la Importancia dada a la di\u00e1spora espa\u00f1ola en el Exterior.&nbsp;<\/p>\n\n\n\n<p>Y por otra parte\u00a0 supone\u00a0 una ampliaci\u00f3n\u00a0 que suponemos\u00a0 ir\u00e1 destinada\u00a0 a en estos dos pr\u00f3ximos a\u00f1os con la aplicaci\u00f3n de la Ley de Memoria Democr\u00e1tica a poder atender a la avalancha de solicitud de ciudadan\u00eda y a la vez subsanar la demora en las listas de espera para renovar pasaportes y otras cuestiones.\u00a0<\/p>\n\n\n\n<figure class=\"wp-block-image size-large\"><img decoding=\"async\" width=\"1080\" height=\"534\" src=\"http:\/\/xn--tuvozdiasporaespaola-k7b.com\/wp-content\/uploads\/2022\/10\/screenshot_20221007-181743_twitter7916684675173651329.jpg?w=1024\" alt=\"\" class=\"wp-image-325\" srcset=\"https:\/\/xn--tuvozdiasporaespaola-k7b.com\/wp-content\/uploads\/2022\/10\/screenshot_20221007-181743_twitter7916684675173651329.jpg 1080w, https:\/\/xn--tuvozdiasporaespaola-k7b.com\/wp-content\/uploads\/2022\/10\/screenshot_20221007-181743_twitter7916684675173651329-300x148.jpg 300w, https:\/\/xn--tuvozdiasporaespaola-k7b.com\/wp-content\/uploads\/2022\/10\/screenshot_20221007-181743_twitter7916684675173651329-1024x506.jpg 1024w, https:\/\/xn--tuvozdiasporaespaola-k7b.com\/wp-content\/uploads\/2022\/10\/screenshot_20221007-181743_twitter7916684675173651329-768x380.jpg 768w\" sizes=\"(max-width: 1080px) 100vw, 1080px\" \/><\/figure>\n\n\n\n<p>Es importante mantener e incrementar esta partida\u00a0 (como as\u00ed se ha echo y como reclamo PODEMOS) ya que las distintas consejer\u00edas en el exterior( Educaci\u00f3n,Laboral , Derechos Civiles,\u00a0 etc\u2026) Dependientes de los consulados Espa\u00f1oles y Embajadas necesitan m\u00e1s personal para un mejor servicio.<br><br>Desde el Exterior nos felicitamos y felicitamos a Podemos por haber hecho unos presupuestos pensando en la Diaspora Espa\u00f1ola<br><br><strong>Para emigrantes retornado tambi\u00e9n se incrementar\u00e1 las ayudas en consonancia con\u00a0 la aplicaci\u00f3n dentro del Ministerio de Trabajo\u00a0 de la que es Ministra Yolanda Diaz.<\/strong><\/p>\n\n\n\n<p>Estos ser\u00edan los supuestos que hay y donde se beneficia la Di\u00e1spora Espa\u00f1ola:<\/p>\n\n\n\n<p>.- <strong>Subsidio de desempleo para emigrantes retornados.<\/strong><\/p>\n\n\n\n<p>\u00bb <em>Requisitos : Estar desempleado. Inscribirse como demandante de empleo en el plazo de treinta d\u00edas desde la fecha de su retorno; mantener la inscripci\u00f3n y cumplir las exigencias del compromiso de actividad, participando en las pol\u00edticas activas de empleo que se determinen en el itinerario de inserci\u00f3n.NO haber rechazado oferta de empleo adecuada ni haberse negado a participar, salvo causa justificada, en acciones de promoci\u00f3n, formaci\u00f3n o reconversi\u00f3n profesionales, desde la inscripci\u00f3n como demandante de e empleo.Carecer de rentas, de cualquier naturaleza, superiores al 75 por 100 del Salario M\u00ednimo Interprofesional vigente, excluida la parte proporcional de las pagas extraordinarias.Acreditar haber trabajado como m\u00ednimo doce meses en los \u00faltimos seis a\u00f1os desde su \u00faltima salida de Espa\u00f1a\u00bb<\/em><\/p>\n\n\n\n<p>&nbsp;.- <strong>Emigrantes retornados que cotizaron en Espa\u00f1a antes de emigrar.<\/strong><\/p>\n\n\n\n<p>\u00ab<em>Los trabajadores a los que se les extinga la relaci\u00f3n laboral y retornen a Espa\u00f1a, podr\u00e1n percibir prestaci\u00f3n por desempleo en Espa\u00f1a, siempre que re\u00fanan una serie de Requisito<\/em>s\u00bb.<\/p>\n\n\n\n<p>.-<strong>Ayudas extraordinarias para retornados<\/strong>.<\/p>\n\n\n\n<p>\u00ab<em>Son ayudas destinadas a atender las situaciones de necesidad de los espa\u00f1oles retornados, por los gastos extraordinarios derivados del hecho del retorno, cuando se acredite insuficiencia de recursos en el momento de solicitud de la ayuda\u00bb.<\/em><\/p>\n\n\n\n<figure class=\"wp-block-image size-large\"><img loading=\"lazy\" decoding=\"async\" width=\"1080\" height=\"1378\" src=\"http:\/\/xn--tuvozdiasporaespaola-k7b.com\/wp-content\/uploads\/2022\/10\/screenshot_20221007-181357_chrome851209785823671821.jpg?w=803\" alt=\"\" class=\"wp-image-326\" srcset=\"https:\/\/xn--tuvozdiasporaespaola-k7b.com\/wp-content\/uploads\/2022\/10\/screenshot_20221007-181357_chrome851209785823671821.jpg 1080w, https:\/\/xn--tuvozdiasporaespaola-k7b.com\/wp-content\/uploads\/2022\/10\/screenshot_20221007-181357_chrome851209785823671821-235x300.jpg 235w, https:\/\/xn--tuvozdiasporaespaola-k7b.com\/wp-content\/uploads\/2022\/10\/screenshot_20221007-181357_chrome851209785823671821-803x1024.jpg 803w, https:\/\/xn--tuvozdiasporaespaola-k7b.com\/wp-content\/uploads\/2022\/10\/screenshot_20221007-181357_chrome851209785823671821-768x980.jpg 768w\" sizes=\"(max-width: 1080px) 100vw, 1080px\" \/><figcaption class=\"wp-element-caption\">YOLANDA DIAZ Garant\u00eda para la diaspora <\/figcaption><\/figure>\n\n\n\n<p><strong>.- Emigrantes retornados que cotizaron en Espa\u00f1a antes de emigrar.<\/strong><br \/>\u00ab<em>Los trabajadores a los que se les extinga la relaci\u00f3n laboral y retornen a Espa\u00f1a, podr\u00e1n percibir prestaci\u00f3n por desempleo en Espa\u00f1a, siempre que re\u00fanan los requisitos que se mencionan en esta prestaci\u00f3n\u00bb.<\/em><br \/><br \/>.-<strong>Emigrantes retornados mayores de 52 a\u00f1os<\/strong><br \/>\u00bb <em>El subsidio por desempleo tambi\u00e9n est\u00e1 contemplado en el caso de aquellos que hayan trabajado en el extranjero y tengan m\u00e1s de 52 a\u00f1os en el momento de volver a Espa\u00f1a\u00bb.<\/em><br \/><br \/>.- <strong>Renta activa de inserci\u00f3n para emigrantes retornados.<\/strong><br \/>\u00ab<em>Requisitos&nbsp; persona desempleada y estar inscrita como demandante de empleo y suscribir el compromiso de actividad.<\/em><br \/><em>Tener 45 o m\u00e1s a\u00f1os de edad y ser menor de 65 a\u00f1os.No tener derecho a la prestaci\u00f3n contributiva ni al subsidio por desempleo.No tener ingresos propios superiores al 75 % del Salario M\u00ednimo Interprofesional (SMI). Las rentas se computar\u00e1n por su rendimiento \u00edntegro o bruto..No haber sido beneficiario del Programa de Renta Activa de Inserci\u00f3n en los 365 d\u00edas naturales anteriores a la fecha de solicitud del derecho a la admisi\u00f3n del programa, salvo en el caso de v\u00edctimas de violencia de g\u00e9nero o violencia dom\u00e9stica y personas con discapacidad.No haber sido beneficiario de tres Programas de Renta Activa de Inserci\u00f3n anteriores. La RAI se puede cobrar como m\u00e1ximo tres periodos.Haber trabajado al menos 6 meses en el extranjero desde la \u00faltima salida de Espa\u00f1a y haber retornado en los 12 meses anteriores a la solicitud\u00bb<\/em><\/p>\n\n\n\n<figure class=\"wp-block-image size-large\"><img loading=\"lazy\" decoding=\"async\" width=\"1080\" height=\"760\" src=\"http:\/\/xn--tuvozdiasporaespaola-k7b.com\/wp-content\/uploads\/2022\/10\/screenshot_20220923-133312_telegram7978756056421660918.jpg?w=1024\" alt=\"\" class=\"wp-image-327\" srcset=\"https:\/\/xn--tuvozdiasporaespaola-k7b.com\/wp-content\/uploads\/2022\/10\/screenshot_20220923-133312_telegram7978756056421660918.jpg 1080w, https:\/\/xn--tuvozdiasporaespaola-k7b.com\/wp-content\/uploads\/2022\/10\/screenshot_20220923-133312_telegram7978756056421660918-300x211.jpg 300w, https:\/\/xn--tuvozdiasporaespaola-k7b.com\/wp-content\/uploads\/2022\/10\/screenshot_20220923-133312_telegram7978756056421660918-1024x721.jpg 1024w, https:\/\/xn--tuvozdiasporaespaola-k7b.com\/wp-content\/uploads\/2022\/10\/screenshot_20220923-133312_telegram7978756056421660918-768x540.jpg 768w\" sizes=\"(max-width: 1080px) 100vw, 1080px\" \/><figcaption class=\"wp-element-caption\">Presupuestos con y para los ciudadanos <\/figcaption><\/figure>\n\n\n\n<p>Con un gasto social r\u00e9cord, con estas cuentas el Gobierno busca reforzar la sanidad, &#8211;especialmente la atenci\u00f3n primaria&#8211;, la educaci\u00f3n, la dependencia o las becas de cara al pr\u00f3ximo a\u00f1o. Adem\u00e1s, el PSOE y  PODEMOS han acordado el despliegue de una Ley de familias que incluir\u00e1 nuevos permisos de conciliaci\u00f3n, el impulso de una prestaci\u00f3n de crianza de 100 euros al mes para familias con menores de 0 a 3 a\u00f1os y se asimilaron las familias monoparentales, con dos hijos, a la actual categor\u00eda de familias numerosas.<\/p>\n\n\n\n<figure class=\"wp-block-image size-large\"><img loading=\"lazy\" decoding=\"async\" width=\"1080\" height=\"761\" src=\"http:\/\/xn--tuvozdiasporaespaola-k7b.com\/wp-content\/uploads\/2022\/10\/screenshot_20220923-133322_telegram1609143848132492573.jpg?w=1024\" alt=\"\" class=\"wp-image-328\" srcset=\"https:\/\/xn--tuvozdiasporaespaola-k7b.com\/wp-content\/uploads\/2022\/10\/screenshot_20220923-133322_telegram1609143848132492573.jpg 1080w, https:\/\/xn--tuvozdiasporaespaola-k7b.com\/wp-content\/uploads\/2022\/10\/screenshot_20220923-133322_telegram1609143848132492573-300x211.jpg 300w, https:\/\/xn--tuvozdiasporaespaola-k7b.com\/wp-content\/uploads\/2022\/10\/screenshot_20220923-133322_telegram1609143848132492573-1024x722.jpg 1024w, https:\/\/xn--tuvozdiasporaespaola-k7b.com\/wp-content\/uploads\/2022\/10\/screenshot_20220923-133322_telegram1609143848132492573-768x541.jpg 768w\" sizes=\"(max-width: 1080px) 100vw, 1080px\" \/><\/figure>\n\n\n\n<p>La partida dedicada a&nbsp;migraciones&nbsp;(sistema de protecci\u00f3n internacional, atenci\u00f3n humanitaria, etc.)&nbsp;ha visto reducido su presupuesto casi un 80%&nbsp;con respecto al dinero que se destin\u00f3 en 2022. As\u00ed, mientras que para este a\u00f1o migraciones cont\u00f3 con 433 millones de euros, para 2023 solo tendr\u00e1 disponibles 94 millones.<br \/><br \/><br \/><\/p>\n\n\n\n<figure class=\"wp-block-image size-large\"><img loading=\"lazy\" decoding=\"async\" width=\"1080\" height=\"763\" src=\"http:\/\/xn--tuvozdiasporaespaola-k7b.com\/wp-content\/uploads\/2022\/10\/screenshot_20220923-133259_telegram3105728173173419992.jpg?w=1024\" alt=\"\" class=\"wp-image-329\" srcset=\"https:\/\/xn--tuvozdiasporaespaola-k7b.com\/wp-content\/uploads\/2022\/10\/screenshot_20220923-133259_telegram3105728173173419992.jpg 1080w, https:\/\/xn--tuvozdiasporaespaola-k7b.com\/wp-content\/uploads\/2022\/10\/screenshot_20220923-133259_telegram3105728173173419992-300x212.jpg 300w, https:\/\/xn--tuvozdiasporaespaola-k7b.com\/wp-content\/uploads\/2022\/10\/screenshot_20220923-133259_telegram3105728173173419992-1024x723.jpg 1024w, https:\/\/xn--tuvozdiasporaespaola-k7b.com\/wp-content\/uploads\/2022\/10\/screenshot_20220923-133259_telegram3105728173173419992-768x543.jpg 768w\" sizes=\"(max-width: 1080px) 100vw, 1080px\" \/><\/figure>\n\n\n\n<p>En concreto, esa partida ha sido la que m\u00e1s se ha visto reducida, tan solo por detr\u00e1s de la financiaci\u00f3n del presupuesto del&nbsp;Servicio P\u00fablico de Empleo Estatal&nbsp;(SEPE), que ha experimentado un recorte del 91% debido&nbsp; por el incremento del Empleo Real y Estable y esto hace que no se necesite tanta partida presupuestaria no siendo un recorte sino un ajuste con la realidad de demanda.<\/p>\n\n\n\n<figure class=\"wp-block-image size-large\"><img loading=\"lazy\" decoding=\"async\" width=\"1080\" height=\"767\" src=\"http:\/\/xn--tuvozdiasporaespaola-k7b.com\/wp-content\/uploads\/2022\/10\/screenshot_20220923-133252_telegram2051173349588682241.jpg?w=1024\" alt=\"\" class=\"wp-image-330\" srcset=\"https:\/\/xn--tuvozdiasporaespaola-k7b.com\/wp-content\/uploads\/2022\/10\/screenshot_20220923-133252_telegram2051173349588682241.jpg 1080w, https:\/\/xn--tuvozdiasporaespaola-k7b.com\/wp-content\/uploads\/2022\/10\/screenshot_20220923-133252_telegram2051173349588682241-300x213.jpg 300w, https:\/\/xn--tuvozdiasporaespaola-k7b.com\/wp-content\/uploads\/2022\/10\/screenshot_20220923-133252_telegram2051173349588682241-1024x727.jpg 1024w, https:\/\/xn--tuvozdiasporaespaola-k7b.com\/wp-content\/uploads\/2022\/10\/screenshot_20220923-133252_telegram2051173349588682241-768x545.jpg 768w\" sizes=\"(max-width: 1080px) 100vw, 1080px\" \/><\/figure>\n\n\n\n<p>Un estado presente que no abandona a sus ciudadanos es lo justo ya sea PERONISMO, Anarquismo o Socialismo como intenta estigmatizar AYUSO en Madrid,\u00a0 creando grieta donde es justicia social y dificultades cuando ahora m\u00e1s que nunca se necesita un gobierno presente y eficaz un gobierno dec\u00eda gente y para la gente con PODEMOS\u00a0 como garant\u00eda de derechos y part\u00edcipe activo en los cambios sociales y una mirada humilde\u00a0 para la ciudadan\u00eda en La Di\u00e1spora o en Espa\u00f1a.<\/p>\n\n\n\n<figure class=\"wp-block-image size-large\"><img loading=\"lazy\" decoding=\"async\" width=\"2560\" height=\"1703\" src=\"http:\/\/xn--tuvozdiasporaespaola-k7b.com\/wp-content\/uploads\/2022\/10\/yolanda-diaz-02-071160303034255178934.jpg?w=1024\" alt=\"\" class=\"wp-image-331\" srcset=\"https:\/\/xn--tuvozdiasporaespaola-k7b.com\/wp-content\/uploads\/2022\/10\/yolanda-diaz-02-071160303034255178934.jpg 2560w, https:\/\/xn--tuvozdiasporaespaola-k7b.com\/wp-content\/uploads\/2022\/10\/yolanda-diaz-02-071160303034255178934-300x200.jpg 300w, https:\/\/xn--tuvozdiasporaespaola-k7b.com\/wp-content\/uploads\/2022\/10\/yolanda-diaz-02-071160303034255178934-1024x681.jpg 1024w, https:\/\/xn--tuvozdiasporaespaola-k7b.com\/wp-content\/uploads\/2022\/10\/yolanda-diaz-02-071160303034255178934-768x511.jpg 768w, https:\/\/xn--tuvozdiasporaespaola-k7b.com\/wp-content\/uploads\/2022\/10\/yolanda-diaz-02-071160303034255178934-1568x1043.jpg 1568w\" sizes=\"(max-width: 2560px) 100vw, 2560px\" \/><\/figure>\n\n\n\n<p>\u00c1rea Laboral y Derechos Sociales , C\u00edrculo Podemos Argentina Provincias.&nbsp;<br \/><br \/>Redacci\u00f3n de Revista TU VOZ.&nbsp;<br \/><br \/><br \/><\/p>\n\n\n\n<p>Fuentes :  Ministerio de Trabajo y  PGE.<\/p>\n","protected":false},"excerpt":{"rendered":"<p>El presupuesto del Gobierno para Exteriores y Cooperaci\u00f3n&nbsp; del que se beneficia la Di\u00e1spora Espa\u00f1ola aumenta un 7,6% en 2023 y PODEMOS particip\u00f3 activamente &#8230; <\/p>\n<p class=\"read-more-container\"><a title=\"PARA LA DI\u00c1SPORA EXTERIOR AUMENTAN LAS PARTIDAS de los PRESUPUESTOS.\" class=\"read-more button\" href=\"https:\/\/xn--tuvozdiasporaespaola-k7b.com\/page\/2\/para-la-diaspora-exterior-aumentan-las-partidas-de-los-presupuestos\/#more-332\" aria-label=\"M\u00e1s en PARA LA DI\u00c1SPORA EXTERIOR AUMENTAN LAS PARTIDAS de los PRESUPUESTOS.\">Leer m\u00e1s<\/a><\/p>\n","protected":false},"author":222560522,"featured_media":0,"comment_status":"open","ping_status":"open","sticky":false,"template":"","format":"standard","meta":{"footnotes":""},"categories":[1771],"tags":[],"class_list":["post-332","post","type-post","status-publish","format-standard","hentry","category-sociales"],"_links":{"self":[{"href":"https:\/\/xn--tuvozdiasporaespaola-k7b.com\/page\/2\/wp-json\/wp\/v2\/posts\/332","targetHints":{"allow":["GET"]}}],"collection":[{"href":"https:\/\/xn--tuvozdiasporaespaola-k7b.com\/page\/2\/wp-json\/wp\/v2\/posts"}],"about":[{"href":"https:\/\/xn--tuvozdiasporaespaola-k7b.com\/page\/2\/wp-json\/wp\/v2\/types\/post"}],"author":[{"embeddable":true,"href":"https:\/\/xn--tuvozdiasporaespaola-k7b.com\/page\/2\/wp-json\/wp\/v2\/users\/222560522"}],"replies":[{"embeddable":true,"href":"https:\/\/xn--tuvozdiasporaespaola-k7b.com\/page\/2\/wp-json\/wp\/v2\/comments?post=332"}],"version-history":[{"count":0,"href":"https:\/\/xn--tuvozdiasporaespaola-k7b.com\/page\/2\/wp-json\/wp\/v2\/posts\/332\/revisions"}],"wp:attachment":[{"href":"https:\/\/xn--tuvozdiasporaespaola-k7b.com\/page\/2\/wp-json\/wp\/v2\/media?parent=332"}],"wp:term":[{"taxonomy":"category","embeddable":true,"href":"https:\/\/xn--tuvozdiasporaespaola-k7b.com\/page\/2\/wp-json\/wp\/v2\/categories?post=332"},{"taxonomy":"post_tag","embeddable":true,"href":"https:\/\/xn--tuvozdiasporaespaola-k7b.com\/page\/2\/wp-json\/wp\/v2\/tags?post=332"}],"curies":[{"name":"wp","href":"https:\/\/api.w.org\/{rel}","templated":true}]}}