{"id":317,"date":"2022-10-06T12:44:43","date_gmt":"2022-10-06T15:44:43","guid":{"rendered":"https:\/\/xn--tuvozdiasporaespaola-k7b.com\/?p=317"},"modified":"2022-10-06T15:09:37","modified_gmt":"2022-10-06T18:09:37","slug":"podemos-no-tiene-dudas-del-lado-de-la-historia-en-la-ley-de-memoria-democratica","status":"publish","type":"post","link":"https:\/\/xn--tuvozdiasporaespaola-k7b.com\/page\/2\/podemos-no-tiene-dudas-del-lado-de-la-historia-en-la-ley-de-memoria-democratica\/","title":{"rendered":"PODEMOS NO TIENE DUDAS DEL LADO DE LA HISTORIA en la LEY DE MEMORIA DEMOCR\u00c1TICA."},"content":{"rendered":"\n<p>\u00a0Aunque algunas y algunos\u00a0 se definen de Izquierda , flaco favor\u00a0 hacen a la Historia llam\u00e1ndose integrantes del PSOE y\u00a0 posicion\u00e1ndose con VOX, PP y CIUDADANOS. Lo m\u00e1s casposo de una Espa\u00f1a en Blanco y Negro.<\/p>\n\n\n\n<figure class=\"wp-block-image size-large\"><img fetchpriority=\"high\" decoding=\"async\" width=\"1080\" height=\"1787\" src=\"http:\/\/xn--tuvozdiasporaespaola-k7b.com\/wp-content\/uploads\/2022\/10\/screenshot_20221005-204938_chrome4073640739601415638.jpg?w=619\" alt=\"\" class=\"wp-image-314\" srcset=\"https:\/\/xn--tuvozdiasporaespaola-k7b.com\/wp-content\/uploads\/2022\/10\/screenshot_20221005-204938_chrome4073640739601415638.jpg 1080w, https:\/\/xn--tuvozdiasporaespaola-k7b.com\/wp-content\/uploads\/2022\/10\/screenshot_20221005-204938_chrome4073640739601415638-181x300.jpg 181w, https:\/\/xn--tuvozdiasporaespaola-k7b.com\/wp-content\/uploads\/2022\/10\/screenshot_20221005-204938_chrome4073640739601415638-619x1024.jpg 619w, https:\/\/xn--tuvozdiasporaespaola-k7b.com\/wp-content\/uploads\/2022\/10\/screenshot_20221005-204938_chrome4073640739601415638-768x1271.jpg 768w\" sizes=\"(max-width: 1080px) 100vw, 1080px\" \/><\/figure>\n\n\n\n<p>En estos d\u00edas convulsos, donde el ser humano se encuentra inmerso en cambios -a peor- constantes, en Espa\u00f1a corre una bocanada de aire fresco, con la ya aprobada y publicada en el BOE derogaci\u00f3ndel \u201cVoto Rogado\u201d, y con la aprobaci\u00f3n en el Senado de la \u201cLey deMemoria Democr\u00e1tica\u201d, conocida en la di\u00e1spora popularmente como \u00abLey de Nietos\u201d. Sin embargo, a\u00fan existen mentes calenturientas,casposas y trasnochadas, que intentan que esos derechos hist\u00f3ricos de millones de espa\u00f1oles no sean reconocidos.<\/p>\n\n\n\n<figure class=\"wp-block-image size-large\"><img decoding=\"async\" width=\"470\" height=\"313\" src=\"http:\/\/xn--tuvozdiasporaespaola-k7b.com\/wp-content\/uploads\/2022\/10\/657850-whatsapp-20image-202022-10-05-20at-207-37-35-20pm5753022385132594933.jpeg?w=470\" alt=\"\" class=\"wp-image-315\" srcset=\"https:\/\/xn--tuvozdiasporaespaola-k7b.com\/wp-content\/uploads\/2022\/10\/657850-whatsapp-20image-202022-10-05-20at-207-37-35-20pm5753022385132594933.jpeg 470w, https:\/\/xn--tuvozdiasporaespaola-k7b.com\/wp-content\/uploads\/2022\/10\/657850-whatsapp-20image-202022-10-05-20at-207-37-35-20pm5753022385132594933-300x200.jpeg 300w\" sizes=\"(max-width: 470px) 100vw, 470px\" \/><\/figure>\n\n\n\n<p>Aduciendo acuerdos con nacionalistas y \u201crompedores de esa Espa\u00f1a, una, grande y libre\u201d, con argumentos de infantilismo a la redacci\u00f3n de esa tan deseada ley y con la resurrecci\u00f3n de los odios derivados de la guerra civil del 39, los firmantes  de un amplio espectro pol\u00edtico-, presionan y chantajean, tanto a los representantes de la C\u00e1mara Alta, como a la totalidad de la sociedad civil, para que los representantes de la misma, voten en contra de ese derecho conseguido.<\/p>\n\n\n\n<figure class=\"wp-block-image size-large\"><img decoding=\"async\" width=\"900\" height=\"600\" src=\"http:\/\/xn--tuvozdiasporaespaola-k7b.com\/wp-content\/uploads\/2022\/10\/hzr2gsn6gvf5rdxn3hx4nhvjee8522061920339983276.jpg?w=900\" alt=\"\" class=\"wp-image-316\" srcset=\"https:\/\/xn--tuvozdiasporaespaola-k7b.com\/wp-content\/uploads\/2022\/10\/hzr2gsn6gvf5rdxn3hx4nhvjee8522061920339983276.jpg 900w, https:\/\/xn--tuvozdiasporaespaola-k7b.com\/wp-content\/uploads\/2022\/10\/hzr2gsn6gvf5rdxn3hx4nhvjee8522061920339983276-300x200.jpg 300w, https:\/\/xn--tuvozdiasporaespaola-k7b.com\/wp-content\/uploads\/2022\/10\/hzr2gsn6gvf5rdxn3hx4nhvjee8522061920339983276-768x512.jpg 768w\" sizes=\"(max-width: 900px) 100vw, 900px\" \/><figcaption class=\"wp-element-caption\">Fases Comunes de Ciudadanes Espa\u00f1oles fusilados por r\u00e9gimen Franquista <\/figcaption><\/figure>\n\n\n\n<p>El C\u00cdRCULO DE PODEMOS ARGENTINA PROVINCIAS, denuncia el hecho, y adem\u00e1s de sentir tristeza, verg\u00fcenza e indignaci\u00f3n, n\u00f3mina a los firmantes m\u00e1s significativos del manifiesto, y quiere hacer llegar a la ciudadan\u00eda en el exterior, quienes son aquellos que siguen con la intenci\u00f3n de privar de derechos fundamentales a todos los que por diversos motivos han tenido que dejar su patria, la de sus padres y la de sus abuelos.<\/p>\n\n\n\n<p>Pertenecientes en su gran mayor\u00eda a formaciones conservadoras y ultraderechistas como el Partido Popular (PP), Ciudadanos, UPN y VOX, tambi\u00e9n se encuentran incluidos miembros hist\u00f3ricos -algunos de ingrato recuerdo- del Partido Socialista Obrero Espa\u00f1ol (PSOE).<\/p>\n\n\n\n<figure class=\"wp-block-image size-large\"><img loading=\"lazy\" decoding=\"async\" width=\"1280\" height=\"640\" src=\"http:\/\/xn--tuvozdiasporaespaola-k7b.com\/wp-content\/uploads\/2022\/10\/mv-1280x6406536787392016072686-1.jpg?w=1024\" alt=\"\" class=\"wp-image-318\" srcset=\"https:\/\/xn--tuvozdiasporaespaola-k7b.com\/wp-content\/uploads\/2022\/10\/mv-1280x6406536787392016072686-1.jpg 1280w, https:\/\/xn--tuvozdiasporaespaola-k7b.com\/wp-content\/uploads\/2022\/10\/mv-1280x6406536787392016072686-1-300x150.jpg 300w, https:\/\/xn--tuvozdiasporaespaola-k7b.com\/wp-content\/uploads\/2022\/10\/mv-1280x6406536787392016072686-1-1024x512.jpg 1024w, https:\/\/xn--tuvozdiasporaespaola-k7b.com\/wp-content\/uploads\/2022\/10\/mv-1280x6406536787392016072686-1-768x384.jpg 768w\" sizes=\"(max-width: 1280px) 100vw, 1280px\" \/><figcaption class=\"wp-element-caption\">Rodolfo Mart\u00edn Villa  condecorado por el Rey de Espa\u00f1a <\/figcaption><\/figure>\n\n\n\n<p>Adem\u00e1s de gente como Feijo\u00f3, Abascal, Arrimadas y otros \u201cpol\u00edticos conocidos\u201d que no firman, pero que apoyan, la lista con los firmantes m\u00e1s relevantes es la siguiente:<\/p>\n\n\n\n<p>Rodolfo Mart\u00edn Villa ( UCD) Que fue&nbsp; procesado en Argentina por&nbsp; cuatro cr\u00edmenes policiales en los a\u00f1os 70 y luego archivada la causa .&nbsp; Eduardo Serra ( PP) Soledad Becerril ( UCD &amp; PP ), Esperanza Aguirre, ( PP )&nbsp; Alfonso Alonso, Juan Carlos Aparicio ( PP) Miguel Arias Ca\u00f1ete ( PP), Ignacio Camu\u00f1as ( VOX), Rom\u00e1n Escolano (PP)Isabel Garc\u00eda-Tejerina ( PP) Jos\u00e9 Manuel Garc\u00eda-Margallo ( PP) Javier G\u00f3mez Navarro, ( PSOE) Jaime Lamo de Espinosa ( UCD &amp; PP), Salvador S\u00e1nchez-Ter\u00e1n ( UCD ), Jos\u00e9 Luis Leal ( UCD) Jaime Mayor Oreja ( PP), Jos\u00e9 Mar\u00eda Michavila ( PP), Jos\u00e9 Manuel Otero ( MINISTRO FRANQUISTA &amp; UCD) Jes\u00fas Sancho Rof ( UCD ) Isabel Tocino ( PP)Jos\u00e9 Ignacio Wert ( PP);, Manuel N\u00fa\u00f1ez, Joaqu\u00edn Leguina ( PSOE)l Afonso Lazo ( PSOE)&nbsp; Marcos Pe\u00f1a Pinto(PSOE) y Pedro Bofill ( PSOE)&nbsp;,<\/p>\n\n\n\n<p>El expresidente del Senado Juan Jos\u00e9 Laborda&nbsp; ( PSOE) y el exministro de Sanidad y Defensa Juli\u00e1n Garc\u00eda Vargas ( PSOE)Javier Rojo, el exministro de Sanidad y Defensa ( PSOE) , el exdiputado Luis Berenguer y el exministro de Sanidad y actual presidente de la Fundaci\u00f3n Gregorio Peces Barba, Juli\u00e1n Garc\u00eda Valverde todos del PSOECon la ampliaci\u00f3n temporal de los trabajos de la comisi\u00f3n se incluye el a\u00f1o de inicio de los GAL, la organizaci\u00f3n terrorista dedicada a la guerra sucia contra ETA, y el primer a\u00f1o de gobierno de Felipe Gonz\u00e1lez, que ha expresado p\u00fablicamente su malestar con la ley, aunque su nombre no figura entre los firmantes del manifiesto.<\/p>\n\n\n\n<figure class=\"wp-block-image size-large\"><img loading=\"lazy\" decoding=\"async\" width=\"1080\" height=\"1938\" src=\"http:\/\/xn--tuvozdiasporaespaola-k7b.com\/wp-content\/uploads\/2022\/10\/screenshot_20221006-003853_gallery2019222670695076622.jpg?w=571\" alt=\"\" class=\"wp-image-319\" srcset=\"https:\/\/xn--tuvozdiasporaespaola-k7b.com\/wp-content\/uploads\/2022\/10\/screenshot_20221006-003853_gallery2019222670695076622.jpg 1080w, https:\/\/xn--tuvozdiasporaespaola-k7b.com\/wp-content\/uploads\/2022\/10\/screenshot_20221006-003853_gallery2019222670695076622-167x300.jpg 167w, https:\/\/xn--tuvozdiasporaespaola-k7b.com\/wp-content\/uploads\/2022\/10\/screenshot_20221006-003853_gallery2019222670695076622-571x1024.jpg 571w, https:\/\/xn--tuvozdiasporaespaola-k7b.com\/wp-content\/uploads\/2022\/10\/screenshot_20221006-003853_gallery2019222670695076622-768x1378.jpg 768w\" sizes=\"(max-width: 1080px) 100vw, 1080px\" \/><\/figure>\n\n\n\n<p>O un Emiliano Garcia Paje  en Castilla la Mancha que con su silencio  compadrea con estos firmantes y ofrece mano tendida a Feij\u00f3o  para futuros pactos .<\/p>\n\n\n\n<figure class=\"wp-block-image size-large\"><img loading=\"lazy\" decoding=\"async\" width=\"1200\" height=\"630\" src=\"http:\/\/xn--tuvozdiasporaespaola-k7b.com\/wp-content\/uploads\/2022\/10\/5f9be582240000f8189ada928565078640714833806.jpeg?w=1024\" alt=\"\" class=\"wp-image-320\" srcset=\"https:\/\/xn--tuvozdiasporaespaola-k7b.com\/wp-content\/uploads\/2022\/10\/5f9be582240000f8189ada928565078640714833806.jpeg 1200w, https:\/\/xn--tuvozdiasporaespaola-k7b.com\/wp-content\/uploads\/2022\/10\/5f9be582240000f8189ada928565078640714833806-300x158.jpeg 300w, https:\/\/xn--tuvozdiasporaespaola-k7b.com\/wp-content\/uploads\/2022\/10\/5f9be582240000f8189ada928565078640714833806-1024x538.jpeg 1024w, https:\/\/xn--tuvozdiasporaespaola-k7b.com\/wp-content\/uploads\/2022\/10\/5f9be582240000f8189ada928565078640714833806-768x403.jpeg 768w\" sizes=\"(max-width: 1200px) 100vw, 1200px\" \/><figcaption class=\"wp-element-caption\">PAJE Y AYUSO frente com\u00fan a la Ley de Memoria Democr\u00e1tica <\/figcaption><\/figure>\n\n\n\n<p>Tambi\u00e9n han apoyado el escrito la directora de la Real Academia de la Historia, Carmen Iglesias; Jos\u00e9 Mar\u00eda M\u00fagica, hijo del pol\u00edtico socialista asesinado por ETA Fernando M\u00fagica; y los exdiputados de UCD y del PSOE Luis Berenguer y Carmela Garc\u00eda Moreno, entre otros.<\/p>\n\n\n\n<p>Tengan \u201cmemoria activa\u201d, tomen nota y f\u00edjense a la hora de escuchar y sobre todo a la hora de VOTAR.<\/p>\n\n\n\n<p>Area de Memoria del&nbsp;<\/p>\n\n\n\n<p>CIRCULO PODEMOS ARGENTINA PROVINCIAS<\/p>\n","protected":false},"excerpt":{"rendered":"<p>\u00a0Aunque algunas y algunos\u00a0 se definen de Izquierda , flaco favor\u00a0 hacen a la Historia llam\u00e1ndose integrantes del PSOE y\u00a0 posicion\u00e1ndose con VOX, PP &#8230; <\/p>\n<p class=\"read-more-container\"><a title=\"PODEMOS NO TIENE DUDAS DEL LADO DE LA HISTORIA en la LEY DE MEMORIA DEMOCR\u00c1TICA.\" class=\"read-more button\" href=\"https:\/\/xn--tuvozdiasporaespaola-k7b.com\/page\/2\/podemos-no-tiene-dudas-del-lado-de-la-historia-en-la-ley-de-memoria-democratica\/#more-317\" aria-label=\"M\u00e1s en PODEMOS NO TIENE DUDAS DEL LADO DE LA HISTORIA en la LEY DE MEMORIA DEMOCR\u00c1TICA.\">Leer m\u00e1s<\/a><\/p>\n","protected":false},"author":222560522,"featured_media":0,"comment_status":"open","ping_status":"open","sticky":false,"template":"","format":"standard","meta":{"footnotes":""},"categories":[1771],"tags":[],"class_list":["post-317","post","type-post","status-publish","format-standard","hentry","category-sociales"],"_links":{"self":[{"href":"https:\/\/xn--tuvozdiasporaespaola-k7b.com\/page\/2\/wp-json\/wp\/v2\/posts\/317","targetHints":{"allow":["GET"]}}],"collection":[{"href":"https:\/\/xn--tuvozdiasporaespaola-k7b.com\/page\/2\/wp-json\/wp\/v2\/posts"}],"about":[{"href":"https:\/\/xn--tuvozdiasporaespaola-k7b.com\/page\/2\/wp-json\/wp\/v2\/types\/post"}],"author":[{"embeddable":true,"href":"https:\/\/xn--tuvozdiasporaespaola-k7b.com\/page\/2\/wp-json\/wp\/v2\/users\/222560522"}],"replies":[{"embeddable":true,"href":"https:\/\/xn--tuvozdiasporaespaola-k7b.com\/page\/2\/wp-json\/wp\/v2\/comments?post=317"}],"version-history":[{"count":0,"href":"https:\/\/xn--tuvozdiasporaespaola-k7b.com\/page\/2\/wp-json\/wp\/v2\/posts\/317\/revisions"}],"wp:attachment":[{"href":"https:\/\/xn--tuvozdiasporaespaola-k7b.com\/page\/2\/wp-json\/wp\/v2\/media?parent=317"}],"wp:term":[{"taxonomy":"category","embeddable":true,"href":"https:\/\/xn--tuvozdiasporaespaola-k7b.com\/page\/2\/wp-json\/wp\/v2\/categories?post=317"},{"taxonomy":"post_tag","embeddable":true,"href":"https:\/\/xn--tuvozdiasporaespaola-k7b.com\/page\/2\/wp-json\/wp\/v2\/tags?post=317"}],"curies":[{"name":"wp","href":"https:\/\/api.w.org\/{rel}","templated":true}]}}