{"id":3106,"date":"2023-07-29T15:05:29","date_gmt":"2023-07-29T18:05:29","guid":{"rendered":"https:\/\/xn--tuvozdiasporaespaola-k7b.com\/?p=3106"},"modified":"2023-07-31T02:38:30","modified_gmt":"2023-07-31T05:38:30","slug":"carles-puigdemont-declaraciones-tras-resultado-electoral","status":"publish","type":"post","link":"https:\/\/xn--tuvozdiasporaespaola-k7b.com\/page\/2\/carles-puigdemont-declaraciones-tras-resultado-electoral\/","title":{"rendered":"Carles Puigdemont, declaraciones tras resultado electoral."},"content":{"rendered":"\n<p>Declaraci\u00f3n de Carles Puigdemont ex presidente de la Generalitat en el exilio y l\u00edder de Junts per Catalunya  con 7 diputades  en el Parlamento espa\u00f1ol y necesarios para gobierno progresista.<\/p>\n\n\n\n<figure class=\"wp-block-gallery has-nested-images columns-default is-cropped wp-block-gallery-1 is-layout-flex wp-block-gallery-is-layout-flex\">\n<figure class=\"wp-block-image size-large\"><img fetchpriority=\"high\" decoding=\"async\" width=\"1067\" height=\"984\" data-id=\"3107\" src=\"https:\/\/xn--tuvozdiasporaespaola-k7b.com\/wp-content\/uploads\/2023\/07\/1000132738.jpg\" alt=\"\" class=\"wp-image-3107\"\/><\/figure>\n<\/figure>\n\n\n\n<p>Transcripci\u00f3n completa al castellano.<\/p>\n\n\n\n<p>\u00abEl recuento definitivo de los votos ha supuesto un cambio puntual a la asignaci\u00f3n de esca\u00f1os en el Parlamento espa\u00f1ol pero relevante en la ecuaci\u00f3n para cualquier investidura. El actual presidente del Gobierno y candidato socialista a la reelecci\u00f3n s\u00f3lo podr\u00e1 ser elegido si obtiene el voto afirmativo de una coalici\u00f3n muy amplia, incluidos los 7 votos de Junts per Catalunya.<\/p>\n\n\n\n<p>Si hace seis d\u00edas el resultado provisional ya nos situ\u00f3 en el centro de la conversaci\u00f3n y de las especulaciones, con los resultados definitivos en manos la posici\u00f3n a\u00fan ha quedado m\u00e1s contrastada: o JuntsXCat vota que s\u00ed, o el PSOE acaba facilitando la investidura de Feij\u00f3o (o la del candidato que los Populares propongan), o vayamos a la repetici\u00f3n de las elecciones.No ha pasado tiempo suficiente para saber qu\u00e9 acabar\u00e1n haciendo los dos grandes partidos espa\u00f1oles \u2014el que ha perdido ganando, y el que ha ganado perdiendo\u2014. <\/p>\n\n\n\n<p>En similares circunstancias, prefirieron repetir las elecciones.Sin embargo, s\u00ed me permito dar un consejo, que creo que ayudar\u00e1 a entender las cosas mejor y evitar\u00e1 \u2014quiz\u00e1s pido demasiado\u2014 que circulen barrancas . Al menos en mi caso.<\/p>\n\n\n\n<p>Casi nunca hablo de c\u00f3mo vivo, a nivel personal, la experiencia del exilio. He procurado quejarme lo menos posible y de no caer en la explotaci\u00f3n, para m\u00ed deshonesta, del victimismo f\u00e1cil. Normalmente, cuando hablo es porque me han hecho alguna pregunta, pero procuro no entrar demasiado en detalles.<\/p>\n\n\n\n<p> Si ahora har\u00e9 una referencia es porque ayudar\u00e1 a entender la posici\u00f3n pol\u00edtica, y porque el momento es lo suficientemente importante como para que nadie se llame a enga\u00f1o.En estos cinco a\u00f1os y nueve meses que llevo en el exilio he recibido amenazas cada semana, he sido objeto de campa\u00f1as de difamaci\u00f3n vergonzosas, de art\u00edculos vomitivos sobre m\u00ed y mi familia, de dossieres policiales debidamente filtrados involucr\u00e1ndome en tramas delirantes ; me han detenido dos veces y me han colocado aparatos de seguimiento en el coche; han infectado con Pegasus todo mi entorno, incluido el m\u00f3vil de mi esposa; me han presentado como populista, eurof\u00f3bico y xen\u00f3fobo; \u00faltimamente se lleva el t\u00e9rmino \u00abresentido e irrelevante\u00bb. <\/p>\n\n\n\n<p>Me han comparado, en art\u00edculos en diarios serios, con ese miserable piloto de Germanwings que estrell\u00f3 deliberadamente el avi\u00f3n en los Alpes.Han fabulado sobre mi salud mental sin tener ning\u00fan respeto por la persona ni tampoco por las personas que s\u00ed realmente sufren enfermedades. <\/p>\n\n\n\n<p>Vivo sin la protecci\u00f3n que la ley te\u00f3ricamente me garantiza; se inventan que hay ONGs que reciben subvenciones p\u00fablicas que desv\u00edan dinero hacia m\u00ed; se inventan que el grupo parlamentario de Junts desvi\u00f3 a \u201cWaterloo\u201d (concepto) dinero destinado a la Covid.Porque si se trata de detener el fascismo, debe hacerse siempre, no a la carta.<\/p>\n\n\n\n<figure class=\"wp-block-embed is-type-rich is-provider-twitter wp-block-embed-twitter\"><div class=\"wp-block-embed__wrapper\">\n<blockquote class=\"twitter-tweet\" data-width=\"550\" data-dnt=\"true\"><p lang=\"ca\" dir=\"ltr\">El recompte definitiu dels vots ha comportat un canvi puntual a l\u2019assignaci\u00f3 d\u2019escons al Parlament espanyol per\u00f2 rellevant en l\u2019equaci\u00f3 per a qualsevol investidura. L\u2019actual president del Govern i candidat socialista a la reelecci\u00f3 nom\u00e9s podr\u00e0 ser escollit si obt\u00e9 el vot\u2026<\/p>&mdash; krls.eth \/ Carles Puigdemont (@KRLS) <a href=\"https:\/\/twitter.com\/KRLS\/status\/1685294467044020225?ref_src=twsrc%5Etfw\">July 29, 2023<\/a><\/blockquote><script async src=\"https:\/\/platform.twitter.com\/widgets.js\" charset=\"utf-8\"><\/script>\n<\/div><figcaption class=\"wp-element-caption\">Esto es s\u00f3lo una muestra de un inventario mucho m\u00e1s largo. . <br>Y, a ser posible, que me presente ante el juez espa\u00f1ol y acepte tanto su autoridad como su decisi\u00f3n.<br> Estoy convencido de que si hubiera renunciado a mantener la posici\u00f3n ya hacer pol\u00edtica, me habr\u00eda ahorrado muchas cosas tan desagradables. Pero tambi\u00e9n es completamente irrelevante si se trata de hacer pol\u00edtica (la en serio, no la de las apariencias de los mil hombres que se pasean por las moquetas de Madrid como si fueran Camb\u00f3) y de negociar los t\u00e9rminos en los que debe acordarse la resoluci\u00f3n de un conflicto como el que existe entre Catalu\u00f1a y Espa\u00f1a.<br>Tener la clave es circunstancial. Un d\u00eda la tienes y al d\u00eda siguiente no, y nunca podemos perderlo de vista. Esto no puede derribarnos ni en las prisas ante el miedo a perderlo, ni en la sobreactuaci\u00f3n ante un poder que es inevitablemente ef\u00edmero. El dedo y la Luna. <br>Esto es el dedo; la Luna es otra cosa. La Luna es un conflicto pol\u00edtico muy serio y profundo, y es aqu\u00ed donde es necesario poner el foco. No en las personas, sino en el pa\u00eds. Y hasta que no recuperen el p\u00e1rrafo perdido en este conflicto (lo de las \u00abdiversas vicisitudes\u00bb de las que hablaba hace un par de d\u00edas), no entender\u00e1n nada y no estar\u00e1n en condiciones de tener una conversaci\u00f3n provechosa. Todo lo que podr\u00e1n aspirar es a parchear legislaturas, y avanzar de esma por el camino del agua. Como la vaca ciega.\u00bb<\/figcaption><\/figure>\n","protected":false},"excerpt":{"rendered":"<p>Declaraci\u00f3n de Carles Puigdemont ex presidente de la Generalitat en el exilio y l\u00edder de Junts per Catalunya con 7 diputades en el Parlamento &#8230; <\/p>\n<p class=\"read-more-container\"><a title=\"Carles Puigdemont, declaraciones tras resultado electoral.\" class=\"read-more button\" href=\"https:\/\/xn--tuvozdiasporaespaola-k7b.com\/page\/2\/carles-puigdemont-declaraciones-tras-resultado-electoral\/#more-3106\" aria-label=\"M\u00e1s en Carles Puigdemont, declaraciones tras resultado electoral.\">Leer m\u00e1s<\/a><\/p>\n","protected":false},"author":222560522,"featured_media":3108,"comment_status":"open","ping_status":"open","sticky":false,"template":"","format":"standard","meta":{"footnotes":""},"categories":[121853],"tags":[],"class_list":["post-3106","post","type-post","status-publish","format-standard","has-post-thumbnail","hentry","category-elecciones","resize-featured-image"],"_links":{"self":[{"href":"https:\/\/xn--tuvozdiasporaespaola-k7b.com\/page\/2\/wp-json\/wp\/v2\/posts\/3106","targetHints":{"allow":["GET"]}}],"collection":[{"href":"https:\/\/xn--tuvozdiasporaespaola-k7b.com\/page\/2\/wp-json\/wp\/v2\/posts"}],"about":[{"href":"https:\/\/xn--tuvozdiasporaespaola-k7b.com\/page\/2\/wp-json\/wp\/v2\/types\/post"}],"author":[{"embeddable":true,"href":"https:\/\/xn--tuvozdiasporaespaola-k7b.com\/page\/2\/wp-json\/wp\/v2\/users\/222560522"}],"replies":[{"embeddable":true,"href":"https:\/\/xn--tuvozdiasporaespaola-k7b.com\/page\/2\/wp-json\/wp\/v2\/comments?post=3106"}],"version-history":[{"count":2,"href":"https:\/\/xn--tuvozdiasporaespaola-k7b.com\/page\/2\/wp-json\/wp\/v2\/posts\/3106\/revisions"}],"predecessor-version":[{"id":3249,"href":"https:\/\/xn--tuvozdiasporaespaola-k7b.com\/page\/2\/wp-json\/wp\/v2\/posts\/3106\/revisions\/3249"}],"wp:featuredmedia":[{"embeddable":true,"href":"https:\/\/xn--tuvozdiasporaespaola-k7b.com\/page\/2\/wp-json\/wp\/v2\/media\/3108"}],"wp:attachment":[{"href":"https:\/\/xn--tuvozdiasporaespaola-k7b.com\/page\/2\/wp-json\/wp\/v2\/media?parent=3106"}],"wp:term":[{"taxonomy":"category","embeddable":true,"href":"https:\/\/xn--tuvozdiasporaespaola-k7b.com\/page\/2\/wp-json\/wp\/v2\/categories?post=3106"},{"taxonomy":"post_tag","embeddable":true,"href":"https:\/\/xn--tuvozdiasporaespaola-k7b.com\/page\/2\/wp-json\/wp\/v2\/tags?post=3106"}],"curies":[{"name":"wp","href":"https:\/\/api.w.org\/{rel}","templated":true}]}}