{"id":309,"date":"2022-10-05T14:07:20","date_gmt":"2022-10-05T17:07:20","guid":{"rendered":"https:\/\/xn--tuvozdiasporaespaola-k7b.com\/2022\/10\/05\/ley-de-nemoria-democratica-ultima-hora-aprobada\/"},"modified":"2022-10-05T14:13:56","modified_gmt":"2022-10-05T17:13:56","slug":"ley-de-nemoria-democratica-ultima-hora-aprobada","status":"publish","type":"post","link":"https:\/\/xn--tuvozdiasporaespaola-k7b.com\/page\/2\/ley-de-nemoria-democratica-ultima-hora-aprobada\/","title":{"rendered":"LEY DE MEMORIA DEMOCR\u00c1TICA \u00a1\u00a1 \u00daLTIMA HORA! \u00a1 APROBADA!"},"content":{"rendered":"\n<p>El Senado acaba de aprobar la Ley de Memoria Democr\u00e1tica!!!<br \/> Se rechazaron todas las enmiendas presentadas, que eran 521. Ahora hay que esperar, la reglamentaci\u00f3n en Consejo de Ministros  y  publicacion en el el BOE. <\/p>\n\n\n\n<p>EL  PARTIDO POPULAR  y sus socios de VOX   han intentado hasta \u00faltima hora  pribar del derecho a Nacionalidad al 90% de los ciudadanos en el Exterior , que tendr\u00e1n  reconocida la ciudadan\u00eda con esta ley de Memoria Democr\u00e1tica. <\/p>\n\n\n\n<figure class=\"wp-block-image size-large\"><img fetchpriority=\"high\" decoding=\"async\" width=\"1079\" height=\"1132\" src=\"http:\/\/xn--tuvozdiasporaespaola-k7b.com\/wp-content\/uploads\/2022\/10\/screenshot_20221005-140500_chrome8143585062728096587.jpg?w=976\" alt=\"\" class=\"wp-image-312\" srcset=\"https:\/\/xn--tuvozdiasporaespaola-k7b.com\/wp-content\/uploads\/2022\/10\/screenshot_20221005-140500_chrome8143585062728096587.jpg 1079w, https:\/\/xn--tuvozdiasporaespaola-k7b.com\/wp-content\/uploads\/2022\/10\/screenshot_20221005-140500_chrome8143585062728096587-286x300.jpg 286w, https:\/\/xn--tuvozdiasporaespaola-k7b.com\/wp-content\/uploads\/2022\/10\/screenshot_20221005-140500_chrome8143585062728096587-976x1024.jpg 976w, https:\/\/xn--tuvozdiasporaespaola-k7b.com\/wp-content\/uploads\/2022\/10\/screenshot_20221005-140500_chrome8143585062728096587-768x806.jpg 768w\" sizes=\"(max-width: 1079px) 100vw, 1079px\" \/><figcaption class=\"wp-element-caption\">MEMORIA ACTIVA<\/figcaption><\/figure>\n\n\n\n<p>Por fin se har\u00e1 justicia y se reconoce al R\u00e9gimen de Franco como Dictadura y sus cr\u00edmenes de Lesa Humanidad ,  esperemos que en el exterior se aplique con todo el peso dd la Ley  en su totalidad  y sea un motivo de reconciliaci\u00f3n con la memoria de nuestros y nuestras exiliades.<\/p>\n\n\n\n<p>Gracias al Gobierno de Espa\u00f1a del que forma parte <strong>PODEMOS<\/strong>.info   incitador de esta Ley junto con el PSOE   y al pacto de investidura Progresista , la Di\u00e1spora podr\u00e1 encontrar tranquilidad con esta Ley que dar\u00e1 a Nietos y Bisnietos  y mujeres que la perdieron  el derecho Constitucional  que les pertenece .<\/p>\n\n\n\n<figure class=\"wp-block-image size-large\"><img decoding=\"async\" width=\"1080\" height=\"856\" src=\"http:\/\/xn--tuvozdiasporaespaola-k7b.com\/wp-content\/uploads\/2022\/10\/screenshot_20221005-135210_whatsapp1519971364235261384.jpg?w=1024\" alt=\"\" class=\"wp-image-311\" srcset=\"https:\/\/xn--tuvozdiasporaespaola-k7b.com\/wp-content\/uploads\/2022\/10\/screenshot_20221005-135210_whatsapp1519971364235261384.jpg 1080w, https:\/\/xn--tuvozdiasporaespaola-k7b.com\/wp-content\/uploads\/2022\/10\/screenshot_20221005-135210_whatsapp1519971364235261384-300x238.jpg 300w, https:\/\/xn--tuvozdiasporaespaola-k7b.com\/wp-content\/uploads\/2022\/10\/screenshot_20221005-135210_whatsapp1519971364235261384-1024x812.jpg 1024w, https:\/\/xn--tuvozdiasporaespaola-k7b.com\/wp-content\/uploads\/2022\/10\/screenshot_20221005-135210_whatsapp1519971364235261384-768x609.jpg 768w\" sizes=\"(max-width: 1080px) 100vw, 1080px\" \/><figcaption class=\"wp-element-caption\">APROBADA <\/figcaption><\/figure>\n\n\n\n<p>Memoria activa  , que el PP , VOX  y CIUDADANOS  nunca gobiernen para que estas leyes en favor de la Di\u00e1spora  nunca sean DEROGADAS como as\u00ed reclama el se\u00f1or FEIJ\u00d3O  del PP. <\/p>\n\n\n\n<p>Redacci\u00f3n  de Revista TU VOZ Latinoam\u00e9rica, Argentina.<\/p>\n\n\n\n<p> <\/p>\n\n\n\n<p><\/p>\n","protected":false},"excerpt":{"rendered":"<p>El Senado acaba de aprobar la Ley de Memoria Democr\u00e1tica!!! Se rechazaron todas las enmiendas presentadas, que eran 521. Ahora hay que esperar, la &#8230; <\/p>\n<p class=\"read-more-container\"><a title=\"LEY DE MEMORIA DEMOCR\u00c1TICA \u00a1\u00a1 \u00daLTIMA HORA! \u00a1 APROBADA!\" class=\"read-more button\" href=\"https:\/\/xn--tuvozdiasporaespaola-k7b.com\/page\/2\/ley-de-nemoria-democratica-ultima-hora-aprobada\/#more-309\" aria-label=\"M\u00e1s en LEY DE MEMORIA DEMOCR\u00c1TICA \u00a1\u00a1 \u00daLTIMA HORA! \u00a1 APROBADA!\">Leer m\u00e1s<\/a><\/p>\n","protected":false},"author":222560522,"featured_media":0,"comment_status":"open","ping_status":"open","sticky":false,"template":"","format":"standard","meta":{"footnotes":""},"categories":[1771],"tags":[],"class_list":["post-309","post","type-post","status-publish","format-standard","hentry","category-sociales"],"_links":{"self":[{"href":"https:\/\/xn--tuvozdiasporaespaola-k7b.com\/page\/2\/wp-json\/wp\/v2\/posts\/309","targetHints":{"allow":["GET"]}}],"collection":[{"href":"https:\/\/xn--tuvozdiasporaespaola-k7b.com\/page\/2\/wp-json\/wp\/v2\/posts"}],"about":[{"href":"https:\/\/xn--tuvozdiasporaespaola-k7b.com\/page\/2\/wp-json\/wp\/v2\/types\/post"}],"author":[{"embeddable":true,"href":"https:\/\/xn--tuvozdiasporaespaola-k7b.com\/page\/2\/wp-json\/wp\/v2\/users\/222560522"}],"replies":[{"embeddable":true,"href":"https:\/\/xn--tuvozdiasporaespaola-k7b.com\/page\/2\/wp-json\/wp\/v2\/comments?post=309"}],"version-history":[{"count":0,"href":"https:\/\/xn--tuvozdiasporaespaola-k7b.com\/page\/2\/wp-json\/wp\/v2\/posts\/309\/revisions"}],"wp:attachment":[{"href":"https:\/\/xn--tuvozdiasporaespaola-k7b.com\/page\/2\/wp-json\/wp\/v2\/media?parent=309"}],"wp:term":[{"taxonomy":"category","embeddable":true,"href":"https:\/\/xn--tuvozdiasporaespaola-k7b.com\/page\/2\/wp-json\/wp\/v2\/categories?post=309"},{"taxonomy":"post_tag","embeddable":true,"href":"https:\/\/xn--tuvozdiasporaespaola-k7b.com\/page\/2\/wp-json\/wp\/v2\/tags?post=309"}],"curies":[{"name":"wp","href":"https:\/\/api.w.org\/{rel}","templated":true}]}}