{"id":3089,"date":"2023-07-26T18:37:14","date_gmt":"2023-07-26T21:37:14","guid":{"rendered":"https:\/\/xn--tuvozdiasporaespaola-k7b.com\/?p=3089"},"modified":"2023-07-31T02:38:58","modified_gmt":"2023-07-31T05:38:58","slug":"elecciones-en-espana-consideraciones-desde-en-exterior","status":"publish","type":"post","link":"https:\/\/xn--tuvozdiasporaespaola-k7b.com\/page\/2\/elecciones-en-espana-consideraciones-desde-en-exterior\/","title":{"rendered":"ELECCIONES EN ESPA\u00d1A: CONSIDERACIONES DEsde el exterior"},"content":{"rendered":"\n<p>Luego de conocerse los resultados de las elecciones generales en Espa\u00f1a, Francisco L\u00f3pez analiz\u00f3 la conformaci\u00f3n del nuevo panorama pol\u00edtico junto a colaboradores y referentes de la pol\u00edtica y la comunicaci\u00f3n.<\/p>\n\n\n\n<p>Desde Manchester, David Casarejos, Consejero de la Comisi\u00f3n de Derechos Civiles del Consejo General de la Ciudadan\u00eda Espa\u00f1ola en el Exterior, sostuvo que \u201cse trata de unas elecciones que hace una semana parec\u00eda que ten\u00edan un resultado ya ganado, pero se ha probado que la democracia funciona cuando la gente participa. Mucha gente no se ha quedado en casa, sentada, esperado que saliera el resultado, y ante el miedo por lo que ya se est\u00e1 haciendo en otras comunidades, en un partido de ultraderecha que viene a representar todos los miedos que tenemos en Europa hacia el retroceso en nuestras sociedades, la gente sali\u00f3 a la calle.<\/p>\n\n\n\n<p> Aqu\u00ed en Manchester hemos tenido una participaci\u00f3n electoral de alrededor del 20 por ciento. Y creo que esto para el futuro nos levanta un mont\u00f3n de exigencias que tenemos hacia el gobierno.<\/p>\n\n\n\n<p> La gente que votamos desde el exterior tenemos que tener muchas m\u00e1s urnas electorales, no podemos permitir que en Europa la gente ha votado porque le han llegado las cartas. <\/p>\n\n\n\n<figure class=\"wp-block-gallery has-nested-images columns-default is-cropped wp-block-gallery-1 is-layout-flex wp-block-gallery-is-layout-flex\">\n<figure class=\"wp-block-image size-large\"><img fetchpriority=\"high\" decoding=\"async\" width=\"1024\" height=\"768\" data-id=\"3090\" src=\"https:\/\/xn--tuvozdiasporaespaola-k7b.com\/wp-content\/uploads\/2023\/07\/1000107514-1024x768.jpg\" alt=\"\" class=\"wp-image-3090\" srcset=\"https:\/\/xn--tuvozdiasporaespaola-k7b.com\/wp-content\/uploads\/2023\/07\/1000107514-1024x768.jpg 1024w, https:\/\/xn--tuvozdiasporaespaola-k7b.com\/wp-content\/uploads\/2023\/07\/1000107514-300x225.jpg 300w, https:\/\/xn--tuvozdiasporaespaola-k7b.com\/wp-content\/uploads\/2023\/07\/1000107514-768x576.jpg 768w, https:\/\/xn--tuvozdiasporaespaola-k7b.com\/wp-content\/uploads\/2023\/07\/1000107514-1536x1152.jpg 1536w, https:\/\/xn--tuvozdiasporaespaola-k7b.com\/wp-content\/uploads\/2023\/07\/1000107514.jpg 1960w\" sizes=\"(max-width: 1024px) 100vw, 1024px\" \/><\/figure>\n<\/figure>\n\n\n\n<p>En Am\u00e9rica mucha gente se ha quedado sin votar porque viven muy lejos de la capital y del lugar donde est\u00e1 su consulado general. Y mucha gente no ha votado porque no ten\u00eda acceso a las papeletas electorales. Tenemos elecciones en los pr\u00f3ximos a\u00f1os y tenemos que estar preparados y exigirlo. Hay pa\u00edses en los que no hemos tenido a ning\u00fan partido pol\u00edtico presentando su trabajo. Esto nos parece clave y creemos que tenemos derecho a saber qu\u00e9 est\u00e1n presentando los partidos pol\u00edticos para aquellos que vivimos en el exterior. Esto le tiene que quedar claro a la gente antes de votar, porque mucha gente va a estar votando desde la ignorancia. <\/p>\n\n\n\n<p>C\u00f3mo podemos hacer para que la gente que hoy no ha votado a pesar de saber que hay partidos pol\u00edticos que van a estar luchando contra sus intereses, tenemos que analizar por qu\u00e9 no est\u00e1n votando y por qu\u00e9 no participan de unas elecciones hist\u00f3ricas como las que hemos tenido. <\/p>\n\n\n\n<p>Tenemos mucho trabajo que hacer; desde ma\u00f1ana tenemos que empezar a analizar cu\u00e1les son las nuevas formas en las que tenemos que trabajar para lograr tener resultados y llegar a los treinta por ciento de participaci\u00f3n y superarlo. Si la gente supiera lo que nos jugamos en nuestro pa\u00eds y c\u00f3mo impacta en sus vidas participar\u00edan bastante m\u00e1s. <\/p>\n\n\n\n<p>Como presidente de esta comisi\u00f3n voy a solicitar ciertos pactos de estados porque ya no se pueden re\u00edr m\u00e1s de nosotros los partidos pol\u00edticos cuando hacen promesas electorales que son exactamente iguales, como se ha hecho por parte del Partido Popular y del PSOE en cuanto a la Ley de Nacionalidad. Voy a solicitar la posibilidad de ir al Congreso de los Diputados a presentar la propuesta que tenemos de reforma del C\u00f3digo Civil en materia de nacionalidad y la opci\u00f3n de que se tengan en cuenta estos cambios o sentarnos con el Foro de Inmigraci\u00f3n para ponernos a trabajar en una ley de nacionalidad que tiene que estar disponible antes de que acabe el tercer a\u00f1o de la Ley de Memoria Democr\u00e1tica. Vamos a esperar que siga un gobierno progresista. Creo que nos jugamos demasiado como para estar contentos con los resultados que hemos tenido.<\/p>\n\n\n\n<p> Por su parte, Lorena Su\u00e1rez, Secretaria General del Partido Socialista Obrero Espa\u00f1ol en Argentina, dijo que \u201chicimos un trabajo muy fuerte para remontar este resultado. Ya ten\u00edan todo el banquete preparado para festejar algo que nunca hab\u00eda sucedido o que solo hab\u00eda sucedido en su imaginaci\u00f3n y en lo que fueron los discursos de odio y en las encuestas armadas a la medida del PP y de VOX. Siempre estuvimos esperanzados en que esto no iba a suceder, que no iban a lograr la mayor\u00eda absoluta que pretend\u00edan en esta elecci\u00f3n. <\/p>\n\n\n\n<figure class=\"wp-block-gallery has-nested-images columns-default is-cropped wp-block-gallery-2 is-layout-flex wp-block-gallery-is-layout-flex\">\n<figure class=\"wp-block-image size-large\"><img decoding=\"async\" width=\"1024\" height=\"768\" data-id=\"3091\" src=\"https:\/\/xn--tuvozdiasporaespaola-k7b.com\/wp-content\/uploads\/2023\/07\/1000120405-1024x768.jpg\" alt=\"\" class=\"wp-image-3091\" srcset=\"https:\/\/xn--tuvozdiasporaespaola-k7b.com\/wp-content\/uploads\/2023\/07\/1000120405-1024x768.jpg 1024w, https:\/\/xn--tuvozdiasporaespaola-k7b.com\/wp-content\/uploads\/2023\/07\/1000120405-300x225.jpg 300w, https:\/\/xn--tuvozdiasporaespaola-k7b.com\/wp-content\/uploads\/2023\/07\/1000120405-768x576.jpg 768w, https:\/\/xn--tuvozdiasporaespaola-k7b.com\/wp-content\/uploads\/2023\/07\/1000120405-1536x1152.jpg 1536w, https:\/\/xn--tuvozdiasporaespaola-k7b.com\/wp-content\/uploads\/2023\/07\/1000120405.jpg 1600w\" sizes=\"(max-width: 1024px) 100vw, 1024px\" \/><\/figure>\n<\/figure>\n\n\n\n<p>Fue dif\u00edcil, un mes muy intenso de militancia, y ahora lo que se viene est\u00e1 a la vista, no va a poder formarse una mayor\u00eda absoluta de ning\u00fan gobierno, as\u00ed que habr\u00e1 que ver qui\u00e9n es el que est\u00e1 a la altura para conformar esa alianza de gobierno con las dem\u00e1s fuerzas.<\/p>\n\n\n\n<p> Y creo que desde el PSOE, junto con SUMAR y en su momento con Podemos hemos dado m\u00e1s que muestras suficientes para demostrar que somos partidos modernos, de alianzas, de frentes, de di\u00e1logo, de consenso, que es lo que necesita Espa\u00f1a, Europa y el mundo.<\/p>\n\n\n\n<p> No necesitamos fundamentalismos ni estos discursos extremos sino una Espa\u00f1a abierta hacia adelante, democr\u00e1tica y con m\u00e1s derechos y con m\u00e1s estado de bienestar. Hay muchos desaf\u00edos por delante. Desde el exterior tenemos que seguir consolidando los derechos logrados y seguir trabajando para los beneficios y las ayudas de los espa\u00f1oles en el exterior. Y el desaf\u00edo de poder convocar a la vida pol\u00edtica de Espa\u00f1a a los m\u00e1s de trescientos mil espa\u00f1oles y espa\u00f1olas que est\u00e1n en condiciones de poder acceder a la nacionalidad a partir de la Ley de Memoria Democr\u00e1tica\u201d.<\/p>\n\n\n\n<p> M\u00f3nica Cortizas, Referente de C\u00edrculos de Podemos  Argentina, manifest\u00f3 que \u201cestamos muy tristes por haber perdido el tercer lugar. Quer\u00edamos ser la tercer posici\u00f3n, estar por encima de VOX, no lo hemos logrado pero de todos modos, el hecho de que S\u00e1nchez pueda hacer gobierno y que el progresismo contin\u00fae gobernando Espa\u00f1a nos pone alertas y contentos porque vamos a evitar el retroceso de los derechos que hab\u00edamos alcanzado en los \u00faltimos cuatro a\u00f1os a trav\u00e9s del gobierno de coalici\u00f3n\u201d.<\/p>\n\n\n\n<figure class=\"wp-block-gallery has-nested-images columns-default is-cropped wp-block-gallery-3 is-layout-flex wp-block-gallery-is-layout-flex\">\n<figure class=\"wp-block-image size-large\"><img decoding=\"async\" width=\"1024\" height=\"582\" data-id=\"3092\" src=\"https:\/\/xn--tuvozdiasporaespaola-k7b.com\/wp-content\/uploads\/2023\/07\/1000128893-1024x582.jpg\" alt=\"\" class=\"wp-image-3092\" srcset=\"https:\/\/xn--tuvozdiasporaespaola-k7b.com\/wp-content\/uploads\/2023\/07\/1000128893-1024x582.jpg 1024w, https:\/\/xn--tuvozdiasporaespaola-k7b.com\/wp-content\/uploads\/2023\/07\/1000128893-300x171.jpg 300w, https:\/\/xn--tuvozdiasporaespaola-k7b.com\/wp-content\/uploads\/2023\/07\/1000128893-768x437.jpg 768w, https:\/\/xn--tuvozdiasporaespaola-k7b.com\/wp-content\/uploads\/2023\/07\/1000128893-1536x874.jpg 1536w, https:\/\/xn--tuvozdiasporaespaola-k7b.com\/wp-content\/uploads\/2023\/07\/1000128893.jpg 1600w\" sizes=\"(max-width: 1024px) 100vw, 1024px\" \/><\/figure>\n<\/figure>\n\n\n\n<p>Alex Flores, Coordinador del Circulo de Podemos de Ecuador-Per\u00fa y responsable de la Plataforma Va por Ti Ecuador, asegur\u00f3 que \u201cEstamos contentos con los resultados en Espa\u00f1a, aun cuando el margen es muy apretado. Confiamos en que se consolide la continuidad del gobierno de coalici\u00f3n progresista de izquierda en la pr\u00f3xima legislatura. <\/p>\n\n\n\n<p>Todo hace prever que s\u00ed, sobre todo con el voto de la di\u00e1spora espa\u00f1ola, de esos m\u00e1s de trescientos mil votos que decidir\u00e1n definitivamente esa continuidad. Ha sido un batacazo de la izquierda en Espa\u00f1a, con todos los augurios de la derecha y la ultraderecha fascista del PP y VOX que no han logrado lo que todas las encuestas y todos los medios de desinformaci\u00f3n masiva dec\u00edan que iban a arrasar en estas elecciones.<\/p>\n\n\n\n<figure class=\"wp-block-gallery has-nested-images columns-default is-cropped wp-block-gallery-4 is-layout-flex wp-block-gallery-is-layout-flex\">\n<figure class=\"wp-block-image size-large\"><img loading=\"lazy\" decoding=\"async\" width=\"793\" height=\"443\" data-id=\"3093\" src=\"https:\/\/xn--tuvozdiasporaespaola-k7b.com\/wp-content\/uploads\/2023\/07\/1000130380.jpg\" alt=\"\" class=\"wp-image-3093\" srcset=\"https:\/\/xn--tuvozdiasporaespaola-k7b.com\/wp-content\/uploads\/2023\/07\/1000130380.jpg 793w, https:\/\/xn--tuvozdiasporaespaola-k7b.com\/wp-content\/uploads\/2023\/07\/1000130380-300x168.jpg 300w, https:\/\/xn--tuvozdiasporaespaola-k7b.com\/wp-content\/uploads\/2023\/07\/1000130380-768x429.jpg 768w\" sizes=\"(max-width: 793px) 100vw, 793px\" \/><\/figure>\n<\/figure>\n\n\n\n<p> Ha sido una estrategia de Pedro S\u00e1nchez muy buena al adelantar las elecciones y no darle margen a la derecha y a la ultraderecha para que se arme. En tiempo r\u00e9cord reconfigur\u00f3 a la izquierda, donde la coalici\u00f3n SUMAR ha tenido el respaldo por parte de Podemos incondicional. <\/p>\n\n\n\n<p>La estructura del partido de Podemos es una pieza clave en todo este triunfo de la izquierda. Para nosotros es muy gratificante que el esfuerzo que se ha hecho se ha cristalizado , ha tenido esa incidencia en una situaci\u00f3n en la que espero que se vea desde Madrid la importancia del voto de la di\u00e1spora que puede poner presidentes o presidentas,. Y en eso vamos a seguir trabajando<\/p>\n\n\n\n<p>Walter Medina , Revista TU VOZ, Argentina <\/p>\n","protected":false},"excerpt":{"rendered":"<p>Luego de conocerse los resultados de las elecciones generales en Espa\u00f1a, Francisco L\u00f3pez analiz\u00f3 la conformaci\u00f3n del nuevo panorama pol\u00edtico junto a colaboradores y &#8230; <\/p>\n<p class=\"read-more-container\"><a title=\"ELECCIONES EN ESPA\u00d1A: CONSIDERACIONES DEsde el exterior\" class=\"read-more button\" href=\"https:\/\/xn--tuvozdiasporaespaola-k7b.com\/page\/2\/elecciones-en-espana-consideraciones-desde-en-exterior\/#more-3089\" aria-label=\"M\u00e1s en ELECCIONES EN ESPA\u00d1A: CONSIDERACIONES DEsde el exterior\">Leer m\u00e1s<\/a><\/p>\n","protected":false},"author":222560522,"featured_media":3096,"comment_status":"open","ping_status":"open","sticky":false,"template":"","format":"standard","meta":{"footnotes":""},"categories":[121853],"tags":[],"class_list":["post-3089","post","type-post","status-publish","format-standard","has-post-thumbnail","hentry","category-elecciones","resize-featured-image"],"_links":{"self":[{"href":"https:\/\/xn--tuvozdiasporaespaola-k7b.com\/page\/2\/wp-json\/wp\/v2\/posts\/3089","targetHints":{"allow":["GET"]}}],"collection":[{"href":"https:\/\/xn--tuvozdiasporaespaola-k7b.com\/page\/2\/wp-json\/wp\/v2\/posts"}],"about":[{"href":"https:\/\/xn--tuvozdiasporaespaola-k7b.com\/page\/2\/wp-json\/wp\/v2\/types\/post"}],"author":[{"embeddable":true,"href":"https:\/\/xn--tuvozdiasporaespaola-k7b.com\/page\/2\/wp-json\/wp\/v2\/users\/222560522"}],"replies":[{"embeddable":true,"href":"https:\/\/xn--tuvozdiasporaespaola-k7b.com\/page\/2\/wp-json\/wp\/v2\/comments?post=3089"}],"version-history":[{"count":2,"href":"https:\/\/xn--tuvozdiasporaespaola-k7b.com\/page\/2\/wp-json\/wp\/v2\/posts\/3089\/revisions"}],"predecessor-version":[{"id":3097,"href":"https:\/\/xn--tuvozdiasporaespaola-k7b.com\/page\/2\/wp-json\/wp\/v2\/posts\/3089\/revisions\/3097"}],"wp:featuredmedia":[{"embeddable":true,"href":"https:\/\/xn--tuvozdiasporaespaola-k7b.com\/page\/2\/wp-json\/wp\/v2\/media\/3096"}],"wp:attachment":[{"href":"https:\/\/xn--tuvozdiasporaespaola-k7b.com\/page\/2\/wp-json\/wp\/v2\/media?parent=3089"}],"wp:term":[{"taxonomy":"category","embeddable":true,"href":"https:\/\/xn--tuvozdiasporaespaola-k7b.com\/page\/2\/wp-json\/wp\/v2\/categories?post=3089"},{"taxonomy":"post_tag","embeddable":true,"href":"https:\/\/xn--tuvozdiasporaespaola-k7b.com\/page\/2\/wp-json\/wp\/v2\/tags?post=3089"}],"curies":[{"name":"wp","href":"https:\/\/api.w.org\/{rel}","templated":true}]}}