{"id":3078,"date":"2023-07-27T12:02:32","date_gmt":"2023-07-27T15:02:32","guid":{"rendered":"https:\/\/xn--tuvozdiasporaespaola-k7b.com\/?p=3078"},"modified":"2023-07-27T12:02:33","modified_gmt":"2023-07-27T15:02:33","slug":"una-placa-por-la-memoria-la-verdad-y-la-justicia","status":"publish","type":"post","link":"https:\/\/xn--tuvozdiasporaespaola-k7b.com\/page\/2\/una-placa-por-la-memoria-la-verdad-y-la-justicia\/","title":{"rendered":"UNA PLACA POR LA MEMORIA, LA VERDAD Y LA JUSTICIA"},"content":{"rendered":"\n<p>Por Walter C. Medina<\/p>\n\n\n\n<p>Durante un acto celebrado en la ex Escuela de Mec\u00e1nica de la Armada, en el que se inaugur\u00f3 una placa conmemorativa que recuerda a las v\u00edctimas espa\u00f1olas del franquismo, Francisco L\u00f3pez entrevist\u00f3 a los referentes de organismos de Derechos Humanos que coincidieron en la importancia de reivindicar la Memoria, la Verdad y la Justicia, as\u00ed como tambi\u00e9n la necesidad de homenajear a los republicanos y republicanas que lucharon contra el fascismo.<\/p>\n\n\n\n<figure class=\"wp-block-gallery has-nested-images columns-default is-cropped wp-block-gallery-1 is-layout-flex wp-block-gallery-is-layout-flex\">\n<figure class=\"wp-block-image size-large\"><img fetchpriority=\"high\" decoding=\"async\" width=\"1024\" height=\"1024\" data-id=\"3079\" src=\"https:\/\/xn--tuvozdiasporaespaola-k7b.com\/wp-content\/uploads\/2023\/07\/1000129397-1024x1024.webp\" alt=\"\" class=\"wp-image-3079\" srcset=\"https:\/\/xn--tuvozdiasporaespaola-k7b.com\/wp-content\/uploads\/2023\/07\/1000129397-1024x1024.webp 1024w, https:\/\/xn--tuvozdiasporaespaola-k7b.com\/wp-content\/uploads\/2023\/07\/1000129397-300x300.webp 300w, https:\/\/xn--tuvozdiasporaespaola-k7b.com\/wp-content\/uploads\/2023\/07\/1000129397-150x150.webp 150w, https:\/\/xn--tuvozdiasporaespaola-k7b.com\/wp-content\/uploads\/2023\/07\/1000129397-768x768.webp 768w, https:\/\/xn--tuvozdiasporaespaola-k7b.com\/wp-content\/uploads\/2023\/07\/1000129397.webp 1080w\" sizes=\"(max-width: 1024px) 100vw, 1024px\" \/><\/figure>\n<\/figure>\n\n\n\n<p>  El Secretario de Derechos Humanos del gobierno argentino, Horacio Pietragalla, sostuvo que \u201cEn un espacio como la ex Esma, que representa los delitos m\u00e1s aberrantes que pudo cometer una dictadura militar, un gobierno fascista, como fue esa dictadura, es muy importante. Venimos trabajando con el archivo y la memoria, y poder colocar esta placa en reconocimiento de esas v\u00edctimas para nosotros es una obligaci\u00f3n.<\/p>\n\n\n\n<p> Creo que tenemos que seguir trabajando en fortalecer que el gobierno espa\u00f1ol tambi\u00e9n pueda tomar algunas pol\u00edticas que llev\u00f3 adelante Argentina. M\u00e1s all\u00e1 de que hubo un avance muy grande en todo lo que fue la Ley de Memoria Hist\u00f3rica, hay mucho m\u00e1s para hacer. Y con buena voluntad esperamos, y humildemente, poder colaborar con nuestra experiencia para que haya justicia tambi\u00e9n en Espa\u00f1a.<\/p>\n\n\n\n<p> Sabemos que hay muchas personas que ya no est\u00e1n vivas, responsables de lo que signific\u00f3 aquello. Hace poco llevamos adelante un juicio por la verdad por una masacre ind\u00edgena que hubo en 1915, y hubo una condena hacia el estado y una responsabilidad; y creo que eso es importante para las v\u00edctimas. Esperemos que podamos aportar en la construcci\u00f3n de esa Memoria, Verdad y Justicia tambi\u00e9n es Espa\u00f1a\u201d. <\/p>\n\n\n\n<p>As\u00ed mismo, Pietragalla agradeci\u00f3 a las Madres y Abuelas de Plaza de Mayo, porque \u201cGracias a ellas pudimos desenterrar a un mont\u00f3n de compa\u00f1eros y compa\u00f1eras que la dictadura hab\u00eda querido ocultar.<\/p>\n\n\n\n<p>Adriana Fern\u00e1ndez, Responsable de la RMH Argentina, se refiri\u00f3 al significado que tiene la colocaci\u00f3n de esta placa que conmemora a los desaparecidos de la dictadura franquista. \u201cEs un proyecto que ten\u00eda bastante tiempo y por fin se pudo concretar. La placa es visibilizar una causa que a veces no es tan difundida. Hay todav\u00eda miles de republicanos y republicanas en las cunetas, y esas historias tienen que ser contadas, rescatadas del olvido.<\/p>\n\n\n\n<figure class=\"wp-block-gallery has-nested-images columns-default is-cropped wp-block-gallery-2 is-layout-flex wp-block-gallery-is-layout-flex\">\n<figure class=\"wp-block-image size-large\"><img decoding=\"async\" width=\"1024\" height=\"582\" data-id=\"3084\" src=\"https:\/\/xn--tuvozdiasporaespaola-k7b.com\/wp-content\/uploads\/2023\/07\/1000129316-1024x582.jpg\" alt=\"\" class=\"wp-image-3084\" srcset=\"https:\/\/xn--tuvozdiasporaespaola-k7b.com\/wp-content\/uploads\/2023\/07\/1000129316-1024x582.jpg 1024w, https:\/\/xn--tuvozdiasporaespaola-k7b.com\/wp-content\/uploads\/2023\/07\/1000129316-300x171.jpg 300w, https:\/\/xn--tuvozdiasporaespaola-k7b.com\/wp-content\/uploads\/2023\/07\/1000129316-768x437.jpg 768w, https:\/\/xn--tuvozdiasporaespaola-k7b.com\/wp-content\/uploads\/2023\/07\/1000129316-1536x874.jpg 1536w, https:\/\/xn--tuvozdiasporaespaola-k7b.com\/wp-content\/uploads\/2023\/07\/1000129316-2048x1165.jpg 2048w\" sizes=\"(max-width: 1024px) 100vw, 1024px\" \/><\/figure>\n<\/figure>\n\n\n\n<p> La placa es una forma de rendirles homenaje. Y m\u00e1s en la ex Esma, un ex centro clandestino emblem\u00e1tico de la dictadura argentina. Es todo un s\u00edmbolo y creo que se lo merecen, porque en este momento somos la voz de los que ya no est\u00e1n porque les arrancaron la vida. Hace m\u00e1s de un a\u00f1o que tenemos un convenio con la Secretar\u00eda de Derechos Humanos y este era uno de los proyectos que ten\u00edamos en conjunto.<\/p>\n\n\n\n<p> Tambi\u00e9n tenemos la idea de hacer un archivo con las historias de represaliados, que sea un lugar de investigaci\u00f3n, de consulta, y que los familiares sepan que ah\u00ed, los nombres de sus seres queridos no se van a borrar de la historia\u201d.<\/p>\n\n\n\n<p>Carlos L\u00f3pez, Consejero Pol\u00edtico de la Embajada de Espa\u00f1a en Buenos Aires, por su parte, sostuvo que \u201cEs una emoci\u00f3n muy bonita, en lo personal, mi bisabuelo fue v\u00edctima del franquismo. La embajada est\u00e1 muy agradecida a toda la sociedad civil y a todas las ONGs y entidades de Derechos Humanos que est\u00e1n empujando para que haya un reconocimiento a todas esas v\u00edctimas del franquismo. Estamos muy contentos y trabajando codo con codo con  la Secretar\u00eda de Derechos Humanos porque estamos por publicar la primera lista de desaparecidos espa\u00f1oles y creemos que es un hecho hist\u00f3rico y lo hemos conseguido gracias al trabajo conjunto con la sociedad en general, de la Comisi\u00f3n Espa\u00f1ola de Desaparecidos y de muchas organizaciones que pelean d\u00eda a d\u00eda\u201d<\/p>\n\n\n\n<figure class=\"wp-block-gallery has-nested-images columns-default is-cropped wp-block-gallery-3 is-layout-flex wp-block-gallery-is-layout-flex\">\n<figure class=\"wp-block-image size-large\"><img decoding=\"async\" width=\"700\" height=\"400\" data-id=\"3081\" src=\"https:\/\/xn--tuvozdiasporaespaola-k7b.com\/wp-content\/uploads\/2023\/07\/1000130324.jpg\" alt=\"\" class=\"wp-image-3081\" srcset=\"https:\/\/xn--tuvozdiasporaespaola-k7b.com\/wp-content\/uploads\/2023\/07\/1000130324.jpg 700w, https:\/\/xn--tuvozdiasporaespaola-k7b.com\/wp-content\/uploads\/2023\/07\/1000130324-300x171.jpg 300w\" sizes=\"(max-width: 700px) 100vw, 700px\" \/><figcaption class=\"wp-element-caption\">Carlos Lopez , tercero por la derecha.<\/figcaption><\/figure>\n<\/figure>\n\n\n\n<p>Josep Vives, Delegado del Gobierno Catal\u00e1n en Argentina, habl\u00f3 de la emoci\u00f3n que significa la inauguraci\u00f3n de la placa que recuerda a los espa\u00f1oles desaparecidos durante el franquismo. \u201cLa placa es un s\u00edmbolo de todo lo que hay detr\u00e1s. Hay mucho sufrimiento de tanta gente que todav\u00eda hoy est\u00e1 esperando a ese familiar que desapareci\u00f3 hace much\u00edsimo tiempo. Son m\u00e1s de cien mil personas desaparecidas en el conjunto del estado espa\u00f1ol. Aqu\u00ed est\u00e1 el compromiso de tanta gente, nietos, bisnietos, hijos, hijas, que han decidido que no les van a olvidar, que reivindican su historia, su desaparici\u00f3n y lo que hubo detr\u00e1s de eso, el r\u00e9gimen de terror, fascista, de violaci\u00f3n de los derechos humanos durante pr\u00e1cticamente cuarenta a\u00f1os en Espa\u00f1a. <\/p>\n\n\n\n<p>Por lo tanto, que esto haya sucedido aqu\u00ed, justamente en un lugar tan simb\u00f3lico como lo es la ex Esma, yo creo que es extraordinariamente importante. Tenemos un sentimiento de una profunda gratitud hacia la Argentina en general, hacia la Asociaci\u00f3n de la Memoria Hist\u00f3rica, pero en particular para el conjunto de la sociedad argentina porque es un ejemplo de lucha y de coraje por la justicia, por la memoria y por la libertad\u201d<\/p>\n\n\n\n<figure class=\"wp-block-gallery has-nested-images columns-default is-cropped wp-block-gallery-4 is-layout-flex wp-block-gallery-is-layout-flex\">\n<figure class=\"wp-block-image size-large\"><img loading=\"lazy\" decoding=\"async\" width=\"284\" height=\"380\" data-id=\"3080\" src=\"https:\/\/xn--tuvozdiasporaespaola-k7b.com\/wp-content\/uploads\/2023\/07\/1000130323.jpg\" alt=\"\" class=\"wp-image-3080\" srcset=\"https:\/\/xn--tuvozdiasporaespaola-k7b.com\/wp-content\/uploads\/2023\/07\/1000130323.jpg 284w, https:\/\/xn--tuvozdiasporaespaola-k7b.com\/wp-content\/uploads\/2023\/07\/1000130323-224x300.jpg 224w\" sizes=\"(max-width: 284px) 100vw, 284px\" \/><\/figure>\n<\/figure>\n\n\n\n<p>Hugo Castro Fau, representante del \u00c1rea de Cultura de Podemos Argentina, tambi\u00e9n presente en el acto de colocaci\u00f3n de la placa conmemorativa, dijo que \u201cTodos los descendientes de la di\u00e1spora espa\u00f1ola siempre tenemos alg\u00fan familiar que ha combatido al franquismo y ha sido o represaliado o torturado y creo que estos actos en los que nos encontramos y nos acompa\u00f1amos son actos de memoria, porque solamente la memoria, la verdad y la justicia es lo que impide que las cosas se repitan y que cada vez podamos tener espacios de vida m\u00e1s justos, m\u00e1s democr\u00e1ticos; m\u00e1s en estos tiempos, en lo que la derecha fascista est\u00e1 tratando de volver al gobierno en Espa\u00f1a. <\/p>\n\n\n\n<figure class=\"wp-block-gallery has-nested-images columns-default is-cropped wp-block-gallery-5 is-layout-flex wp-block-gallery-is-layout-flex\">\n<figure class=\"wp-block-image size-large\"><img loading=\"lazy\" decoding=\"async\" width=\"1024\" height=\"732\" data-id=\"3085\" src=\"https:\/\/xn--tuvozdiasporaespaola-k7b.com\/wp-content\/uploads\/2023\/07\/20230721_181337-1024x732.jpg\" alt=\"\" class=\"wp-image-3085\" srcset=\"https:\/\/xn--tuvozdiasporaespaola-k7b.com\/wp-content\/uploads\/2023\/07\/20230721_181337-1024x732.jpg 1024w, https:\/\/xn--tuvozdiasporaespaola-k7b.com\/wp-content\/uploads\/2023\/07\/20230721_181337-300x214.jpg 300w, https:\/\/xn--tuvozdiasporaespaola-k7b.com\/wp-content\/uploads\/2023\/07\/20230721_181337-768x549.jpg 768w, https:\/\/xn--tuvozdiasporaespaola-k7b.com\/wp-content\/uploads\/2023\/07\/20230721_181337-1536x1098.jpg 1536w, https:\/\/xn--tuvozdiasporaespaola-k7b.com\/wp-content\/uploads\/2023\/07\/20230721_181337-2048x1463.jpg 2048w\" sizes=\"(max-width: 1024px) 100vw, 1024px\" \/><\/figure>\n<\/figure>\n\n\n\n<p>Tambi\u00e9n aqu\u00ed en Argentina tenemos un suced\u00e1neo de esa derecha que lo \u00fanico que quiere es quitarnos derechos y libertades. Por eso siempre que nos podemos encontrar en espacios de memoria, verdad y justicia no solamente recordamos a nuestros abuelos, sino que tambi\u00e9n luchamos tanto en Espa\u00f1a como en  Argentina por sociedades m\u00e1s justas, m\u00e1s libres, m\u00e1s democr\u00e1ticas y con m\u00e1s derechos\u201d. <\/p>\n\n\n\n<p>Por \u00faltimo, Tati Almeida, referente de Madres de Plaza de Mayo, expres\u00f3<\/p>\n\n\n\n<figure class=\"wp-block-gallery has-nested-images columns-default is-cropped wp-block-gallery-6 is-layout-flex wp-block-gallery-is-layout-flex\">\n<figure class=\"wp-block-image size-large\"><img loading=\"lazy\" decoding=\"async\" width=\"420\" height=\"474\" data-id=\"3087\" src=\"https:\/\/xn--tuvozdiasporaespaola-k7b.com\/wp-content\/uploads\/2023\/07\/1000131664.jpg\" alt=\"\" class=\"wp-image-3087\" srcset=\"https:\/\/xn--tuvozdiasporaespaola-k7b.com\/wp-content\/uploads\/2023\/07\/1000131664.jpg 420w, https:\/\/xn--tuvozdiasporaespaola-k7b.com\/wp-content\/uploads\/2023\/07\/1000131664-266x300.jpg 266w\" sizes=\"(max-width: 420px) 100vw, 420px\" \/><\/figure>\n<\/figure>\n\n\n\n<p> \u201cYo considero que es un d\u00eda hist\u00f3rico porque ahora hay una placa a donde venir a rendir homenaje a nuestros queridos hermanos, v\u00edctimas del genocida Franco. Esto en muy importante, pero vamos por m\u00e1s; vamos a ver si logramos una plaza donde pueda haber una escultura, y ah\u00ed rendirle homenaje a todos ellos. Pero es muy importante porque siempre hay que recordarlos, hay que seguir luchando por la memoria, por la verdad y por la justicia, legal; nunca por mano propia\u201d<\/p>\n","protected":false},"excerpt":{"rendered":"<p>Por Walter C. Medina Durante un acto celebrado en la ex Escuela de Mec\u00e1nica de la Armada, en el que se inaugur\u00f3 una placa &#8230; <\/p>\n<p class=\"read-more-container\"><a title=\"UNA PLACA POR LA MEMORIA, LA VERDAD Y LA JUSTICIA\" class=\"read-more button\" href=\"https:\/\/xn--tuvozdiasporaespaola-k7b.com\/page\/2\/una-placa-por-la-memoria-la-verdad-y-la-justicia\/#more-3078\" aria-label=\"M\u00e1s en UNA PLACA POR LA MEMORIA, LA VERDAD Y LA JUSTICIA\">Leer m\u00e1s<\/a><\/p>\n","protected":false},"author":222560522,"featured_media":3086,"comment_status":"open","ping_status":"open","sticky":false,"template":"","format":"standard","meta":{"footnotes":""},"categories":[121850],"tags":[],"class_list":["post-3078","post","type-post","status-publish","format-standard","has-post-thumbnail","hentry","category-politica","resize-featured-image"],"_links":{"self":[{"href":"https:\/\/xn--tuvozdiasporaespaola-k7b.com\/page\/2\/wp-json\/wp\/v2\/posts\/3078","targetHints":{"allow":["GET"]}}],"collection":[{"href":"https:\/\/xn--tuvozdiasporaespaola-k7b.com\/page\/2\/wp-json\/wp\/v2\/posts"}],"about":[{"href":"https:\/\/xn--tuvozdiasporaespaola-k7b.com\/page\/2\/wp-json\/wp\/v2\/types\/post"}],"author":[{"embeddable":true,"href":"https:\/\/xn--tuvozdiasporaespaola-k7b.com\/page\/2\/wp-json\/wp\/v2\/users\/222560522"}],"replies":[{"embeddable":true,"href":"https:\/\/xn--tuvozdiasporaespaola-k7b.com\/page\/2\/wp-json\/wp\/v2\/comments?post=3078"}],"version-history":[{"count":1,"href":"https:\/\/xn--tuvozdiasporaespaola-k7b.com\/page\/2\/wp-json\/wp\/v2\/posts\/3078\/revisions"}],"predecessor-version":[{"id":3088,"href":"https:\/\/xn--tuvozdiasporaespaola-k7b.com\/page\/2\/wp-json\/wp\/v2\/posts\/3078\/revisions\/3088"}],"wp:featuredmedia":[{"embeddable":true,"href":"https:\/\/xn--tuvozdiasporaespaola-k7b.com\/page\/2\/wp-json\/wp\/v2\/media\/3086"}],"wp:attachment":[{"href":"https:\/\/xn--tuvozdiasporaespaola-k7b.com\/page\/2\/wp-json\/wp\/v2\/media?parent=3078"}],"wp:term":[{"taxonomy":"category","embeddable":true,"href":"https:\/\/xn--tuvozdiasporaespaola-k7b.com\/page\/2\/wp-json\/wp\/v2\/categories?post=3078"},{"taxonomy":"post_tag","embeddable":true,"href":"https:\/\/xn--tuvozdiasporaespaola-k7b.com\/page\/2\/wp-json\/wp\/v2\/tags?post=3078"}],"curies":[{"name":"wp","href":"https:\/\/api.w.org\/{rel}","templated":true}]}}