{"id":3067,"date":"2023-07-25T21:03:54","date_gmt":"2023-07-26T00:03:54","guid":{"rendered":"https:\/\/xn--tuvozdiasporaespaola-k7b.com\/?p=3067"},"modified":"2023-07-31T02:39:21","modified_gmt":"2023-07-31T05:39:21","slug":"yolanda-diaz-y-su-estrategia-no-ha-funcionado-electoralmente","status":"publish","type":"post","link":"https:\/\/xn--tuvozdiasporaespaola-k7b.com\/page\/2\/yolanda-diaz-y-su-estrategia-no-ha-funcionado-electoralmente\/","title":{"rendered":"\u00bfYolanda D\u00edaz y su\u00a0 estrategia no ha funcionado electoralmente?"},"content":{"rendered":"\n<p>Terminaro las elecciones  y  es hora de hacer balance:<\/p>\n\n\n\n<p>Un Partido Popular desdibujado, con un pre\u00e1mbulo de luchas internas con AYUSO encabezando la cruzada para radicalizar mas al Partido Popular y sustituir a un FEIJ\u00d3O  mentiroso y amigo de los Narcos.<\/p>\n\n\n\n<figure class=\"wp-block-gallery has-nested-images columns-default is-cropped wp-block-gallery-1 is-layout-flex wp-block-gallery-is-layout-flex\">\n<figure class=\"wp-block-image size-large\"><img fetchpriority=\"high\" decoding=\"async\" width=\"768\" height=\"466\" data-id=\"3069\" src=\"https:\/\/xn--tuvozdiasporaespaola-k7b.com\/wp-content\/uploads\/2023\/07\/1000131529.jpg\" alt=\"\" class=\"wp-image-3069\" srcset=\"https:\/\/xn--tuvozdiasporaespaola-k7b.com\/wp-content\/uploads\/2023\/07\/1000131529.jpg 768w, https:\/\/xn--tuvozdiasporaespaola-k7b.com\/wp-content\/uploads\/2023\/07\/1000131529-300x182.jpg 300w\" sizes=\"(max-width: 768px) 100vw, 768px\" \/><\/figure>\n<\/figure>\n\n\n\n<p>Un Pedro Sanchez que vuelve a sorprender, reinventando y aprovechando el tir\u00f3n de Rodr\u00edguez Zapatero y su acercamiento a Irene Montero  y el feminismo reclamando la Izquierda y haciendo un gui\u00f1o a los desencantados de Podemos por la actitud de Yolanda D\u00edaz de Veto.<\/p>\n\n\n\n<figure class=\"wp-block-gallery has-nested-images columns-default is-cropped wp-block-gallery-2 is-layout-flex wp-block-gallery-is-layout-flex\">\n<figure class=\"wp-block-image size-large\"><img decoding=\"async\" width=\"1024\" height=\"995\" data-id=\"3070\" src=\"https:\/\/xn--tuvozdiasporaespaola-k7b.com\/wp-content\/uploads\/2023\/07\/1000130947-1024x995.jpg\" alt=\"\" class=\"wp-image-3070\" srcset=\"https:\/\/xn--tuvozdiasporaespaola-k7b.com\/wp-content\/uploads\/2023\/07\/1000130947-1024x995.jpg 1024w, https:\/\/xn--tuvozdiasporaespaola-k7b.com\/wp-content\/uploads\/2023\/07\/1000130947-300x291.jpg 300w, https:\/\/xn--tuvozdiasporaespaola-k7b.com\/wp-content\/uploads\/2023\/07\/1000130947-768x746.jpg 768w, https:\/\/xn--tuvozdiasporaespaola-k7b.com\/wp-content\/uploads\/2023\/07\/1000130947-1536x1492.jpg 1536w, https:\/\/xn--tuvozdiasporaespaola-k7b.com\/wp-content\/uploads\/2023\/07\/1000130947.jpg 1600w\" sizes=\"(max-width: 1024px) 100vw, 1024px\" \/><\/figure>\n<\/figure>\n\n\n\n<p>Santiago Abascal  y VOX incr\u00e9dulos de ver que todo se esfuma, tal vez la \u00faltima oportunidad para poder llegar al gobierno junto a sus amigos fascistas del PP, pidiendo ya elecciones anticipadas en una huida hacia adelante. <\/p>\n\n\n\n<figure class=\"wp-block-gallery has-nested-images columns-default is-cropped wp-block-gallery-3 is-layout-flex wp-block-gallery-is-layout-flex\">\n<figure class=\"wp-block-image size-large\"><img decoding=\"async\" width=\"1024\" height=\"553\" data-id=\"3071\" src=\"https:\/\/xn--tuvozdiasporaespaola-k7b.com\/wp-content\/uploads\/2023\/07\/1000131410-1024x553.jpg\" alt=\"\" class=\"wp-image-3071\" srcset=\"https:\/\/xn--tuvozdiasporaespaola-k7b.com\/wp-content\/uploads\/2023\/07\/1000131410-1024x553.jpg 1024w, https:\/\/xn--tuvozdiasporaespaola-k7b.com\/wp-content\/uploads\/2023\/07\/1000131410-300x162.jpg 300w, https:\/\/xn--tuvozdiasporaespaola-k7b.com\/wp-content\/uploads\/2023\/07\/1000131410-768x415.jpg 768w, https:\/\/xn--tuvozdiasporaespaola-k7b.com\/wp-content\/uploads\/2023\/07\/1000131410.jpg 1126w\" sizes=\"(max-width: 1024px) 100vw, 1024px\" \/><\/figure>\n<\/figure>\n\n\n\n<p>Una Yolanda D\u00edaz y su  estrategia que  no ha funcionado electoralmente ya que no se cumplieron los objetivos de crecimiento que se proyectaron, en esta lista de elegidos PODEMOS queda  con  cinco diputados en Sumar que no reflejan el peso de Podemos  en la coalici\u00f3n,  aunque estos diputados tendr\u00e1n mucha importancia para negociar y ser\u00eda bueno que tuvieran voz propia en el Parlamento como grupo Parlamentario de PODEMOS  como garant\u00eda de pol\u00edticas de izquierda como lo tendr\u00e1n  EH-BILDU y ESQUERRA REPUBLICANA . <\/p>\n\n\n\n<figure class=\"wp-block-gallery has-nested-images columns-default is-cropped wp-block-gallery-4 is-layout-flex wp-block-gallery-is-layout-flex\">\n<figure class=\"wp-block-image size-large\"><img loading=\"lazy\" decoding=\"async\" width=\"1024\" height=\"684\" data-id=\"3072\" src=\"https:\/\/xn--tuvozdiasporaespaola-k7b.com\/wp-content\/uploads\/2023\/07\/1000131411-1024x684.jpg\" alt=\"\" class=\"wp-image-3072\" srcset=\"https:\/\/xn--tuvozdiasporaespaola-k7b.com\/wp-content\/uploads\/2023\/07\/1000131411-1024x684.jpg 1024w, https:\/\/xn--tuvozdiasporaespaola-k7b.com\/wp-content\/uploads\/2023\/07\/1000131411-300x200.jpg 300w, https:\/\/xn--tuvozdiasporaespaola-k7b.com\/wp-content\/uploads\/2023\/07\/1000131411-768x513.jpg 768w, https:\/\/xn--tuvozdiasporaespaola-k7b.com\/wp-content\/uploads\/2023\/07\/1000131411-1536x1026.jpg 1536w, https:\/\/xn--tuvozdiasporaespaola-k7b.com\/wp-content\/uploads\/2023\/07\/1000131411.jpg 1920w\" sizes=\"(max-width: 1024px) 100vw, 1024px\" \/><\/figure>\n<\/figure>\n\n\n\n<p>La secretaria general de Podemos se ha grabado un v\u00eddeo en el que hace un an\u00e1lisis del resultado de Sumar en las elecciones y en el que se informa que con Yolanda D\u00edaz se perdieron  \u00bb casi 700.000 votos y muchos esca\u00f1os respecto al peor resultado de Unidas Podemos\u00bb.No se ha cumplido con las expectativas y se fallo  en el objetivo de lograr gobernar con m\u00e1s fuerza . La estrategia de renunciar al feminismo e invisibilizar a Podemos no ha funcionado electoralmente  ha recordado Ione  Belarra.Sin embargo Jos\u00e9 Luis Rodriguez Zapatero  Ex presidente del Gobierno del PSOE,  ha realizado numerosos actos presenciales con Irene Montero apoy\u00e1ndola  p\u00fablicamente y sum\u00e1ndose al reconocimiento de la Uni\u00f3n Europea en cuanto a la Ley Solo S\u00ed es S\u00ed.<\/p>\n\n\n\n<p>Este hecho ha podido ser clave  en el crecimiento del PSOE en cuanto a votantes desencantados de PODEMOS unido a el Voto \u00datil  y de la actitud excluyente de Yolanda Diaz que en ning\u00fan momento aclaro motivos que le llevaron a ser sectaria y no reconocer que ella censuro la presencia de Irene Montero  o  Echenique  en los elegidos  en las listas  de Diputades.<\/p>\n\n\n\n<p>Gracias a estos hechos  nos encontramos con la siguiente representaci\u00f3n  de diputados electos,  nada en consonancia con las del 2019  donde M\u00e1s Madrid ten\u00eda un diputado al igual que Comprom\u00eds  y la Chunta  Aragonesista como el Mesde Mallorca no ten\u00edan ninguno.<\/p>\n\n\n\n<figure class=\"wp-block-gallery has-nested-images columns-default is-cropped wp-block-gallery-5 is-layout-flex wp-block-gallery-is-layout-flex\">\n<figure class=\"wp-block-image size-large\"><img loading=\"lazy\" decoding=\"async\" width=\"1024\" height=\"683\" data-id=\"3073\" src=\"https:\/\/xn--tuvozdiasporaespaola-k7b.com\/wp-content\/uploads\/2023\/07\/1000131645-1024x683.jpg\" alt=\"\" class=\"wp-image-3073\" srcset=\"https:\/\/xn--tuvozdiasporaespaola-k7b.com\/wp-content\/uploads\/2023\/07\/1000131645-1024x683.jpg 1024w, https:\/\/xn--tuvozdiasporaespaola-k7b.com\/wp-content\/uploads\/2023\/07\/1000131645-300x200.jpg 300w, https:\/\/xn--tuvozdiasporaespaola-k7b.com\/wp-content\/uploads\/2023\/07\/1000131645-768x512.jpg 768w, https:\/\/xn--tuvozdiasporaespaola-k7b.com\/wp-content\/uploads\/2023\/07\/1000131645.jpg 1200w\" sizes=\"(max-width: 1024px) 100vw, 1024px\" \/><figcaption class=\"wp-element-caption\">La vicepresidenta segunda del Gobierno y ministra de Trabajo y Econom\u00eda Social, Yolanda D\u00edaz, en la fiesta del centenario del PCE. Jes\u00fas Hell\u00edn \/ Europa Press <\/figcaption><\/figure>\n<\/figure>\n\n\n\n<p>Siempre despu\u00e9s de las elecciones y teniendo ya los resultados se tiene que hacer autocritica, para reconocer lo que se hizo mal y mejorar (siempre se le pidi\u00f3 a PODEMOS por parte de la militancia y pocas veces se hizo), los n\u00fameros son los que son y esa p\u00e9rdida de votos es la que vemos. \u00bfFuncion\u00f3 la estrategia electoral de Yolanda Diaz? \u00bfFue un proyecto que transmiti\u00f3 ilusi\u00f3n para movilizar? \u00bfFue el miedo al fascismo lo \u00fanico movilizador en Sumar y no tanto un proyecto? \u00bfAl ser un proyecto personalista sin  mimbres partidarios tiene futuro o se dar\u00e1 una renovaci\u00f3n desde el respeto a la diversidad y la amplitud de miras?<\/p>\n\n\n\n<p>Todas estas preguntas las veremos en los pr\u00f3ximos meses,  la humildad e ilusi\u00f3n es la base del crecimiento partidario lo contrario es m\u00e1s de lo mismo y es un reflexi\u00f3n que tiene que ser compartida para que los votantes se ilusionen por ideas, no por miedos y participen en los procesos democr\u00e1ticos.<\/p>\n\n\n\n<p>Hoy los resultado y los elegidos fueron estos en  SUMAR:En Sumar, la cuarta fuerza pol\u00edtica, logran su asiento como diputados en el Congreso 31 esca\u00f1os de la lista para el 23-J, de los que 10 son del movimiento Sumar (como Yolanda D\u00edaz o Rafael Cofi\u00f1o). Cinco son de Podemos (Ione Belarra, Javier S\u00e1nchez Serna, Noem\u00ed Santana, Mar\u00eda Martina Velarde y Lilith Verstrynge).<\/p>\n\n\n\n<figure class=\"wp-block-gallery has-nested-images columns-default is-cropped wp-block-gallery-6 is-layout-flex wp-block-gallery-is-layout-flex\">\n<figure class=\"wp-block-image size-large\"><img loading=\"lazy\" decoding=\"async\" width=\"1024\" height=\"1024\" data-id=\"3074\" src=\"https:\/\/xn--tuvozdiasporaespaola-k7b.com\/wp-content\/uploads\/2023\/07\/1000131420-1024x1024.jpg\" alt=\"\" class=\"wp-image-3074\" srcset=\"https:\/\/xn--tuvozdiasporaespaola-k7b.com\/wp-content\/uploads\/2023\/07\/1000131420-1024x1024.jpg 1024w, https:\/\/xn--tuvozdiasporaespaola-k7b.com\/wp-content\/uploads\/2023\/07\/1000131420-300x300.jpg 300w, https:\/\/xn--tuvozdiasporaespaola-k7b.com\/wp-content\/uploads\/2023\/07\/1000131420-150x150.jpg 150w, https:\/\/xn--tuvozdiasporaespaola-k7b.com\/wp-content\/uploads\/2023\/07\/1000131420-768x768.jpg 768w, https:\/\/xn--tuvozdiasporaespaola-k7b.com\/wp-content\/uploads\/2023\/07\/1000131420-1536x1536.jpg 1536w, https:\/\/xn--tuvozdiasporaespaola-k7b.com\/wp-content\/uploads\/2023\/07\/1000131420-2048x2048.jpg 2048w\" sizes=\"(max-width: 1024px) 100vw, 1024px\" \/><\/figure>\n<\/figure>\n\n\n\n<p>Cinco de Izquierda Unida (Juan Antonio Valero, Engracia Rivera, F\u00e8lix Alonso, Nahuel Gonz\u00e1lez y Enrique Fernando Santiago) y otros cinco de los Comuns (Aina Vidal, Gerardo Pisarello, Gala Pin, Eloi Badia y J\u00falia Boada).<\/p>\n\n\n\n<p> Del resto, dos son de M\u00e1s Madrid (\u00cd\u00f1igo Errej\u00f3n y Teslem Andala), dos de Comprom\u00eds (\u00c0gueda Mic\u00f3 y Alberto Ib\u00e1\u00f1ez), uno de Mes (Vicen\u00e7 Vidal) y uno de Cha (Jorge Pueyo).<\/p>\n\n\n\n<p>Hay que recordar que  Unidas Podemos tuvo tres millones y medio de votos y Sumar tres. Hubo otro medio mill\u00f3n m\u00e1s de papeletas en el espacio que corresponden a M\u00e1s Pa\u00eds y Comprom\u00eds. <\/p>\n\n\n\n<p>Todos unidos sacaron 3,6 millones en 2019 que s\u00ed arrojan unos 650.000 votos menos que ahora. Los esca\u00f1os perdidos son siete, de los 38 que ten\u00edan todas esas fuerzas.<\/p>\n\n\n\n<p>.-Partidos que integran la Coalici\u00f3n  Sumar de Yolanda D\u00edaz.Movimiento Sumar ,Podemos, Izquierda Unida, M\u00e1s Pa\u00eds, Verdes Equo, Alianza Verde, M\u00e1s Madrid, Batzarre, Chunta Aragonesista, Comprom\u00eds, M\u00e9s-Comprom\u00eds, Iniciativa del Poble Valenci\u00e0, Verds Equo del Pa\u00eds Valenci\u00e0,En Com\u00fa Podem, Catalunya en Com\u00fa, Iniciativa del Pueblo Andaluz , Izquierda Asturiana, M\u00e9s per Mallorca, M\u00e9s per Menorca, Proyecto Drago, Barcelona en Com\u00fa,  Zaragoza en Com\u00fan, Ganemos Jerez, Ara Eivissa, Compostela Aberta,  Marea Atl\u00e1ntica, Valladolid Toma la Palabra, Leganemos, S\u00ed Se Puede.<\/p>\n\n\n\n<p>.-Votos 3 014 006 siendo un 12.31 Senadores obtenidos: 1  Diputados obtenidos: 31  (En las \u00faltimas elecciones todos estos partidos obtuvieron un 19 % de votos).<\/p>\n\n\n\n<p>  .-El partido Fascista  Vox de Santiago Abascal.<\/p>\n\n\n\n<p>.-Votos 3 033 744  12,39% Diputados obtenidos :33 (En las \u00faltimas elecciones 2019  obtuvieron un 17% de los votos )A SUMAR  de VOX  le separan 19.678  con lo que se espera que los votos del exterior den la tercera posici\u00f3n a SUMAR.<\/p>\n\n\n\n<figure class=\"wp-block-gallery has-nested-images columns-default is-cropped wp-block-gallery-7 is-layout-flex wp-block-gallery-is-layout-flex\">\n<figure class=\"wp-block-image size-large\"><img loading=\"lazy\" decoding=\"async\" width=\"532\" height=\"1024\" data-id=\"3075\" src=\"https:\/\/xn--tuvozdiasporaespaola-k7b.com\/wp-content\/uploads\/2023\/07\/1000131019-532x1024.jpg\" alt=\"\" class=\"wp-image-3075\" srcset=\"https:\/\/xn--tuvozdiasporaespaola-k7b.com\/wp-content\/uploads\/2023\/07\/1000131019-532x1024.jpg 532w, https:\/\/xn--tuvozdiasporaespaola-k7b.com\/wp-content\/uploads\/2023\/07\/1000131019-156x300.jpg 156w, https:\/\/xn--tuvozdiasporaespaola-k7b.com\/wp-content\/uploads\/2023\/07\/1000131019.jpg 639w\" sizes=\"(max-width: 532px) 100vw, 532px\" \/><\/figure>\n<\/figure>\n\n\n\n<p>Los votos del exterior se ver\u00e1n el 28 de julio y hay circunscripciones en las cuales el voto exterior podr\u00eda cambiar algunos esca\u00f1os y se pudiera dar una mayor\u00eda para investir a un presidente y formar un gobierno, ya que los 350 esca\u00f1os del Congreso de los Diputados no est\u00e1n repartidos de forma definitiva. <\/p>\n\n\n\n<p>Con  los votos  de los ciudadanos que viven fuera de Espa\u00f1a y han ejercido su derecho a participar podr\u00eda alterar el \u00faltimo esca\u00f1o de hasta nueve provincias donde hay en juego esca\u00f1os a\u00fan disputados.<\/p>\n\n\n\n<p>Juan Carlos G\u00f3mez, Redacci\u00f3n de Revista TU VOZ, Paraguay <\/p>\n","protected":false},"excerpt":{"rendered":"<p>Terminaro las elecciones y es hora de hacer balance: Un Partido Popular desdibujado, con un pre\u00e1mbulo de luchas internas con AYUSO encabezando la cruzada &#8230; <\/p>\n<p class=\"read-more-container\"><a title=\"\u00bfYolanda D\u00edaz y su\u00a0 estrategia no ha funcionado electoralmente?\" class=\"read-more button\" href=\"https:\/\/xn--tuvozdiasporaespaola-k7b.com\/page\/2\/yolanda-diaz-y-su-estrategia-no-ha-funcionado-electoralmente\/#more-3067\" aria-label=\"M\u00e1s en \u00bfYolanda D\u00edaz y su\u00a0 estrategia no ha funcionado electoralmente?\">Leer m\u00e1s<\/a><\/p>\n","protected":false},"author":222560522,"featured_media":3076,"comment_status":"open","ping_status":"open","sticky":false,"template":"","format":"standard","meta":{"footnotes":""},"categories":[121850],"tags":[],"class_list":["post-3067","post","type-post","status-publish","format-standard","has-post-thumbnail","hentry","category-politica","resize-featured-image"],"_links":{"self":[{"href":"https:\/\/xn--tuvozdiasporaespaola-k7b.com\/page\/2\/wp-json\/wp\/v2\/posts\/3067","targetHints":{"allow":["GET"]}}],"collection":[{"href":"https:\/\/xn--tuvozdiasporaespaola-k7b.com\/page\/2\/wp-json\/wp\/v2\/posts"}],"about":[{"href":"https:\/\/xn--tuvozdiasporaespaola-k7b.com\/page\/2\/wp-json\/wp\/v2\/types\/post"}],"author":[{"embeddable":true,"href":"https:\/\/xn--tuvozdiasporaespaola-k7b.com\/page\/2\/wp-json\/wp\/v2\/users\/222560522"}],"replies":[{"embeddable":true,"href":"https:\/\/xn--tuvozdiasporaespaola-k7b.com\/page\/2\/wp-json\/wp\/v2\/comments?post=3067"}],"version-history":[{"count":2,"href":"https:\/\/xn--tuvozdiasporaespaola-k7b.com\/page\/2\/wp-json\/wp\/v2\/posts\/3067\/revisions"}],"predecessor-version":[{"id":3077,"href":"https:\/\/xn--tuvozdiasporaespaola-k7b.com\/page\/2\/wp-json\/wp\/v2\/posts\/3067\/revisions\/3077"}],"wp:featuredmedia":[{"embeddable":true,"href":"https:\/\/xn--tuvozdiasporaespaola-k7b.com\/page\/2\/wp-json\/wp\/v2\/media\/3076"}],"wp:attachment":[{"href":"https:\/\/xn--tuvozdiasporaespaola-k7b.com\/page\/2\/wp-json\/wp\/v2\/media?parent=3067"}],"wp:term":[{"taxonomy":"category","embeddable":true,"href":"https:\/\/xn--tuvozdiasporaespaola-k7b.com\/page\/2\/wp-json\/wp\/v2\/categories?post=3067"},{"taxonomy":"post_tag","embeddable":true,"href":"https:\/\/xn--tuvozdiasporaespaola-k7b.com\/page\/2\/wp-json\/wp\/v2\/tags?post=3067"}],"curies":[{"name":"wp","href":"https:\/\/api.w.org\/{rel}","templated":true}]}}