{"id":305,"date":"2022-10-05T11:16:35","date_gmt":"2022-10-05T14:16:35","guid":{"rendered":"https:\/\/xn--tuvozdiasporaespaola-k7b.com\/2022\/10\/05\/salvese-quien-pueda-duro-invierno-para-europa-y-la-solidaridadeuropa-en-estado-puro\/"},"modified":"2022-10-05T11:22:48","modified_gmt":"2022-10-05T14:22:48","slug":"salvese-quien-pueda-duro-invierno-para-europa-y-la-solidaridadeuropa-en-estado-puro","status":"publish","type":"post","link":"https:\/\/xn--tuvozdiasporaespaola-k7b.com\/page\/2\/salvese-quien-pueda-duro-invierno-para-europa-y-la-solidaridadeuropa-en-estado-puro\/","title":{"rendered":"SALVESE QUIEN PUEDA, DURO INVIERNO PARA EUROPA \u00bfY  la SOLIDARIDAD?\u00bfEuropa en estado puro?"},"content":{"rendered":"\n<p>\u00a1Alemania podr\u00eda interrumpir las exportaciones de electricidad a sus vecinos en invierno!<br \/>Esta decisi\u00f3n se debe a que el pa\u00eds germ\u00e1nico desea evitar cortes en el suministro de electricidad en su territorio.<\/p>\n\n\n\n<figure class=\"wp-block-image size-large\"><img fetchpriority=\"high\" decoding=\"async\" width=\"1024\" height=\"576\" src=\"http:\/\/xn--tuvozdiasporaespaola-k7b.com\/wp-content\/uploads\/2022\/10\/js20130328_wetter15d_image_1024x576_36270988700764114476.jpg?w=1024\" alt=\"\" class=\"wp-image-302\" srcset=\"https:\/\/xn--tuvozdiasporaespaola-k7b.com\/wp-content\/uploads\/2022\/10\/js20130328_wetter15d_image_1024x576_36270988700764114476.jpg 1024w, https:\/\/xn--tuvozdiasporaespaola-k7b.com\/wp-content\/uploads\/2022\/10\/js20130328_wetter15d_image_1024x576_36270988700764114476-300x169.jpg 300w, https:\/\/xn--tuvozdiasporaespaola-k7b.com\/wp-content\/uploads\/2022\/10\/js20130328_wetter15d_image_1024x576_36270988700764114476-768x432.jpg 768w\" sizes=\"(max-width: 1024px) 100vw, 1024px\" \/><figcaption class=\"wp-element-caption\">INVIERNO ALEM\u00c1N <\/figcaption><\/figure>\n\n\n\n<p><br><br><br>Alemania podr\u00eda reducir de manera temporal las exportaciones de electricidad a Francia y otros pa\u00edses europeos durante la pr\u00f3xima temporada invernal,\u00a0inform\u00f3\u00a0este martes Financial Times citando a Hendrik Neumann, director t\u00e9cnico del operador el\u00e9ctrico alem\u00e1n Amprion.<br>De acuerdo con Neumann, la medida se implementar\u00eda como un\u00a0\u00ab\u00faltimo recurso\u00bb\u00a0para prevenir interrupciones en el suministro de energ\u00eda dentro del territorio alem\u00e1n ocasionadas por fallas en la red el\u00e9ctrica, dada\u00a0la alta demanda. No obstante, afirm\u00f3 que las limitaciones en el flujo de electricidad hacia sus clientes europeos durar\u00edan algunas horas.<br>\u00ab<em>Asumimos una situaci\u00f3n muy estresante durante el pr\u00f3ximo invierno\u00bb<\/em>,\u00a0asegur\u00f3 el alto ejecutivo de Amprion, quien agreg\u00f3 que \u00ab<em>la actual crisis energ\u00e9tica en Europa es causada, en gran medida, por las sanciones antirrusas derivadas del conflicto en Ucrania<\/em>\u00bb Asimismo, subray\u00f3 que otros factores que agravan esta problem\u00e1tica est\u00e1n relacionados con los cierres permanentes de las centrales de energ\u00eda nuclear en Francia, as\u00ed como con la interrupci\u00f3n de las entregas de carb\u00f3n provocada\u00a0por los bajos niveles del agua en los principales r\u00edos.<br><br>Hendrik Neumann tambi\u00e9n recalc\u00f3 que : \u00ab<em>no estaba de acuerdo con las declaraciones del ministro de Econom\u00eda de Alemania\u00bb,<\/em> Robert Habeck, que sostuvo que\u00a0el pa\u00eds no ten\u00eda dificultades con el abastecimiento de electricidad. \u00ab<em>Si ese fuera el caso, [el Gobierno alem\u00e1n] no nos habr\u00eda pedido que realiz\u00e1ramos un an\u00e1lisis especial [sobre el mercado el\u00e9ctrico en el invierno]\u00bb<\/em>, indic\u00f3.<br>Como resultado de este estudio, las autoridades alemanas decidieron aplazar el cierre definitivo de dos de los tres reactores nucleares que a\u00fan quedan en el pa\u00eds, los cuales\u00a0producen\u00a0el 11,9 % de\u00a0su electricidad.\u00a0\u00ab<em>Todo lo que puedo decir es que tres plantas de energ\u00eda nuclear ser\u00edan mejor que dos\u00bb, <\/em>precis\u00f3 Neunmann, reiterando que <em>\u00abel Gobierno necesita sacar conclusiones pol\u00edticas y asumir la responsabilidad<\/em>\u00bb de sus acciones.<\/p>\n\n\n\n<figure class=\"wp-block-image size-large\"><img decoding=\"async\" width=\"800\" height=\"500\" src=\"http:\/\/xn--tuvozdiasporaespaola-k7b.com\/wp-content\/uploads\/2022\/10\/crisis-energetica-europa-invierno-165925450713911951645961.jpg?w=800\" alt=\"\" class=\"wp-image-301\" srcset=\"https:\/\/xn--tuvozdiasporaespaola-k7b.com\/wp-content\/uploads\/2022\/10\/crisis-energetica-europa-invierno-165925450713911951645961.jpg 800w, https:\/\/xn--tuvozdiasporaespaola-k7b.com\/wp-content\/uploads\/2022\/10\/crisis-energetica-europa-invierno-165925450713911951645961-300x188.jpg 300w, https:\/\/xn--tuvozdiasporaespaola-k7b.com\/wp-content\/uploads\/2022\/10\/crisis-energetica-europa-invierno-165925450713911951645961-768x480.jpg 768w\" sizes=\"(max-width: 800px) 100vw, 800px\" \/><figcaption class=\"wp-element-caption\">\u00bfSOLIDARIDAD?<\/figcaption><\/figure>\n\n\n\n<figure class=\"wp-block-image size-large\"><img decoding=\"async\" width=\"414\" height=\"276\" src=\"http:\/\/xn--tuvozdiasporaespaola-k7b.com\/wp-content\/uploads\/2022\/10\/165852950715434418378799856612902.jpg?w=414\" alt=\"\" class=\"wp-image-300\" srcset=\"https:\/\/xn--tuvozdiasporaespaola-k7b.com\/wp-content\/uploads\/2022\/10\/165852950715434418378799856612902.jpg 414w, https:\/\/xn--tuvozdiasporaespaola-k7b.com\/wp-content\/uploads\/2022\/10\/165852950715434418378799856612902-300x200.jpg 300w\" sizes=\"(max-width: 414px) 100vw, 414px\" \/><figcaption class=\"wp-element-caption\">\u00bfDECISIONES INDIVIDUALES ?<\/figcaption><\/figure>\n\n\n\n<p><br>Por \u00faltimo, destac\u00f3 <em>que: \u00abotro motivo por el cual Alemania tendr\u00eda que disminuir sus exportaciones es el desequilibrio regional de generaci\u00f3n y consumo de energ\u00eda, ya que la mayor\u00eda de los complejos industriales,\u00a0que\u00a0tienen una alta demanda el\u00e9ctrica, se encuentran en el suroeste del pa\u00eds. Sin embargo, en esta regi\u00f3n se ha intensificado una insuficiencia en la capacidad de generar electricidad<\/em>\u00ab.<\/p>\n\n\n\n<p><strong>El Reino Unido corre tambi\u00e9n un importante riesgo\u00bb de escasez de gas este invierno, seg\u00fan el regulador energ\u00e9tico.<\/strong><br \/><br \/>Esto podr\u00eda suponer el corte total del suministro a algunas centrales el\u00e9ctricas de gas, impidiendo que generen electricidad.<br \/><br \/>La informaci\u00f3n fue revelada en una carta de Ofgem en respuesta a una solicitud de la empresa SSE, propietaria de varias centrales el\u00e9ctricas de gas, seg\u00fan el diario Times de Londres.<br \/><br \/>A SSE le preocupa que <em>los operadores de centrales el\u00e9ctricas de gas se enfrenten a multas por valor de millones de libras si no pueden cumplir las promesas de suministro de electricidad \u00ab<\/em>causadas por eventos fuera de su control\u00bb.<\/p>\n\n\n\n<figure class=\"wp-block-image size-large\"><img loading=\"lazy\" decoding=\"async\" width=\"1800\" height=\"1423\" src=\"http:\/\/xn--tuvozdiasporaespaola-k7b.com\/wp-content\/uploads\/2022\/10\/imagen_475122615900034904608801.jpg?w=1024\" alt=\"\" class=\"wp-image-303\" srcset=\"https:\/\/xn--tuvozdiasporaespaola-k7b.com\/wp-content\/uploads\/2022\/10\/imagen_475122615900034904608801.jpg 1800w, https:\/\/xn--tuvozdiasporaespaola-k7b.com\/wp-content\/uploads\/2022\/10\/imagen_475122615900034904608801-300x237.jpg 300w, https:\/\/xn--tuvozdiasporaespaola-k7b.com\/wp-content\/uploads\/2022\/10\/imagen_475122615900034904608801-1024x810.jpg 1024w, https:\/\/xn--tuvozdiasporaespaola-k7b.com\/wp-content\/uploads\/2022\/10\/imagen_475122615900034904608801-768x607.jpg 768w, https:\/\/xn--tuvozdiasporaespaola-k7b.com\/wp-content\/uploads\/2022\/10\/imagen_475122615900034904608801-1568x1240.jpg 1568w\" sizes=\"(max-width: 1800px) 100vw, 1800px\" \/><figcaption class=\"wp-element-caption\">REINO UNIDO  al borde del casos. <\/figcaption><\/figure>\n\n\n\n<p><br \/><br \/>\u00ab<em>Debido a la guerra en Ucrania y la escasez de gas en Europa, existe un importante riesgo de que se produzca una escasez de gas durante el invierno. Como resultado, existe la posibilidad de que el Reino Unido pueda entrar en una emergencia en el suministro de gas\u00bb,<\/em> dijo Ofgem.<\/p>\n\n\n\n<figure class=\"wp-block-image size-large\"><img loading=\"lazy\" decoding=\"async\" width=\"1200\" height=\"900\" src=\"http:\/\/xn--tuvozdiasporaespaola-k7b.com\/wp-content\/uploads\/2022\/10\/liz_truss_1_crop16626461192774724951723212027705.jpg?w=1024\" alt=\"\" class=\"wp-image-304\" srcset=\"https:\/\/xn--tuvozdiasporaespaola-k7b.com\/wp-content\/uploads\/2022\/10\/liz_truss_1_crop16626461192774724951723212027705.jpg 1200w, https:\/\/xn--tuvozdiasporaespaola-k7b.com\/wp-content\/uploads\/2022\/10\/liz_truss_1_crop16626461192774724951723212027705-300x225.jpg 300w, https:\/\/xn--tuvozdiasporaespaola-k7b.com\/wp-content\/uploads\/2022\/10\/liz_truss_1_crop16626461192774724951723212027705-1024x768.jpg 1024w, https:\/\/xn--tuvozdiasporaespaola-k7b.com\/wp-content\/uploads\/2022\/10\/liz_truss_1_crop16626461192774724951723212027705-768x576.jpg 768w\" sizes=\"(max-width: 1200px) 100vw, 1200px\" \/><figcaption class=\"wp-element-caption\">Reino Unido pol\u00edticas neoliberales para tiempos de Crisis energ\u00e9tica . Resultados Catastroficos<\/figcaption><\/figure>\n\n\n\n<p><br \/><br \/>Si esto sucede, seg\u00fan explic\u00f3 la BBC, se cortar\u00eda el suministro a \u00ab<em>los mayores usuarios de gas\u00bb<\/em>, que probablemente ser\u00e1n \u00ab<em>grandes centrales el\u00e9ctricas a gas que producen electricidad para el Sistema Nacional de Transmisi\u00f3n de Electricidad\u00bb.<\/em><br \/><br \/>Desde la invasi\u00f3n a Ucrania, Rusia redujo el suministro de energ\u00eda a Europa, mientras que muchos pa\u00edses se comprometieron a dejar su dependencia del petr\u00f3leo y el gas ruso.<br \/><br \/>Si bien el Reino Unido no depende de Rusia para el petr\u00f3leo y el gas, cualquier interrupci\u00f3n provoca un impacto generalizado en los suministros internacionales.<\/p>\n\n\n\n<p><br \/><br \/>La advertencia surge en el momento en que las facturas de gas y electricidad, se encuentran bajo la protecci\u00f3n de los topes del Gobierno, protegiendo tanto a los hogares como a las empresas de lo peor de la suba de los precios al por mayor antes del invierno.<br \/><br \/>El Gobierno brit\u00e1nico congel\u00f3 las facturas de energ\u00eda para los hogares durante dos a\u00f1os, mientras que para las empresas, el tope es de seis meses y se ir\u00e1 revisando.<\/p>\n\n\n\n<p>Redacci\u00f3n Revista TU VOZ .<\/p>\n\n\n\n<p>Fuentes : RT y El chuvut<\/p>\n","protected":false},"excerpt":{"rendered":"<p>\u00a1Alemania podr\u00eda interrumpir las exportaciones de electricidad a sus vecinos en invierno!Esta decisi\u00f3n se debe a que el pa\u00eds germ\u00e1nico desea evitar cortes en &#8230; <\/p>\n<p class=\"read-more-container\"><a title=\"SALVESE QUIEN PUEDA, DURO INVIERNO PARA EUROPA \u00bfY  la SOLIDARIDAD?\u00bfEuropa en estado puro?\" class=\"read-more button\" href=\"https:\/\/xn--tuvozdiasporaespaola-k7b.com\/page\/2\/salvese-quien-pueda-duro-invierno-para-europa-y-la-solidaridadeuropa-en-estado-puro\/#more-305\" aria-label=\"M\u00e1s en SALVESE QUIEN PUEDA, DURO INVIERNO PARA EUROPA \u00bfY  la SOLIDARIDAD?\u00bfEuropa en estado puro?\">Leer m\u00e1s<\/a><\/p>\n","protected":false},"author":222560522,"featured_media":0,"comment_status":"open","ping_status":"open","sticky":false,"template":"","format":"standard","meta":{"footnotes":""},"categories":[1771],"tags":[],"class_list":["post-305","post","type-post","status-publish","format-standard","hentry","category-sociales"],"_links":{"self":[{"href":"https:\/\/xn--tuvozdiasporaespaola-k7b.com\/page\/2\/wp-json\/wp\/v2\/posts\/305","targetHints":{"allow":["GET"]}}],"collection":[{"href":"https:\/\/xn--tuvozdiasporaespaola-k7b.com\/page\/2\/wp-json\/wp\/v2\/posts"}],"about":[{"href":"https:\/\/xn--tuvozdiasporaespaola-k7b.com\/page\/2\/wp-json\/wp\/v2\/types\/post"}],"author":[{"embeddable":true,"href":"https:\/\/xn--tuvozdiasporaespaola-k7b.com\/page\/2\/wp-json\/wp\/v2\/users\/222560522"}],"replies":[{"embeddable":true,"href":"https:\/\/xn--tuvozdiasporaespaola-k7b.com\/page\/2\/wp-json\/wp\/v2\/comments?post=305"}],"version-history":[{"count":0,"href":"https:\/\/xn--tuvozdiasporaespaola-k7b.com\/page\/2\/wp-json\/wp\/v2\/posts\/305\/revisions"}],"wp:attachment":[{"href":"https:\/\/xn--tuvozdiasporaespaola-k7b.com\/page\/2\/wp-json\/wp\/v2\/media?parent=305"}],"wp:term":[{"taxonomy":"category","embeddable":true,"href":"https:\/\/xn--tuvozdiasporaespaola-k7b.com\/page\/2\/wp-json\/wp\/v2\/categories?post=305"},{"taxonomy":"post_tag","embeddable":true,"href":"https:\/\/xn--tuvozdiasporaespaola-k7b.com\/page\/2\/wp-json\/wp\/v2\/tags?post=305"}],"curies":[{"name":"wp","href":"https:\/\/api.w.org\/{rel}","templated":true}]}}