{"id":286,"date":"2022-10-03T13:07:33","date_gmt":"2022-10-03T16:07:33","guid":{"rendered":"https:\/\/xn--tuvozdiasporaespaola-k7b.com\/2022\/10\/03\/ley-de-memoria-democratica-ley-de-nietos\/"},"modified":"2022-10-03T13:56:42","modified_gmt":"2022-10-03T16:56:42","slug":"ley-de-memoria-democratica-ley-de-nietos","status":"publish","type":"post","link":"https:\/\/xn--tuvozdiasporaespaola-k7b.com\/page\/2\/ley-de-memoria-democratica-ley-de-nietos\/","title":{"rendered":"LEY DE MEMORIA DEMOCRATICA &amp; LEY DE NIETOS."},"content":{"rendered":"\n<p>En el d\u00eda de hoy  salio publicado en el BOE  la  nueva Loreg o derogacion voto Rogado  ,   desde esta revista les compartimos el BOE completo para que puedan informarse de los logros  en materia de reconocimiento de la Ciudadan\u00eda Espa\u00f1ola a la hora de Poder Votar .<\/p>\n\n\n\n<p>La  Ley de Memoria Democr\u00e1tica ser\u00e1 la nueva conquista,  la citada ley, adem\u00e1s de reconocer derechos reclamados durante d\u00e9cadas, establece una serie de supuestos en los que determinados colectivos podr\u00e1n optar a la nacionalidad espa\u00f1ola. De esta forma, la nueva Ley de Memoria Democr\u00e1tica permitir\u00e1 reparar los da\u00f1os a los descendientes de las personas que sufrieron el exilio, entre otras.<\/p>\n\n\n\n<p>Con relaci\u00f3n a la obtenci\u00f3n de la nacionalidad espa\u00f1ola, la nueva ley permitir\u00e1, a trav\u00e9s de lo establecido en su Disposici\u00f3n Adicional Octava:<\/p>\n\n\n\n<p><em>Que puedan adquirir la nacionalidad espa\u00f1ola los hijos e hijas nacidos en el exterior de mujeres espa\u00f1olas que perdieron su nacionalidad por casarse con extranjeros antes de la entrada en vigor de la Constituci\u00f3n de 1978.<\/em><\/p>\n\n\n\n<p><em>Que opten a la nacionalidad espa\u00f1ola los nacidos fuera de Espa\u00f1a de padre o madre, abuelo o abuela, que originariamente hubieran sido espa\u00f1oles, y que, como consecuencia de haber sufrido exilio por razones pol\u00edticas, ideol\u00f3gicas o de creencia o de orientaci\u00f3n e identidad sexual, hubieran perdido o renunciado a la nacionalidad espa\u00f1ola.<\/em><\/p>\n\n\n\n<p><em>Los hijos e hijas mayores de edad de aquellos espa\u00f1oles a quienes les fue reconocida su nacionalidad de origen en virtud del derecho de opci\u00f3n de acuerdo con lo dispuesto en la presente Ley o en la Disposici\u00f3n Adicional S\u00e9ptima de la Ley 52\/2007, de 26 de diciembre.<\/em><\/p>\n\n\n\n<p>Esta Ley se viene esperando desde hace tiempo y conoci\u00e9ndose, sobre todo en Iberoam\u00e9rica, como \u201cLey de Bisnietos\u201d. Sin embargo, en este punto es importante destacar y aclarar que esta nueva ley no est\u00e1 dando la oportunidad de adquirir la nacionalidad espa\u00f1ola a todos los bisnietos de espa\u00f1oles, sino solamente a aquellos bisnietos y bisnietas que en el momento en que estaba en vigor la ley 52\/2007 no pudieron adquirir la nacionalidad debido a que eran mayores de edad y a los hijos e hijas de los que la adquieran por esta ley. No deber\u00edamos generar confusi\u00f3n en este sentido, ya que se ven\u00eda diciendo que esta nueva ley posibilitar\u00eda que cualquier bisnieto de espa\u00f1ol pueda tener derecho a adquirir la nacionalidad, cuando solo es posible para aquellos bisnietos y bisnietas descendientes de personas que debieron abandonar Espa\u00f1a exiliados por razones pol\u00edticas, ideol\u00f3gicas o de creencia o de orientaci\u00f3n e identidad sexual.<\/p>\n\n\n\n<figure class=\"wp-block-image size-large\"><img fetchpriority=\"high\" decoding=\"async\" width=\"2318\" height=\"1788\" src=\"http:\/\/xn--tuvozdiasporaespaola-k7b.com\/wp-content\/uploads\/2022\/10\/20220729_1626407788108507351598961.jpg?w=1024\" alt=\"\" class=\"wp-image-285\" srcset=\"https:\/\/xn--tuvozdiasporaespaola-k7b.com\/wp-content\/uploads\/2022\/10\/20220729_1626407788108507351598961.jpg 2318w, https:\/\/xn--tuvozdiasporaespaola-k7b.com\/wp-content\/uploads\/2022\/10\/20220729_1626407788108507351598961-300x231.jpg 300w, https:\/\/xn--tuvozdiasporaespaola-k7b.com\/wp-content\/uploads\/2022\/10\/20220729_1626407788108507351598961-1024x790.jpg 1024w, https:\/\/xn--tuvozdiasporaespaola-k7b.com\/wp-content\/uploads\/2022\/10\/20220729_1626407788108507351598961-768x592.jpg 768w, https:\/\/xn--tuvozdiasporaespaola-k7b.com\/wp-content\/uploads\/2022\/10\/20220729_1626407788108507351598961-1568x1209.jpg 1568w\" sizes=\"(max-width: 2318px) 100vw, 2318px\" \/><figcaption class=\"wp-element-caption\">Viceconsulado de Lincoln , Buenos Aires Argentina <\/figcaption><\/figure>\n\n\n\n<p>Por otra parte esta  Ley de Memoria Democr\u00e1tica, en su art\u00edculo 33, permitir\u00e1 que: <em>Los voluntarios integrantes de las Brigadas Internacionales que participaron en la Guerra de 1936 a 1939 puedan adquirir la nacionalidad espa\u00f1ola por carta de naturaleza, sin necesidad de que deban renunciar a su anterior nacionalidad. De igual manera se aplicar\u00e1 lo mencionado a los descendientes de los brigadistas que acrediten una labor continuada de difusi\u00f3n de la memoria de sus ascendientes y de la defensa de la democracia en Espa\u00f1a<\/em>.<\/p>\n\n\n\n<figure class=\"wp-block-image size-large\"><img decoding=\"async\" width=\"720\" height=\"340\" src=\"http:\/\/xn--tuvozdiasporaespaola-k7b.com\/wp-content\/uploads\/2022\/10\/ley-de-nietos281291497826433121158599..jpg?w=720\" alt=\"\" class=\"wp-image-284\" srcset=\"https:\/\/xn--tuvozdiasporaespaola-k7b.com\/wp-content\/uploads\/2022\/10\/ley-de-nietos281291497826433121158599..jpg 720w, https:\/\/xn--tuvozdiasporaespaola-k7b.com\/wp-content\/uploads\/2022\/10\/ley-de-nietos281291497826433121158599.-300x142.jpg 300w\" sizes=\"(max-width: 720px) 100vw, 720px\" \/><figcaption class=\"wp-element-caption\">LEY  de Nietos <\/figcaption><\/figure>\n\n\n\n<p>Por \u00faltimo, es de gran importancia subrayar que el plazo para poder solicitar u optar a la nacionalidad espa\u00f1ola no ser\u00e1 indefinido, sino que \u00fanicamente podr\u00e1 llevarse a cabo en el plazo de 2 a\u00f1os desde la entrada en vigor de esta nueva ley (pudiendo el Consejo de Ministro prorrogar el plazo un a\u00f1o m\u00e1s), cuya aprobaci\u00f3n est\u00e1 prevista que se materialice este verano, por lo que ser\u00e1 de vital importancia que aquellas personas interesadas en acogerse a estos supuestos extraordinarios de adquisici\u00f3n de la nacionalidad lo hagan lo antes posible.<\/p>\n\n\n\n<figure class=\"wp-block-image size-large\"><img decoding=\"async\" width=\"651\" height=\"774\" src=\"http:\/\/xn--tuvozdiasporaespaola-k7b.com\/wp-content\/uploads\/2022\/10\/screenshot_20220717-132112_whatsapp6490620359975606631.jpg?w=651\" alt=\"\" class=\"wp-image-283\" srcset=\"https:\/\/xn--tuvozdiasporaespaola-k7b.com\/wp-content\/uploads\/2022\/10\/screenshot_20220717-132112_whatsapp6490620359975606631.jpg 651w, https:\/\/xn--tuvozdiasporaespaola-k7b.com\/wp-content\/uploads\/2022\/10\/screenshot_20220717-132112_whatsapp6490620359975606631-252x300.jpg 252w\" sizes=\"(max-width: 651px) 100vw, 651px\" \/><figcaption class=\"wp-element-caption\">Hospital Espa\u00f1ol Buenos Aires <\/figcaption><\/figure>\n\n\n\n<p>Con esta Ley se repara un poco m\u00e1s, de lo que se hizo en 2007, los da\u00f1os que la Guerra Civil y la Dictadura posterior significaron para muchas personas, pero no debemos olvidar que no se pegan por completo todas las piezas del jarro roto, siguen quedando supuestos de descendientes de migrantes que marcharon antes de la Guerra Civil por cuestiones econ\u00f3micas m\u00e1s que pol\u00edticas (aunque sin duda existe conexi\u00f3n entre ambas causas ) o los descendientes del Pueblo Saharaui que fueron espa\u00f1oles documentados y hoy olvidados.<\/p>\n\n\n\n<figure class=\"wp-block-image size-large\"><img loading=\"lazy\" decoding=\"async\" width=\"2279\" height=\"3000\" src=\"http:\/\/xn--tuvozdiasporaespaola-k7b.com\/wp-content\/uploads\/2022\/10\/20220820_1319178922044938638291510.jpg?w=778\" alt=\"\" class=\"wp-image-282\" srcset=\"https:\/\/xn--tuvozdiasporaespaola-k7b.com\/wp-content\/uploads\/2022\/10\/20220820_1319178922044938638291510.jpg 2279w, https:\/\/xn--tuvozdiasporaespaola-k7b.com\/wp-content\/uploads\/2022\/10\/20220820_1319178922044938638291510-228x300.jpg 228w, https:\/\/xn--tuvozdiasporaespaola-k7b.com\/wp-content\/uploads\/2022\/10\/20220820_1319178922044938638291510-778x1024.jpg 778w, https:\/\/xn--tuvozdiasporaespaola-k7b.com\/wp-content\/uploads\/2022\/10\/20220820_1319178922044938638291510-768x1011.jpg 768w, https:\/\/xn--tuvozdiasporaespaola-k7b.com\/wp-content\/uploads\/2022\/10\/20220820_1319178922044938638291510-1568x2064.jpg 1568w\" sizes=\"(max-width: 2279px) 100vw, 2279px\" \/><figcaption class=\"wp-element-caption\">Iglesia Parroquial   Localidad de Pilar Buenos Aires<\/figcaption><\/figure>\n\n\n\n<p>En esta ley se contempla  igualmente los s\u00edmbolos Franquistas para espacios gubernamentales o en asociaciones o colectivos que a d\u00eda de Hoy mantienen estos s\u00edmbolos en sus Fachadas o Interiores   ya sean Centros de Espa\u00f1oles , Sociedades de  Socorro  , Viceconsulados , etc&#8230;<\/p>\n\n\n\n<p>Es deber del ministerio de Asuntos Exteriores  controlar estos espacios de residuos de la Dictadura Franquista  as\u00ed  como condicionar subvenciones a la derogaci\u00f3n de estas manifestaciones pro Dictadura.<\/p>\n\n\n\n<figure class=\"wp-block-image size-large\"><img loading=\"lazy\" decoding=\"async\" width=\"992\" height=\"1378\" src=\"http:\/\/xn--tuvozdiasporaespaola-k7b.com\/wp-content\/uploads\/2022\/10\/screenshot_20221003-125758_drive6635315615366988213.jpg?w=737\" alt=\"\" class=\"wp-image-281\" srcset=\"https:\/\/xn--tuvozdiasporaespaola-k7b.com\/wp-content\/uploads\/2022\/10\/screenshot_20221003-125758_drive6635315615366988213.jpg 992w, https:\/\/xn--tuvozdiasporaespaola-k7b.com\/wp-content\/uploads\/2022\/10\/screenshot_20221003-125758_drive6635315615366988213-216x300.jpg 216w, https:\/\/xn--tuvozdiasporaespaola-k7b.com\/wp-content\/uploads\/2022\/10\/screenshot_20221003-125758_drive6635315615366988213-737x1024.jpg 737w, https:\/\/xn--tuvozdiasporaespaola-k7b.com\/wp-content\/uploads\/2022\/10\/screenshot_20221003-125758_drive6635315615366988213-768x1067.jpg 768w\" sizes=\"(max-width: 992px) 100vw, 992px\" \/><\/figure>\n\n\n\n<p>Les pasamos enlace del BOE donde est\u00e1 explicado al completo la Ley de la derogacion del voto Rogado  ? <\/p>\n\n\n\n<p><iframe class=\"wp-embedded-content\" sandbox=\"allow-scripts\" security=\"restricted\" title=\"TU VOZ \" scrolling=\"no\" src=\"https:\/\/heyzine.com\/flip-book\/0cf93ea5ff.html#?secret=txYnpSyDnd\" data-secret=\"txYnpSyDnd\"><\/iframe><\/p>\n\n\n\n<p>Equipo de Comunicaci\u00f3n de Red de C\u00edrculos Podemos Latinoam\u00e9rica <\/p>\n","protected":false},"excerpt":{"rendered":"<p>En el d\u00eda de hoy salio publicado en el BOE la nueva Loreg o derogacion voto Rogado , desde esta revista les compartimos el &#8230; <\/p>\n<p class=\"read-more-container\"><a title=\"LEY DE MEMORIA DEMOCRATICA &amp; LEY DE NIETOS.\" class=\"read-more button\" href=\"https:\/\/xn--tuvozdiasporaespaola-k7b.com\/page\/2\/ley-de-memoria-democratica-ley-de-nietos\/#more-286\" aria-label=\"M\u00e1s en LEY DE MEMORIA DEMOCRATICA &amp; LEY DE NIETOS.\">Leer m\u00e1s<\/a><\/p>\n","protected":false},"author":222560522,"featured_media":0,"comment_status":"open","ping_status":"open","sticky":false,"template":"","format":"standard","meta":{"footnotes":""},"categories":[1771],"tags":[],"class_list":["post-286","post","type-post","status-publish","format-standard","hentry","category-sociales"],"_links":{"self":[{"href":"https:\/\/xn--tuvozdiasporaespaola-k7b.com\/page\/2\/wp-json\/wp\/v2\/posts\/286","targetHints":{"allow":["GET"]}}],"collection":[{"href":"https:\/\/xn--tuvozdiasporaespaola-k7b.com\/page\/2\/wp-json\/wp\/v2\/posts"}],"about":[{"href":"https:\/\/xn--tuvozdiasporaespaola-k7b.com\/page\/2\/wp-json\/wp\/v2\/types\/post"}],"author":[{"embeddable":true,"href":"https:\/\/xn--tuvozdiasporaespaola-k7b.com\/page\/2\/wp-json\/wp\/v2\/users\/222560522"}],"replies":[{"embeddable":true,"href":"https:\/\/xn--tuvozdiasporaespaola-k7b.com\/page\/2\/wp-json\/wp\/v2\/comments?post=286"}],"version-history":[{"count":0,"href":"https:\/\/xn--tuvozdiasporaespaola-k7b.com\/page\/2\/wp-json\/wp\/v2\/posts\/286\/revisions"}],"wp:attachment":[{"href":"https:\/\/xn--tuvozdiasporaespaola-k7b.com\/page\/2\/wp-json\/wp\/v2\/media?parent=286"}],"wp:term":[{"taxonomy":"category","embeddable":true,"href":"https:\/\/xn--tuvozdiasporaespaola-k7b.com\/page\/2\/wp-json\/wp\/v2\/categories?post=286"},{"taxonomy":"post_tag","embeddable":true,"href":"https:\/\/xn--tuvozdiasporaespaola-k7b.com\/page\/2\/wp-json\/wp\/v2\/tags?post=286"}],"curies":[{"name":"wp","href":"https:\/\/api.w.org\/{rel}","templated":true}]}}