{"id":279,"date":"2022-10-02T22:40:29","date_gmt":"2022-10-03T01:40:29","guid":{"rendered":"https:\/\/xn--tuvozdiasporaespaola-k7b.com\/2022\/10\/02\/lula-se-pronuncia-tras-su-trunfo-y-su-pase-a-segunda-vuelta-con-bolsonaro\/"},"modified":"2022-10-03T01:40:36","modified_gmt":"2022-10-03T04:40:36","slug":"lula-se-pronuncia-tras-su-trunfo-y-su-pase-a-segunda-vuelta-con-bolsonaro","status":"publish","type":"post","link":"https:\/\/xn--tuvozdiasporaespaola-k7b.com\/page\/2\/lula-se-pronuncia-tras-su-trunfo-y-su-pase-a-segunda-vuelta-con-bolsonaro\/","title":{"rendered":"Lula se pronuncia tras su Trunfo y su\u00a0 pase a segunda vuelta con Bolsonaro."},"content":{"rendered":"\n<p>El exmandatario de Brasil y candidato presidencial del Partido de los Trabajadores (PT), Luiz In\u00e1cio Lula da Silva, se pronunci\u00f3 este domingo despu\u00e9s del triunfo\u00a0 en BRASIL , en los que se impuso con\u00a048,43 % de los votos.<\/p>\n\n\n\n<p>\u00ab<em>Siempre pens\u00e9 que \u00edbamos a ganar estas elecciones y quiero deciros que vamos a ganarlas (&#8230;) esto para nosotros es solo una pr\u00f3rroga\u00bb,<\/em> dijo Lula, quien record\u00f3 que hace cuatro a\u00f1os le&nbsp;trataron \u00ab<em>como a un ser humano fuera de la pol\u00edtica<\/em>\u00ab.&nbsp;<\/p>\n\n\n\n<p>\u00ab<em>Para desgracia de alguno, tengo otras cuatro semanas para seguir haciendo campa\u00f1a (&#8230;) va a ser la primera oportunidad de hacer un debate cara a cara con el presidente. Es una oportunidad que el pueblo brasile\u00f1o me da<\/em>\u00ab, afirm\u00f3.<\/p>\n\n\n\n<p>\u00ab<em>La lucha contin\u00faa. Esperamos contar con el apoyo y la solidaridad de cada uno de vosotros\u00bb<\/em>, coment\u00f3.<\/p>\n\n\n\n<p>Con un escrutinio del 99.99% de los votos, las autoridades electorales determinaron que Lula y el actual mandatario de Brasil, el ultraderechista Jair Bolsonaro, se enfrentar\u00e1n en el balotaje del pr\u00f3ximo 30 de octubre.<\/p>\n\n\n\n<p>Bolsonaro registr\u00f3 un 43,20 % de los sufragios, mucho m\u00e1s de lo que vaticinaban los sondeos, lo que augura una disputada segunda vuelta..<\/p>\n\n\n\n<p>Con una abstenci\u00f3n en torno al 20 % y 6.400.000 votos m\u00e1s que&nbsp; Bolsonaro , LULA gan\u00f3 las Elecciones de esta primera vuelta <\/p>\n\n\n\n<figure class=\"wp-block-image size-large\"><img fetchpriority=\"high\" decoding=\"async\" width=\"1080\" height=\"655\" src=\"http:\/\/xn--tuvozdiasporaespaola-k7b.com\/wp-content\/uploads\/2022\/10\/screenshot_20221002-223541_chrome9049202456749785339.jpg?w=1024\" alt=\"\" class=\"wp-image-277\" srcset=\"https:\/\/xn--tuvozdiasporaespaola-k7b.com\/wp-content\/uploads\/2022\/10\/screenshot_20221002-223541_chrome9049202456749785339.jpg 1080w, https:\/\/xn--tuvozdiasporaespaola-k7b.com\/wp-content\/uploads\/2022\/10\/screenshot_20221002-223541_chrome9049202456749785339-300x182.jpg 300w, https:\/\/xn--tuvozdiasporaespaola-k7b.com\/wp-content\/uploads\/2022\/10\/screenshot_20221002-223541_chrome9049202456749785339-1024x621.jpg 1024w, https:\/\/xn--tuvozdiasporaespaola-k7b.com\/wp-content\/uploads\/2022\/10\/screenshot_20221002-223541_chrome9049202456749785339-768x466.jpg 768w\" sizes=\"(max-width: 1080px) 100vw, 1080px\" \/><\/figure>\n\n\n\n<p>Bolsonaro&nbsp; en estos \u00faltimos meses hizo pol\u00edticas populistas de Bajada de Impuestos en el combustible , alimentos&nbsp; y ayudas sociales&nbsp; que promete extender hasta \u00faltimos de a\u00f1o .<\/p>\n\n\n\n<p>Sin lugar a dudas&nbsp; estas ayudas han&nbsp; podido revertir loas encuestas , esperemos que en la segunda vuelta el pueblo Brasile\u00f1o despierte&nbsp; del letargo y pidamos vencer al Neofascismo Bolsonarista,&nbsp;&nbsp; Campe\u00f3n de la Xenofobia , racismo y destructor&nbsp; de derechos hist\u00f3ricos&nbsp; sociales de los y las trabajadoras.<\/p>\n\n\n\n<figure class=\"wp-block-image size-large\"><img decoding=\"async\" width=\"410\" height=\"380\" src=\"http:\/\/xn--tuvozdiasporaespaola-k7b.com\/wp-content\/uploads\/2022\/10\/fxgf7juxwaiwh8x3115224552269179198.jpg?w=410\" alt=\"\" class=\"wp-image-278\" srcset=\"https:\/\/xn--tuvozdiasporaespaola-k7b.com\/wp-content\/uploads\/2022\/10\/fxgf7juxwaiwh8x3115224552269179198.jpg 410w, https:\/\/xn--tuvozdiasporaespaola-k7b.com\/wp-content\/uploads\/2022\/10\/fxgf7juxwaiwh8x3115224552269179198-300x278.jpg 300w\" sizes=\"(max-width: 410px) 100vw, 410px\" \/><figcaption class=\"wp-element-caption\">Lula VENCEDOR&nbsp; y se perfila presidente de BRASIL en segunda vuelta <\/figcaption><\/figure>\n\n\n\n<p>Equipodd Redacci\u00f3n de&nbsp; Revista TU VOZ Latinoam\u00e9rica <\/p>\n","protected":false},"excerpt":{"rendered":"<p>El exmandatario de Brasil y candidato presidencial del Partido de los Trabajadores (PT), Luiz In\u00e1cio Lula da Silva, se pronunci\u00f3 este domingo despu\u00e9s del &#8230; <\/p>\n<p class=\"read-more-container\"><a title=\"Lula se pronuncia tras su Trunfo y su\u00a0 pase a segunda vuelta con Bolsonaro.\" class=\"read-more button\" href=\"https:\/\/xn--tuvozdiasporaespaola-k7b.com\/page\/2\/lula-se-pronuncia-tras-su-trunfo-y-su-pase-a-segunda-vuelta-con-bolsonaro\/#more-279\" aria-label=\"M\u00e1s en Lula se pronuncia tras su Trunfo y su\u00a0 pase a segunda vuelta con Bolsonaro.\">Leer m\u00e1s<\/a><\/p>\n","protected":false},"author":222560522,"featured_media":0,"comment_status":"open","ping_status":"open","sticky":false,"template":"","format":"standard","meta":{"footnotes":""},"categories":[1771],"tags":[],"class_list":["post-279","post","type-post","status-publish","format-standard","hentry","category-sociales"],"_links":{"self":[{"href":"https:\/\/xn--tuvozdiasporaespaola-k7b.com\/page\/2\/wp-json\/wp\/v2\/posts\/279","targetHints":{"allow":["GET"]}}],"collection":[{"href":"https:\/\/xn--tuvozdiasporaespaola-k7b.com\/page\/2\/wp-json\/wp\/v2\/posts"}],"about":[{"href":"https:\/\/xn--tuvozdiasporaespaola-k7b.com\/page\/2\/wp-json\/wp\/v2\/types\/post"}],"author":[{"embeddable":true,"href":"https:\/\/xn--tuvozdiasporaespaola-k7b.com\/page\/2\/wp-json\/wp\/v2\/users\/222560522"}],"replies":[{"embeddable":true,"href":"https:\/\/xn--tuvozdiasporaespaola-k7b.com\/page\/2\/wp-json\/wp\/v2\/comments?post=279"}],"version-history":[{"count":0,"href":"https:\/\/xn--tuvozdiasporaespaola-k7b.com\/page\/2\/wp-json\/wp\/v2\/posts\/279\/revisions"}],"wp:attachment":[{"href":"https:\/\/xn--tuvozdiasporaespaola-k7b.com\/page\/2\/wp-json\/wp\/v2\/media?parent=279"}],"wp:term":[{"taxonomy":"category","embeddable":true,"href":"https:\/\/xn--tuvozdiasporaespaola-k7b.com\/page\/2\/wp-json\/wp\/v2\/categories?post=279"},{"taxonomy":"post_tag","embeddable":true,"href":"https:\/\/xn--tuvozdiasporaespaola-k7b.com\/page\/2\/wp-json\/wp\/v2\/tags?post=279"}],"curies":[{"name":"wp","href":"https:\/\/api.w.org\/{rel}","templated":true}]}}