{"id":270,"date":"2022-10-02T09:56:49","date_gmt":"2022-10-02T12:56:49","guid":{"rendered":"https:\/\/xn--tuvozdiasporaespaola-k7b.com\/2022\/10\/02\/revista-tu-voz-numero-7-septiembre-america-latinoamerica-y-europa\/"},"modified":"2022-10-02T09:58:22","modified_gmt":"2022-10-02T12:58:22","slug":"revista-tu-voz-numero-7-septiembre-america-latinoamerica-y-europa","status":"publish","type":"post","link":"https:\/\/xn--tuvozdiasporaespaola-k7b.com\/page\/2\/revista-tu-voz-numero-7-septiembre-america-latinoamerica-y-europa\/","title":{"rendered":"\u00abREVISTA TU VOZ \u00bb n\u00famero 7 Septiembre  AMERICA&amp; LATINOAM\u00c9RICA  y EUROPA ."},"content":{"rendered":"\n<p>Noticias, Opiniones  una forma diferente de ver la pol\u00edtica desde un espacio Progresista de Am\u00e9rica, Latinoam\u00e9rica y el Caribe. <\/p>\n\n\n\n<p>Con la Patria Grande , por y para combatir las desigualdades , pol\u00edticas neoliberales , patriarcales  y fascistas .<\/p>\n\n\n\n<p>Espacio de lucha y acompa\u00f1amiento .<\/p>\n\n\n\n<figure class=\"wp-block-image size-large\"><img fetchpriority=\"high\" decoding=\"async\" width=\"1077\" height=\"1437\" src=\"http:\/\/xn--tuvozdiasporaespaola-k7b.com\/wp-content\/uploads\/2022\/10\/screenshot_20221001-211804_chrome5931258693260620897.jpg?w=767\" alt=\"\" class=\"wp-image-271\" srcset=\"https:\/\/xn--tuvozdiasporaespaola-k7b.com\/wp-content\/uploads\/2022\/10\/screenshot_20221001-211804_chrome5931258693260620897.jpg 1077w, https:\/\/xn--tuvozdiasporaespaola-k7b.com\/wp-content\/uploads\/2022\/10\/screenshot_20221001-211804_chrome5931258693260620897-225x300.jpg 225w, https:\/\/xn--tuvozdiasporaespaola-k7b.com\/wp-content\/uploads\/2022\/10\/screenshot_20221001-211804_chrome5931258693260620897-767x1024.jpg 767w, https:\/\/xn--tuvozdiasporaespaola-k7b.com\/wp-content\/uploads\/2022\/10\/screenshot_20221001-211804_chrome5931258693260620897-768x1025.jpg 768w\" sizes=\"(max-width: 1077px) 100vw, 1077px\" \/><\/figure>\n\n\n\n<p>Editada por la Red de C\u00edrculos de Latinoam\u00e9rica y colaboraci\u00f3n de Red de C\u00edrculos Europa de Podemos Exterior <\/p>\n\n\n\n<p><a href=\"https:\/\/heyzine.com\/flip-book\/d5329f6cd6.html\">https:\/\/heyzine.com\/flip-book\/d5329f6cd6.html<\/a><\/p>\n","protected":false},"excerpt":{"rendered":"<p>Noticias, Opiniones una forma diferente de ver la pol\u00edtica desde un espacio Progresista de Am\u00e9rica, Latinoam\u00e9rica y el Caribe. Con la Patria Grande , &#8230; <\/p>\n<p class=\"read-more-container\"><a title=\"\u00abREVISTA TU VOZ \u00bb n\u00famero 7 Septiembre  AMERICA&amp; LATINOAM\u00c9RICA  y EUROPA .\" class=\"read-more button\" href=\"https:\/\/xn--tuvozdiasporaespaola-k7b.com\/page\/2\/revista-tu-voz-numero-7-septiembre-america-latinoamerica-y-europa\/#more-270\" aria-label=\"M\u00e1s en \u00abREVISTA TU VOZ \u00bb n\u00famero 7 Septiembre  AMERICA&amp; LATINOAM\u00c9RICA  y EUROPA .\">Leer m\u00e1s<\/a><\/p>\n","protected":false},"author":222560522,"featured_media":0,"comment_status":"open","ping_status":"open","sticky":false,"template":"","format":"standard","meta":{"footnotes":""},"categories":[1771],"tags":[],"class_list":["post-270","post","type-post","status-publish","format-standard","hentry","category-sociales"],"_links":{"self":[{"href":"https:\/\/xn--tuvozdiasporaespaola-k7b.com\/page\/2\/wp-json\/wp\/v2\/posts\/270","targetHints":{"allow":["GET"]}}],"collection":[{"href":"https:\/\/xn--tuvozdiasporaespaola-k7b.com\/page\/2\/wp-json\/wp\/v2\/posts"}],"about":[{"href":"https:\/\/xn--tuvozdiasporaespaola-k7b.com\/page\/2\/wp-json\/wp\/v2\/types\/post"}],"author":[{"embeddable":true,"href":"https:\/\/xn--tuvozdiasporaespaola-k7b.com\/page\/2\/wp-json\/wp\/v2\/users\/222560522"}],"replies":[{"embeddable":true,"href":"https:\/\/xn--tuvozdiasporaespaola-k7b.com\/page\/2\/wp-json\/wp\/v2\/comments?post=270"}],"version-history":[{"count":0,"href":"https:\/\/xn--tuvozdiasporaespaola-k7b.com\/page\/2\/wp-json\/wp\/v2\/posts\/270\/revisions"}],"wp:attachment":[{"href":"https:\/\/xn--tuvozdiasporaespaola-k7b.com\/page\/2\/wp-json\/wp\/v2\/media?parent=270"}],"wp:term":[{"taxonomy":"category","embeddable":true,"href":"https:\/\/xn--tuvozdiasporaespaola-k7b.com\/page\/2\/wp-json\/wp\/v2\/categories?post=270"},{"taxonomy":"post_tag","embeddable":true,"href":"https:\/\/xn--tuvozdiasporaespaola-k7b.com\/page\/2\/wp-json\/wp\/v2\/tags?post=270"}],"curies":[{"name":"wp","href":"https:\/\/api.w.org\/{rel}","templated":true}]}}