{"id":269,"date":"2022-10-01T00:19:00","date_gmt":"2022-10-01T03:19:00","guid":{"rendered":"https:\/\/xn--tuvozdiasporaespaola-k7b.com\/2022\/10\/01\/la-convalidacion-de-titulos-para-quienes-regresen-a-espana\/"},"modified":"2022-10-01T00:19:00","modified_gmt":"2022-10-01T03:19:00","slug":"la-convalidacion-de-titulos-para-quienes-regresen-a-espana","status":"publish","type":"post","link":"https:\/\/xn--tuvozdiasporaespaola-k7b.com\/page\/2\/la-convalidacion-de-titulos-para-quienes-regresen-a-espana\/","title":{"rendered":"LA CONVALIDACI\u00d3N DE T\u00cdTULOS PARA QUIENES REGRESEN A ESPA\u00d1A"},"content":{"rendered":"\n<p>Entrevista a Gustavo Yepes presidente de la Comisi\u00f3n de Educaci\u00f3n, Cultura y Deportes del Consejo General de la Ciudadan\u00eda Espa\u00f1ola en el Exterior. <\/p>\n\n\n\n<p>Gustavo Yepes, Presidente de la Comisi\u00f3n de Educaci\u00f3n, Cultura y Deportes del Consejo General de la Ciudadan\u00eda de Espa\u00f1oles en el Exterior, dio a conocer detalles de los objetivos trazados en pos de facilitar la convalidaci\u00f3n y la homologaci\u00f3n de t\u00edtulos para quienes regresen a Espa\u00f1a.&nbsp;<\/p>\n\n\n\n<p>Durante una entrevista realizada por Francisco L\u00f3pez para el programa radial Cenizas de Babilonia, Yepes se refiri\u00f3, entre otros temas, a la problem\u00e1tica que existe entre muchos j\u00f3venes espa\u00f1oles residentes en el extranjero que, al regresar a Espa\u00f1a, no logran convalidad sus t\u00edtulos. \u201cHay un problema real que tenemos que entender y trabajar desde la comisi\u00f3n para plante\u00e1rselo al Ministerio de Universidades. Hay much\u00edsimos espa\u00f1oles y personas de otras nacionalidades que quieren venir a trabajar a Espa\u00f1a y poner en pr\u00e1ctica su titulaci\u00f3n. Para eso estudiaron, pero est\u00e1 habiendo una lentitud muy grande en las homologaciones de t\u00edtulos. Estas homologaciones est\u00e1n creando muchos problemas porque est\u00e1n tardando aproximadamente unos dos a\u00f1os. Y pueden llegar a ser homologaciones parciales, no totales; lo que generar\u00eda en muchos casos la idea de que todav\u00eda tuviesen que realizar medio a\u00f1o o un a\u00f1o m\u00e1s para poder tener su titulaci\u00f3n. Esto genera que la persona que regresa a Espa\u00f1a tenga que trabajar de camarero, etc. Debido a ello estamos en di\u00e1logo con el gobierno y con la universidad. Vamos a tratar de colaborar con aquellas personas que est\u00e9n estudiando o que hayan terminado sus estudios para que puedan realizar en alguna universidad que ellos decidan -y dentro de la facultad de la carrera que ellos hayan hecho- la posibilidad de convalidar todos sus estudios realizados, en este caso en Argentina, aunque hablamos de cualquier persona que venga de cualquier lugar extra comunitario\u201d.<\/p>\n\n\n\n<p>Convalidar los estudios de quienes quieran residir en Espa\u00f1a implicar\u00eda la posibilidad de finalizar los estudios faltantes y titularse nuevamente en una universidad espa\u00f1ola. \u201cEsto lo estuvimos conversando en Murcia.<\/p>\n\n\n\n<figure class=\"wp-block-image size-large\"><img fetchpriority=\"high\" decoding=\"async\" width=\"1280\" height=\"720\" src=\"http:\/\/xn--tuvozdiasporaespaola-k7b.com\/wp-content\/uploads\/2022\/10\/20220617143742602734189310544120740175.jpg?w=1024\" alt=\"\" class=\"wp-image-267\" srcset=\"https:\/\/xn--tuvozdiasporaespaola-k7b.com\/wp-content\/uploads\/2022\/10\/20220617143742602734189310544120740175.jpg 1280w, https:\/\/xn--tuvozdiasporaespaola-k7b.com\/wp-content\/uploads\/2022\/10\/20220617143742602734189310544120740175-300x169.jpg 300w, https:\/\/xn--tuvozdiasporaespaola-k7b.com\/wp-content\/uploads\/2022\/10\/20220617143742602734189310544120740175-1024x576.jpg 1024w, https:\/\/xn--tuvozdiasporaespaola-k7b.com\/wp-content\/uploads\/2022\/10\/20220617143742602734189310544120740175-768x432.jpg 768w\" sizes=\"(max-width: 1280px) 100vw, 1280px\" \/><figcaption class=\"wp-element-caption\">Gustavo Yepes junto a la Comisi\u00f3n de Educaci\u00f3n,  Cultura y Deportes del CGCEE<\/figcaption><\/figure>\n\n\n\n<p>No todas las facultades lo toman, porque hay algunas que est\u00e1n m\u00e1s saturadas que otras. Hay much\u00edsimas universidades p\u00fablicas y no p\u00fablicas en donde pueden llegar a tramitarse este tipo de convalidaciones. No confundir ni homologaci\u00f3n ni equivalencia; estamos hablando de convalidaciones de estudios para concluirlos nuevamente aqu\u00ed en Espa\u00f1a\u201d, remarc\u00f3 el Presidente de la Comisi\u00f3n de Educaci\u00f3n, Cultura y Deportes del Consejo General de la Ciudadan\u00eda de Espa\u00f1oles en el Exterior.&nbsp;<\/p>\n\n\n\n<p>Una vez que el estudiante se haya recibido en Espa\u00f1a, la titulaci\u00f3n no s\u00f3lo servir\u00e1 para trabajar dentro del territorio espa\u00f1ol, sino en toda la Comunidad Europea, ya que la convalidaci\u00f3n ser\u00e1 v\u00e1lida e implicar\u00e1 el reconocimiento de los a\u00f1os que los estudiantes hayan hecho antes de matricularse en una universidad espa\u00f1ola. \u201cVamos a suponer que me he recibido como Administrador de Empresas y quiero homologar mi t\u00edtulo en Espa\u00f1a. La homologaci\u00f3n va por el Ministerio de Universidades, tal como hasta ahora. Pero supongamos que quiero ver la posibilidad de agilizar un poco los tr\u00e1mites. Entonces me pongo en contacto directamente con esa facultad, con la universidad que yo decida. Me pongo en contacto con la facultad de Administraci\u00f3n de Empresas y voy directamente a la gente de estudios y solicito la alternativa de convalidar mis materias. \u00bfEsto qu\u00e9 implica?&#8230; Yo puedo haber terminado la carrera en Argentina, pero la Universidad de Murcia (por citar un ejemplo), a m\u00ed me dice que consideran la validaci\u00f3n de tres a\u00f1os y medio; o sea que falta un a\u00f1o m\u00e1s de estudios porque me faltar\u00edan ciertos cr\u00e9ditos que se consideran necesarios para poder titularte en la universidad. Entonces esos cr\u00e9ditos que te van a reconocer, seguramente impliquen que te van a cobrar un dinero proporcional, porque no has estudiado en la universidad. Y luego, ya inscripto como alumno regular de la Universidad de Murcia (siempre como un ejemplo), terminar\u00edas tu carrera y tendr\u00edas tu titulaci\u00f3n de Licenciado en Administraci\u00f3n; es decir, una titulaci\u00f3n espa\u00f1ola\u201d.<\/p>\n\n\n\n<p>Gustavo Yepes se\u00f1al\u00f3 que esta metodolog\u00eda podr\u00eda llevar a lo sumo un a\u00f1o y medio. \u201cEs mucho menos tiempo de lo que puede llevar la homologaci\u00f3n\u201d.<\/p>\n\n\n\n<figure class=\"wp-block-image size-large\"><img decoding=\"async\" width=\"1066\" height=\"720\" src=\"http:\/\/xn--tuvozdiasporaespaola-k7b.com\/wp-content\/uploads\/2022\/10\/screenshot_20221001-001607_gallery2513077022217675040.jpg?w=1024\" alt=\"\" class=\"wp-image-268\" srcset=\"https:\/\/xn--tuvozdiasporaespaola-k7b.com\/wp-content\/uploads\/2022\/10\/screenshot_20221001-001607_gallery2513077022217675040.jpg 1066w, https:\/\/xn--tuvozdiasporaespaola-k7b.com\/wp-content\/uploads\/2022\/10\/screenshot_20221001-001607_gallery2513077022217675040-300x203.jpg 300w, https:\/\/xn--tuvozdiasporaespaola-k7b.com\/wp-content\/uploads\/2022\/10\/screenshot_20221001-001607_gallery2513077022217675040-1024x692.jpg 1024w, https:\/\/xn--tuvozdiasporaespaola-k7b.com\/wp-content\/uploads\/2022\/10\/screenshot_20221001-001607_gallery2513077022217675040-768x519.jpg 768w\" sizes=\"(max-width: 1066px) 100vw, 1066px\" \/><figcaption class=\"wp-element-caption\">Gustavo Yepes <\/figcaption><\/figure>\n\n\n\n<p>En relaci\u00f3n a las becas Erasmus que se dan en Espa\u00f1a y en Europa, Yepes sostuvo que \u201cErasmus es un programa para las universidades europeas; es un intercambiointeruniversitario europeo. Existen ciertos programas, tal como ocurri\u00f3 hace algunos a\u00f1os con uno de ellos que se llam\u00f3 Cruz del Sur, que son los llamados Erasmus Plus o Eramus Mundus, que permiten a alumnos de universidades de Am\u00e9rica Latina poder ir a realizar estudios a universidades europeas. No solamente espa\u00f1olas, sino europeas. Pero para esto tiene que haber un convenio espec\u00edfico entre conjuntos de universidades europeas por un lado, y conjuntos de universidades americanas por otro lado, para generar ese pacto y que sea aprobado por Uni\u00f3n Europea. Hace algunos a\u00f1os atr\u00e1s tuvimos un Erasmus Mundus con casi ciento sesenta y ocho becas para masters y doctorados en doble direcci\u00f3n, en la cual hab\u00eda m\u00e1s direcci\u00f3n de Am\u00e9rica Latina para Europa que de Europa para Am\u00e9rica Latina, con un muy buen dinero para que la gente pudiese llevar a cabo estos estudios. Ojal\u00e1 se volvieran a dar, pero son programas que no dependen de Espa\u00f1a, sino de la Comunidad Europea\u201d<br><br>Gustavo Yepes tambi\u00e9n hizo referencia a SEPIE, la entidad que nuclea a la Ense\u00f1anza Superior en Espa\u00f1a. \u201cEn el pr\u00f3ximo mes de noviembre habr\u00e1 una estructura de trabajo que va a terminar en una feria a desarrollarse en Mar del Plata, en donde estar\u00e1 la gente del SEPIE con un conjunto de universidades espa\u00f1olas; igualmente habr\u00e1 un Study in Spanish en Buenos Aires, para lo cual justamente est\u00e1 la divulgaci\u00f3n de todo lo que se quiere hacer, que es el trabajo de internalizaci\u00f3n de las universidades espa\u00f1olas, y hay una buena relaci\u00f3n con Am\u00e9rica Latina, sobre todo con Chile, Uruguay, Brasil, M\u00e9xico y Argentina. Y lo importante es que hay un gran inter\u00e9s por parte de estas asociaciones para poder fomentar la internalizaci\u00f3n. A esto hay que agregarle un componente complicado que hay hoy en d\u00eda. Nosotros queremos una internalizaci\u00f3n de las universidades y las posibilidades de que nuestra gente de Am\u00e9rica Latina venga a Espa\u00f1a, pero los consulados tienen que tener mayor cantidad de disponibilidad de tiempos y de personal para poder emitir los visados en tiempo y forma para que toda esta gente pueda asistir a estas universidades\u201d.\u00a0\u00a0<\/p>\n\n\n\n<p>Walter  C. Medina <\/p>\n\n\n\n<p>Equipo de Redacci\u00f3n de Revista TU VOZ .<\/p>\n\n\n\n<p>Argentina<\/p>\n\n\n\n<p><\/p>\n\n\n\n<p><br><br>\u00a0\u00a0\u00a0<\/p>\n","protected":false},"excerpt":{"rendered":"<p>Entrevista a Gustavo Yepes presidente de la Comisi\u00f3n de Educaci\u00f3n, Cultura y Deportes del Consejo General de la Ciudadan\u00eda Espa\u00f1ola en el Exterior. Gustavo &#8230; <\/p>\n<p class=\"read-more-container\"><a title=\"LA CONVALIDACI\u00d3N DE T\u00cdTULOS PARA QUIENES REGRESEN A ESPA\u00d1A\" class=\"read-more button\" href=\"https:\/\/xn--tuvozdiasporaespaola-k7b.com\/page\/2\/la-convalidacion-de-titulos-para-quienes-regresen-a-espana\/#more-269\" aria-label=\"M\u00e1s en LA CONVALIDACI\u00d3N DE T\u00cdTULOS PARA QUIENES REGRESEN A ESPA\u00d1A\">Leer m\u00e1s<\/a><\/p>\n","protected":false},"author":222560522,"featured_media":0,"comment_status":"open","ping_status":"open","sticky":false,"template":"","format":"standard","meta":{"footnotes":""},"categories":[1771],"tags":[],"class_list":["post-269","post","type-post","status-publish","format-standard","hentry","category-sociales"],"_links":{"self":[{"href":"https:\/\/xn--tuvozdiasporaespaola-k7b.com\/page\/2\/wp-json\/wp\/v2\/posts\/269","targetHints":{"allow":["GET"]}}],"collection":[{"href":"https:\/\/xn--tuvozdiasporaespaola-k7b.com\/page\/2\/wp-json\/wp\/v2\/posts"}],"about":[{"href":"https:\/\/xn--tuvozdiasporaespaola-k7b.com\/page\/2\/wp-json\/wp\/v2\/types\/post"}],"author":[{"embeddable":true,"href":"https:\/\/xn--tuvozdiasporaespaola-k7b.com\/page\/2\/wp-json\/wp\/v2\/users\/222560522"}],"replies":[{"embeddable":true,"href":"https:\/\/xn--tuvozdiasporaespaola-k7b.com\/page\/2\/wp-json\/wp\/v2\/comments?post=269"}],"version-history":[{"count":0,"href":"https:\/\/xn--tuvozdiasporaespaola-k7b.com\/page\/2\/wp-json\/wp\/v2\/posts\/269\/revisions"}],"wp:attachment":[{"href":"https:\/\/xn--tuvozdiasporaespaola-k7b.com\/page\/2\/wp-json\/wp\/v2\/media?parent=269"}],"wp:term":[{"taxonomy":"category","embeddable":true,"href":"https:\/\/xn--tuvozdiasporaespaola-k7b.com\/page\/2\/wp-json\/wp\/v2\/categories?post=269"},{"taxonomy":"post_tag","embeddable":true,"href":"https:\/\/xn--tuvozdiasporaespaola-k7b.com\/page\/2\/wp-json\/wp\/v2\/tags?post=269"}],"curies":[{"name":"wp","href":"https:\/\/api.w.org\/{rel}","templated":true}]}}