{"id":263,"date":"2022-09-30T16:30:35","date_gmt":"2022-09-30T19:30:35","guid":{"rendered":"https:\/\/xn--tuvozdiasporaespaola-k7b.com\/?p=263"},"modified":"2022-09-30T16:30:46","modified_gmt":"2022-09-30T19:30:46","slug":"30-de-septiembre-dia-de-los-y-las-desaparecidos-espanoles-en-argentina","status":"publish","type":"post","link":"https:\/\/xn--tuvozdiasporaespaola-k7b.com\/page\/2\/30-de-septiembre-dia-de-los-y-las-desaparecidos-espanoles-en-argentina\/","title":{"rendered":"30 de septiembre. D\u00eda de los y las desaparecidos espa\u00f1oles en Argentina"},"content":{"rendered":"\n<p>Cuando llegan  estas fechas el recuerdo de tiempos anteriores de  la Dictadura Argentina \u00a1Sanguinaria y Asesina! nos trae a la mente  los compa\u00f1eros y compa\u00f1eras desaparecidos. Para los dem\u00f3cratas esta fecha designada para el recuerdo y no olvido marca en el calendario  el reclamo aun hoy  de  VERDAD , JUSTICIA y REPARACI\u00d3N   y que nuestras instituciones  desde los Consulados a la Embajada as\u00ed como el Ministerio de Asuntos Exteriores  contin\u00faen y acrecenten las iniciativas necesarias para esclarecer la verdad en tantas familias espa\u00f1olas afectadas por cr\u00edmenes de Estado  en la \u00faltima dictadura de VIDELA  y sus c\u00f3mplices.<\/p>\n\n\n\n<figure class=\"wp-block-image size-large\"><img fetchpriority=\"high\" decoding=\"async\" width=\"1080\" height=\"1466\" src=\"http:\/\/xn--tuvozdiasporaespaola-k7b.com\/wp-content\/uploads\/2022\/09\/screenshot_20220930-154838_whatsapp7850403665721433541.jpg?w=754\" alt=\"\" class=\"wp-image-265\" srcset=\"https:\/\/xn--tuvozdiasporaespaola-k7b.com\/wp-content\/uploads\/2022\/09\/screenshot_20220930-154838_whatsapp7850403665721433541.jpg 1080w, https:\/\/xn--tuvozdiasporaespaola-k7b.com\/wp-content\/uploads\/2022\/09\/screenshot_20220930-154838_whatsapp7850403665721433541-221x300.jpg 221w, https:\/\/xn--tuvozdiasporaespaola-k7b.com\/wp-content\/uploads\/2022\/09\/screenshot_20220930-154838_whatsapp7850403665721433541-754x1024.jpg 754w, https:\/\/xn--tuvozdiasporaespaola-k7b.com\/wp-content\/uploads\/2022\/09\/screenshot_20220930-154838_whatsapp7850403665721433541-768x1042.jpg 768w\" sizes=\"(max-width: 1080px) 100vw, 1080px\" \/><figcaption class=\"wp-element-caption\">Primer reclamo de las fuerzas Democr\u00e1ticas espa\u00f1olas en tiempos  de la dictadura Argentina <\/figcaption><\/figure>\n\n\n\n<p><\/p>\n\n\n\n<p>Un 30 de septiembre de 1982 se present\u00f3 ante el Consulado de Espa\u00f1a en Buenos Aires el<br \/>primer H\u00e1beas Corpus colectivo. En el mismo estaban les primeres treinta ciudadanes<br \/>secuestrados por la genocida dictadura militar iniciada en 1976. Por el principio de jus<br \/>sanguinis, se presume que hay m\u00e1s de 900 ciudadanos y Ciudadanas espa\u00f1oles desaparecides en Argentina por el terrorismo de Estado.<\/p>\n\n\n\n<p>A escasos d\u00edas en que se apruebe la Ley de Memoria Democr\u00e1tica en el Senado espa\u00f1ol,<br \/>requeriremos a las autoridades consulares y a la Embajada de Espa\u00f1a en Buenos Aires la<br \/>desclasificaci\u00f3n de toda la documentaci\u00f3n referida a dichas desapariciones.<br \/>Y un a\u00f1adido a la Ley de Memoria Democr\u00e1tica<br \/>respaldando la articulaci\u00f3n de pol\u00edticas integrales de Memoria Democr\u00e1tica a trav\u00e9s del plan cuatrienal de actuaciones y al Consejo Territorial como instrumento de cooperaci\u00f3n entre el Estado y las comunidades aut\u00f3nomas, con participaci\u00f3n de las entidades locales a trav\u00e9s de la Federaci\u00f3n Espa\u00f1ola de Municipios y Provincias (FEMP).<\/p>\n\n\n\n<figure class=\"wp-block-image size-large\"><img decoding=\"async\" width=\"1071\" height=\"1101\" src=\"http:\/\/xn--tuvozdiasporaespaola-k7b.com\/wp-content\/uploads\/2022\/09\/screenshot_20220930-155209_chrome4163415205447500621.jpg?w=996\" alt=\"\" class=\"wp-image-262\" srcset=\"https:\/\/xn--tuvozdiasporaespaola-k7b.com\/wp-content\/uploads\/2022\/09\/screenshot_20220930-155209_chrome4163415205447500621.jpg 1071w, https:\/\/xn--tuvozdiasporaespaola-k7b.com\/wp-content\/uploads\/2022\/09\/screenshot_20220930-155209_chrome4163415205447500621-292x300.jpg 292w, https:\/\/xn--tuvozdiasporaespaola-k7b.com\/wp-content\/uploads\/2022\/09\/screenshot_20220930-155209_chrome4163415205447500621-996x1024.jpg 996w, https:\/\/xn--tuvozdiasporaespaola-k7b.com\/wp-content\/uploads\/2022\/09\/screenshot_20220930-155209_chrome4163415205447500621-768x790.jpg 768w\" sizes=\"(max-width: 1071px) 100vw, 1071px\" \/><\/figure>\n\n\n\n<p>Y en la Rep\u00fablica Argentina recabar la informaci\u00f3n pertinente a las autoridades argentinas y espa\u00f1olas y en especial a los organismos de Derechos Humanos de toda la informaci\u00f3n existente sobre los m\u00e1s de 900 espa\u00f1olas\/es desaparecidos durante la \u00faltima dictadura militar argentina.<br>Apoyamos igualmente las reivindicaciones de la Asociaci\u00f3n para la Recuperaci\u00f3n de la Memoria Hist\u00f3rica y del Foro para la Memoria y Comisi\u00f3n de desaparecidos Espa\u00f1oles en Argentina.<br>Y cu\u00e1ntas solicitudes o requerimientos se hagan a tal efecto.<\/p>\n\n\n\n<figure class=\"wp-block-image size-large\"><img decoding=\"async\" width=\"1960\" height=\"1470\" src=\"http:\/\/xn--tuvozdiasporaespaola-k7b.com\/wp-content\/uploads\/2022\/09\/mkyqwtthoebc2fz6y4nzlgphz42553146357544351337.jpg?w=1024\" alt=\"\" class=\"wp-image-264\" srcset=\"https:\/\/xn--tuvozdiasporaespaola-k7b.com\/wp-content\/uploads\/2022\/09\/mkyqwtthoebc2fz6y4nzlgphz42553146357544351337.jpg 1960w, https:\/\/xn--tuvozdiasporaespaola-k7b.com\/wp-content\/uploads\/2022\/09\/mkyqwtthoebc2fz6y4nzlgphz42553146357544351337-300x225.jpg 300w, https:\/\/xn--tuvozdiasporaespaola-k7b.com\/wp-content\/uploads\/2022\/09\/mkyqwtthoebc2fz6y4nzlgphz42553146357544351337-1024x768.jpg 1024w, https:\/\/xn--tuvozdiasporaespaola-k7b.com\/wp-content\/uploads\/2022\/09\/mkyqwtthoebc2fz6y4nzlgphz42553146357544351337-768x576.jpg 768w, https:\/\/xn--tuvozdiasporaespaola-k7b.com\/wp-content\/uploads\/2022\/09\/mkyqwtthoebc2fz6y4nzlgphz42553146357544351337-1568x1176.jpg 1568w\" sizes=\"(max-width: 1960px) 100vw, 1960px\" \/><\/figure>\n\n\n\n<p><br>Recuperar sus voces, sus historias, sus luchas, sus sufrimientos es esencial en un proceso de<br>memoria colectiva que a su vez, es parte de nuestra memoria e identidad como pueblos<br>espa\u00f1ol y argentino.<\/p>\n\n\n\n<p>\u00a1Ni olvido , ni perd\u00f3n!<br \/>\u00a1Ahora y siempre Presentes!<\/p>\n\n\n\n<p>C\u00cdRCULO PODEMOS ARGENTINA Prov.<br \/>\u00c1rea de Memoria del C\u00edrculo.<\/p>\n\n\n\n<p><\/p>\n","protected":false},"excerpt":{"rendered":"<p>Cuando llegan estas fechas el recuerdo de tiempos anteriores de la Dictadura Argentina \u00a1Sanguinaria y Asesina! nos trae a la mente los compa\u00f1eros y &#8230; <\/p>\n<p class=\"read-more-container\"><a title=\"30 de septiembre. D\u00eda de los y las desaparecidos espa\u00f1oles en Argentina\" class=\"read-more button\" href=\"https:\/\/xn--tuvozdiasporaespaola-k7b.com\/page\/2\/30-de-septiembre-dia-de-los-y-las-desaparecidos-espanoles-en-argentina\/#more-263\" aria-label=\"M\u00e1s en 30 de septiembre. D\u00eda de los y las desaparecidos espa\u00f1oles en Argentina\">Leer m\u00e1s<\/a><\/p>\n","protected":false},"author":222560522,"featured_media":0,"comment_status":"open","ping_status":"open","sticky":false,"template":"","format":"standard","meta":{"footnotes":""},"categories":[1771],"tags":[],"class_list":["post-263","post","type-post","status-publish","format-standard","hentry","category-sociales"],"_links":{"self":[{"href":"https:\/\/xn--tuvozdiasporaespaola-k7b.com\/page\/2\/wp-json\/wp\/v2\/posts\/263","targetHints":{"allow":["GET"]}}],"collection":[{"href":"https:\/\/xn--tuvozdiasporaespaola-k7b.com\/page\/2\/wp-json\/wp\/v2\/posts"}],"about":[{"href":"https:\/\/xn--tuvozdiasporaespaola-k7b.com\/page\/2\/wp-json\/wp\/v2\/types\/post"}],"author":[{"embeddable":true,"href":"https:\/\/xn--tuvozdiasporaespaola-k7b.com\/page\/2\/wp-json\/wp\/v2\/users\/222560522"}],"replies":[{"embeddable":true,"href":"https:\/\/xn--tuvozdiasporaespaola-k7b.com\/page\/2\/wp-json\/wp\/v2\/comments?post=263"}],"version-history":[{"count":0,"href":"https:\/\/xn--tuvozdiasporaespaola-k7b.com\/page\/2\/wp-json\/wp\/v2\/posts\/263\/revisions"}],"wp:attachment":[{"href":"https:\/\/xn--tuvozdiasporaespaola-k7b.com\/page\/2\/wp-json\/wp\/v2\/media?parent=263"}],"wp:term":[{"taxonomy":"category","embeddable":true,"href":"https:\/\/xn--tuvozdiasporaespaola-k7b.com\/page\/2\/wp-json\/wp\/v2\/categories?post=263"},{"taxonomy":"post_tag","embeddable":true,"href":"https:\/\/xn--tuvozdiasporaespaola-k7b.com\/page\/2\/wp-json\/wp\/v2\/tags?post=263"}],"curies":[{"name":"wp","href":"https:\/\/api.w.org\/{rel}","templated":true}]}}