{"id":257,"date":"2022-09-29T00:01:19","date_gmt":"2022-09-29T03:01:19","guid":{"rendered":"https:\/\/xn--tuvozdiasporaespaola-k7b.com\/2022\/09\/29\/agrupemonos-todos-el-fascismo-a-las-puertas-de-europa\/"},"modified":"2022-09-29T00:01:19","modified_gmt":"2022-09-29T03:01:19","slug":"agrupemonos-todos-el-fascismo-a-las-puertas-de-europa","status":"publish","type":"post","link":"https:\/\/xn--tuvozdiasporaespaola-k7b.com\/page\/2\/agrupemonos-todos-el-fascismo-a-las-puertas-de-europa\/","title":{"rendered":"\u201c\u00a1AGRUP\u00c9MONOS TODOS!, EL FASCISMO A LAS PUERTAS DE EUROPA\u201d"},"content":{"rendered":"\n<p>Tal y como proclama el conocido himno de la Internacional, tras los \u00faltimos resultados de la ultraderecha en Europa y las amenazas de golpismo y regresi\u00f3n en Brasil y Chile, el llamamiento m\u00e1s urgente y necesario que recorre el espectro mundial es a la reconciliaci\u00f3n de las izquierdas y la presentaci\u00f3n de un \u00fanico Frente ante las pr\u00f3ximas citas electorales, muy cercanas en el caso de Espa\u00f1a.<\/p>\n\n\n\n<p>La demostraci\u00f3n de que el uso de la violencia irracional es tan s\u00f3lo un complemento del complot medi\u00e1tico y judicial de las \u00e9lites conservadoras en sus intentos de derrocar gobiernos del Pueblo y para el Pueblo, como en Argentina contra Cristina FK o en nuestro pa\u00eds, contra la Coalici\u00f3n progresista, con Pablo Iglesias y Podemos como diana, es tan incuestionable como alarmante.<\/p>\n\n\n\n<figure class=\"wp-block-image size-large\"><img fetchpriority=\"high\" decoding=\"async\" width=\"494\" height=\"262\" src=\"http:\/\/xn--tuvozdiasporaespaola-k7b.com\/wp-content\/uploads\/2022\/09\/maastricht7546662568644103432.jpg?w=494\" alt=\"\" class=\"wp-image-252\" srcset=\"https:\/\/xn--tuvozdiasporaespaola-k7b.com\/wp-content\/uploads\/2022\/09\/maastricht7546662568644103432.jpg 494w, https:\/\/xn--tuvozdiasporaespaola-k7b.com\/wp-content\/uploads\/2022\/09\/maastricht7546662568644103432-300x159.jpg 300w\" sizes=\"(max-width: 494px) 100vw, 494px\" \/><figcaption class=\"wp-element-caption\">Tratado de Maastricht Europa<\/figcaption><\/figure>\n\n\n\n<p>Tras los efectos de la \u2018Doctrina del Shock\u2019, empleada por los diferentes bloques de poder del escenario geopol\u00edtico occidental para silenciar y desactivar las movilizaciones ciudadanas ante las medidas de reestructuraci\u00f3n econ\u00f3mica y laboral y el austeric\u00eddio posteriores a la crisis de 2008, los c\u00edrculos que manejan de verdad el Poder planetario (por cierto, muy bien retratados en las reuniones secretas del Club Bilderberg y las Cumbres del G-20) han decidido claramente restaurar el fantasma del fascismo.<br><br>La llamada Democracia liberal, cuyos m\u00e1rgenes han transitado desde el pacto interclasista que posibilit\u00f3 el ascenso de la socialdemocracia despu\u00e9s de los 60, a la imposici\u00f3n \u2018urbi et orbe\u2019 de las doctrinas neoliberales, ya no les es \u00fatil a sus se\u00f1or\u00edas y ellos, encerrados en sus castillos y mansiones de lujo, prefieren contemplar desde la distancia como en un oto\u00f1o venidero previsiblemente caliente, las llamas de su Roma particular son ahogadas en las calles con legiones de polic\u00edas imponiendo la \u201cSeguridad Nacional\u201d desde sus reci\u00e9n estrenados Gobiernos autoritarios europeos desacomplejados ya de toda su dram\u00e1tica trayectoria hist\u00f3rica.\u00a0<\/p>\n\n\n\n<p><br><br><\/p>\n\n\n\n<figure class=\"wp-block-image size-large\"><img decoding=\"async\" width=\"1181\" height=\"1108\" src=\"http:\/\/xn--tuvozdiasporaespaola-k7b.com\/wp-content\/uploads\/2022\/09\/basesdeldl486771776226335532.png?w=1024\" alt=\"\" class=\"wp-image-253\" srcset=\"https:\/\/xn--tuvozdiasporaespaola-k7b.com\/wp-content\/uploads\/2022\/09\/basesdeldl486771776226335532.png 1181w, https:\/\/xn--tuvozdiasporaespaola-k7b.com\/wp-content\/uploads\/2022\/09\/basesdeldl486771776226335532-300x281.png 300w, https:\/\/xn--tuvozdiasporaespaola-k7b.com\/wp-content\/uploads\/2022\/09\/basesdeldl486771776226335532-1024x961.png 1024w, https:\/\/xn--tuvozdiasporaespaola-k7b.com\/wp-content\/uploads\/2022\/09\/basesdeldl486771776226335532-768x721.png 768w\" sizes=\"(max-width: 1181px) 100vw, 1181px\" \/><\/figure>\n\n\n\n<p>La Democracia, como sistema de gobierno m\u00e1s extendido, deseado y adoptado en la era actual posterior a la II Guerra Mundial, est\u00e1 siendo abandonada sin tapujos como aspiraci\u00f3n de los gobiernos, y por lo tanto, los ideales de Derechos y Libertades y los avances conquistados por todas las generaciones de precursores y luchadores que nos precedieron han sido y est\u00e1n siendo ninguneados con ayuda de los poderes medi\u00e1tico y judicial. El objetivo es que tarde o temprano, a las buenas o a las malas, la Humanidad acepte con resignaci\u00f3n un escenario dist\u00f3pico donde la libertad, igualdad y la fraternidad sean tan s\u00f3lo un apenas un recuerdo lejano en una asignatura de Historia a suprimir posteriormente en las escuelas e institutos.<\/p>\n\n\n\n<figure class=\"wp-block-image size-large\"><img decoding=\"async\" width=\"1200\" height=\"804\" src=\"http:\/\/xn--tuvozdiasporaespaola-k7b.com\/wp-content\/uploads\/2022\/09\/6975c6f9-18ab-4af6-adae-c3ff5d0cc8f1_alta-libre-aspect-ratio_default_0414811725209297731.jpg?w=1024\" alt=\"\" class=\"wp-image-256\" srcset=\"https:\/\/xn--tuvozdiasporaespaola-k7b.com\/wp-content\/uploads\/2022\/09\/6975c6f9-18ab-4af6-adae-c3ff5d0cc8f1_alta-libre-aspect-ratio_default_0414811725209297731.jpg 1200w, https:\/\/xn--tuvozdiasporaespaola-k7b.com\/wp-content\/uploads\/2022\/09\/6975c6f9-18ab-4af6-adae-c3ff5d0cc8f1_alta-libre-aspect-ratio_default_0414811725209297731-300x201.jpg 300w, https:\/\/xn--tuvozdiasporaespaola-k7b.com\/wp-content\/uploads\/2022\/09\/6975c6f9-18ab-4af6-adae-c3ff5d0cc8f1_alta-libre-aspect-ratio_default_0414811725209297731-1024x686.jpg 1024w, https:\/\/xn--tuvozdiasporaespaola-k7b.com\/wp-content\/uploads\/2022\/09\/6975c6f9-18ab-4af6-adae-c3ff5d0cc8f1_alta-libre-aspect-ratio_default_0414811725209297731-768x515.jpg 768w\" sizes=\"(max-width: 1200px) 100vw, 1200px\" \/><figcaption class=\"wp-element-caption\">Italia condenada al Fascismo solo con el 23% de los votos , y la Izquierda en casa&#8230;<\/figcaption><\/figure>\n\n\n\n<p>Tras la deriva neoliberal del llamado \u2018socialismo democr\u00e1tico\u2019 y el derrumbe de los Reg\u00edmenes del \u2018socialismo real\u2019 con la ca\u00edda del Muro de Berl\u00edn en el 89, las izquierdas occidentales no han sabido recomponer un verdadero escenario o proyecto mundial alternativo al Neoliberalismo y al capitalismo salvaje. Han existido propuestas novedosas, eso s\u00ed, como el Ecologismo y el Feminismo, que han cambiado el lenguaje y la agenda de muchos gobiernos incorporando nuevas conquistas a las tradicionales del discurso progresista.<\/p>\n\n\n\n<p>Sin embargo las heridas no cerradas entre las m\u00faltiples corrientes y formas de entender el proyecto siempre ut\u00f3pico, en el buen sentido, de la izquierda, y la falta de empat\u00eda y reconciliaci\u00f3n entre dirigentes de las formaciones incluso coaligadas para acceder a gobiernos e instituciones, han impedido hasta el momento un acto de sanaci\u00f3n internacional que permita un reencuentro hist\u00f3rico de las mismas y d\u00e9 esperanza a las mayor\u00edas populares ante el avance inexorable del monstruo que ya viene instal\u00e1ndose de nuevo a las puertas de Europa<\/p>\n\n\n\n<figure class=\"wp-block-image size-large\"><img loading=\"lazy\" decoding=\"async\" width=\"1080\" height=\"1053\" src=\"http:\/\/xn--tuvozdiasporaespaola-k7b.com\/wp-content\/uploads\/2022\/09\/screenshot_20220927-212611_gallery6409881029591165454.jpg?w=1024\" alt=\"\" class=\"wp-image-254\" srcset=\"https:\/\/xn--tuvozdiasporaespaola-k7b.com\/wp-content\/uploads\/2022\/09\/screenshot_20220927-212611_gallery6409881029591165454.jpg 1080w, https:\/\/xn--tuvozdiasporaespaola-k7b.com\/wp-content\/uploads\/2022\/09\/screenshot_20220927-212611_gallery6409881029591165454-300x293.jpg 300w, https:\/\/xn--tuvozdiasporaespaola-k7b.com\/wp-content\/uploads\/2022\/09\/screenshot_20220927-212611_gallery6409881029591165454-1024x998.jpg 1024w, https:\/\/xn--tuvozdiasporaespaola-k7b.com\/wp-content\/uploads\/2022\/09\/screenshot_20220927-212611_gallery6409881029591165454-768x749.jpg 768w\" sizes=\"(max-width: 1080px) 100vw, 1080px\" \/><figcaption class=\"wp-element-caption\">Herederos del Odio, Xenofobia , Omofobia,Racismo&#8230; <br> Fascistas de otros tiempos convertidos sin memoria <\/figcaption><\/figure>\n\n\n\n<p>Ni la d\u00e9bil y ambigua construcci\u00f3n de una Uni\u00f3n Europea alejada a menudo de las preocupaciones y urgencias de su ciudadan\u00eda, ni los intentos de crear una identidad progresista com\u00fan entre las corrientes y gobiernos de Latinoam\u00e9rica (desde los Foros Sociales de Portoalegre a las numerosas cumbres progresistas en la regi\u00f3n) han podido parar el ascenso del fascismo, ni construir una respuesta ilusionante y satisfactoria que movilice en la calle y en las urnas a esas masas sociales que escriben los cap\u00edtulos del progreso y la conquista de libertades en la Historia.<br><br>Cuando contemplamos las disensiones entre dirigentes como Yolanda D\u00edaz y Ione Belarra de Podemos en Espa\u00f1a, as\u00ed como otras muchas similares en Ecuador, Argentina, Chile o Brasil, y ante las amenazas presentes y los negros horizontes anunciados, no tenemos m\u00e1s remedio que exigir con cordura el lema de la I\u00aa Internacional, de la que partieron luego las distintas familias de la izquierda. Por lo tanto, de nuevo, como una sola voz, en las plazas, las manifestaciones y las redes sociales\u2026\u201d\u00a1Agrup\u00e9monos todos!\u201d.<\/p>\n\n\n\n<p><br><br><\/p>\n\n\n\n<figure class=\"wp-block-image size-large\"><img loading=\"lazy\" decoding=\"async\" width=\"1200\" height=\"800\" src=\"http:\/\/xn--tuvozdiasporaespaola-k7b.com\/wp-content\/uploads\/2022\/09\/69705fca-79a5-42fa-884a-6785dabffcf9_alta-libre-aspect-ratio_default_07343226153843227255.jpg?w=1024\" alt=\"\" class=\"wp-image-255\" srcset=\"https:\/\/xn--tuvozdiasporaespaola-k7b.com\/wp-content\/uploads\/2022\/09\/69705fca-79a5-42fa-884a-6785dabffcf9_alta-libre-aspect-ratio_default_07343226153843227255.jpg 1200w, https:\/\/xn--tuvozdiasporaespaola-k7b.com\/wp-content\/uploads\/2022\/09\/69705fca-79a5-42fa-884a-6785dabffcf9_alta-libre-aspect-ratio_default_07343226153843227255-300x200.jpg 300w, https:\/\/xn--tuvozdiasporaespaola-k7b.com\/wp-content\/uploads\/2022\/09\/69705fca-79a5-42fa-884a-6785dabffcf9_alta-libre-aspect-ratio_default_07343226153843227255-1024x683.jpg 1024w, https:\/\/xn--tuvozdiasporaespaola-k7b.com\/wp-content\/uploads\/2022\/09\/69705fca-79a5-42fa-884a-6785dabffcf9_alta-libre-aspect-ratio_default_07343226153843227255-768x512.jpg 768w\" sizes=\"(max-width: 1200px) 100vw, 1200px\" \/><figcaption class=\"wp-element-caption\">Yolanda Diaz y Ione Belarra garant\u00eda de Lucha y convicci\u00f3n hacia un Cambio Social <\/figcaption><\/figure>\n\n\n\n<p>Miguel Angel Ferr\u00eds<\/p>\n\n\n\n<p> Portavoz  Red de Circulos  Podemos  Europa.<\/p>\n\n\n\n<p><\/p>\n","protected":false},"excerpt":{"rendered":"<p>Tal y como proclama el conocido himno de la Internacional, tras los \u00faltimos resultados de la ultraderecha en Europa y las amenazas de golpismo &#8230; <\/p>\n<p class=\"read-more-container\"><a title=\"\u201c\u00a1AGRUP\u00c9MONOS TODOS!, EL FASCISMO A LAS PUERTAS DE EUROPA\u201d\" class=\"read-more button\" href=\"https:\/\/xn--tuvozdiasporaespaola-k7b.com\/page\/2\/agrupemonos-todos-el-fascismo-a-las-puertas-de-europa\/#more-257\" aria-label=\"M\u00e1s en \u201c\u00a1AGRUP\u00c9MONOS TODOS!, EL FASCISMO A LAS PUERTAS DE EUROPA\u201d\">Leer m\u00e1s<\/a><\/p>\n","protected":false},"author":222560522,"featured_media":0,"comment_status":"open","ping_status":"open","sticky":false,"template":"","format":"standard","meta":{"footnotes":""},"categories":[1771],"tags":[],"class_list":["post-257","post","type-post","status-publish","format-standard","hentry","category-sociales"],"_links":{"self":[{"href":"https:\/\/xn--tuvozdiasporaespaola-k7b.com\/page\/2\/wp-json\/wp\/v2\/posts\/257","targetHints":{"allow":["GET"]}}],"collection":[{"href":"https:\/\/xn--tuvozdiasporaespaola-k7b.com\/page\/2\/wp-json\/wp\/v2\/posts"}],"about":[{"href":"https:\/\/xn--tuvozdiasporaespaola-k7b.com\/page\/2\/wp-json\/wp\/v2\/types\/post"}],"author":[{"embeddable":true,"href":"https:\/\/xn--tuvozdiasporaespaola-k7b.com\/page\/2\/wp-json\/wp\/v2\/users\/222560522"}],"replies":[{"embeddable":true,"href":"https:\/\/xn--tuvozdiasporaespaola-k7b.com\/page\/2\/wp-json\/wp\/v2\/comments?post=257"}],"version-history":[{"count":0,"href":"https:\/\/xn--tuvozdiasporaespaola-k7b.com\/page\/2\/wp-json\/wp\/v2\/posts\/257\/revisions"}],"wp:attachment":[{"href":"https:\/\/xn--tuvozdiasporaespaola-k7b.com\/page\/2\/wp-json\/wp\/v2\/media?parent=257"}],"wp:term":[{"taxonomy":"category","embeddable":true,"href":"https:\/\/xn--tuvozdiasporaespaola-k7b.com\/page\/2\/wp-json\/wp\/v2\/categories?post=257"},{"taxonomy":"post_tag","embeddable":true,"href":"https:\/\/xn--tuvozdiasporaespaola-k7b.com\/page\/2\/wp-json\/wp\/v2\/tags?post=257"}],"curies":[{"name":"wp","href":"https:\/\/api.w.org\/{rel}","templated":true}]}}