{"id":237,"date":"2022-09-28T09:34:55","date_gmt":"2022-09-28T12:34:55","guid":{"rendered":"https:\/\/xn--tuvozdiasporaespaola-k7b.com\/?p=237"},"modified":"2022-09-28T16:50:32","modified_gmt":"2022-09-28T19:50:32","slug":"espanoles-en-la-diaspora-reclamos-y-derechos","status":"publish","type":"post","link":"https:\/\/xn--tuvozdiasporaespaola-k7b.com\/page\/2\/espanoles-en-la-diaspora-reclamos-y-derechos\/","title":{"rendered":"ESPA\u00d1OLES en la DI\u00c1SPORA , RECLAMOS y DERECHOS."},"content":{"rendered":"\n<p>PODEMOS EXTERIOR&nbsp;\u00bb RUMBO A LAS GENERALES 2023&#8243;<\/p>\n\n\n\n<p>En estos d\u00edas pasados muchas emociones&nbsp; hemos tenido la militancia de Podemos Exterior,&nbsp; durante tres d\u00edas en Bruselas pudimos asistir al parlamento y contemplar el Documental QUE TIEMBLE RL UNIVERSO&nbsp; de Joaqu\u00edn Polo,&nbsp; gran documental de formaci\u00f3n militante y resistencia al fascismo de Am\u00e9rica Latina&nbsp; para el resto de la militancia de Espa\u00f1a( llevamos el Documental&nbsp; ciudades como M\u00e1laga,Valencia , Guadalajara y Madrid )&nbsp; y Exterior .<\/p>\n\n\n\n<p>Un trabajo de la Red de C\u00edrculos de Podemos Latinoam\u00e9rica.<\/p>\n\n\n\n<p>En el espacio del Parlamento Europeo pudimos comunicarnos con Pau Vivas y Idoia Villanueva m\u00e1ximos exponentes de Podemos para la militancia Exterior en sus secretarias Estatales .<\/p>\n\n\n\n<figure class=\"wp-block-image size-large\"><img fetchpriority=\"high\" decoding=\"async\" width=\"3000\" height=\"2954\" src=\"http:\/\/xn--tuvozdiasporaespaola-k7b.com\/wp-content\/uploads\/2022\/09\/20220909_1828393182688624764488195.jpg?w=1024\" alt=\"\" class=\"wp-image-239\" srcset=\"https:\/\/xn--tuvozdiasporaespaola-k7b.com\/wp-content\/uploads\/2022\/09\/20220909_1828393182688624764488195.jpg 3000w, https:\/\/xn--tuvozdiasporaespaola-k7b.com\/wp-content\/uploads\/2022\/09\/20220909_1828393182688624764488195-300x295.jpg 300w, https:\/\/xn--tuvozdiasporaespaola-k7b.com\/wp-content\/uploads\/2022\/09\/20220909_1828393182688624764488195-1024x1008.jpg 1024w, https:\/\/xn--tuvozdiasporaespaola-k7b.com\/wp-content\/uploads\/2022\/09\/20220909_1828393182688624764488195-768x756.jpg 768w, https:\/\/xn--tuvozdiasporaespaola-k7b.com\/wp-content\/uploads\/2022\/09\/20220909_1828393182688624764488195-1568x1544.jpg 1568w\" sizes=\"(max-width: 3000px) 100vw, 3000px\" \/><figcaption class=\"wp-element-caption\">Idoia Villanueva Podemos Internacional y Pau Vivas Secretar\u00eda de C\u00edrculos y Participaci\u00f3n de Podemos  <\/figcaption><\/figure>\n\n\n\n<p>En esta comunicaci\u00f3n entendieron la fuerza del Exterior con cerca de 2.400.000 espa\u00f1oles con derecho a Voto , el trabajo de los CREs con muchas y muchos representantes de Podemos , la necesidad de tener interacci\u00f3n con&nbsp; Secretar\u00eda de Internacional&nbsp; en sus visitas a territorios para empoderar los c\u00edrculos y sus integrantes.<br \/><br \/>El modelo Organizativo&nbsp; importante para crecer con las herramientas id\u00f3neas necesarias para estar a la&nbsp; altura de Nuevos tiempos .<\/p>\n\n\n\n<p><br \/><br \/><\/p>\n\n\n\n<figure class=\"wp-block-image size-large\"><img decoding=\"async\" width=\"1080\" height=\"492\" src=\"http:\/\/xn--tuvozdiasporaespaola-k7b.com\/wp-content\/uploads\/2022\/09\/screenshot_20220922-062623_telegram2505506639627862099.jpg?w=1024\" alt=\"\" class=\"wp-image-240\" srcset=\"https:\/\/xn--tuvozdiasporaespaola-k7b.com\/wp-content\/uploads\/2022\/09\/screenshot_20220922-062623_telegram2505506639627862099.jpg 1080w, https:\/\/xn--tuvozdiasporaespaola-k7b.com\/wp-content\/uploads\/2022\/09\/screenshot_20220922-062623_telegram2505506639627862099-300x137.jpg 300w, https:\/\/xn--tuvozdiasporaespaola-k7b.com\/wp-content\/uploads\/2022\/09\/screenshot_20220922-062623_telegram2505506639627862099-1024x466.jpg 1024w, https:\/\/xn--tuvozdiasporaespaola-k7b.com\/wp-content\/uploads\/2022\/09\/screenshot_20220922-062623_telegram2505506639627862099-768x350.jpg 768w\" sizes=\"(max-width: 1080px) 100vw, 1080px\" \/><figcaption class=\"wp-element-caption\">Asistentes al Ecuentro de Bruselas 2022<\/figcaption><\/figure>\n\n\n\n<p>Sin lugar a dudas el parlamento Europeo y la reuni\u00f3n del 9&nbsp; sirvi\u00f3 para conocer a nuestros referentes y formar equipo integrador y de crecimiento continuo,&nbsp; plasmandose&nbsp; en esta reuni\u00f3n el crecimiento de militancia en el Exterior y concretamente en el C\u00edrculo de Podemos Argentina Provincias&nbsp; llegando a ser el m\u00e1s grande&nbsp; con 63 militantes inscritos.<br \/><br \/><\/p>\n\n\n\n<figure class=\"wp-block-gallery has-nested-images columns-default is-cropped wp-block-gallery-1 is-layout-flex wp-block-gallery-is-layout-flex\">\n<figure class=\"wp-block-image size-large\"><img decoding=\"async\" width=\"3000\" height=\"2250\" data-id=\"243\" src=\"http:\/\/xn--tuvozdiasporaespaola-k7b.com\/wp-content\/uploads\/2022\/09\/20220910_1717407214770705935362232.jpg?w=1024\" alt=\"\" class=\"wp-image-243\" srcset=\"https:\/\/xn--tuvozdiasporaespaola-k7b.com\/wp-content\/uploads\/2022\/09\/20220910_1717407214770705935362232.jpg 3000w, https:\/\/xn--tuvozdiasporaespaola-k7b.com\/wp-content\/uploads\/2022\/09\/20220910_1717407214770705935362232-300x225.jpg 300w, https:\/\/xn--tuvozdiasporaespaola-k7b.com\/wp-content\/uploads\/2022\/09\/20220910_1717407214770705935362232-1024x768.jpg 1024w, https:\/\/xn--tuvozdiasporaespaola-k7b.com\/wp-content\/uploads\/2022\/09\/20220910_1717407214770705935362232-768x576.jpg 768w, https:\/\/xn--tuvozdiasporaespaola-k7b.com\/wp-content\/uploads\/2022\/09\/20220910_1717407214770705935362232-1568x1176.jpg 1568w\" sizes=\"(max-width: 3000px) 100vw, 3000px\" \/><\/figure>\n<\/figure>\n\n\n\n<figure class=\"wp-block-gallery has-nested-images columns-default is-cropped wp-block-gallery-2 is-layout-flex wp-block-gallery-is-layout-flex\">\n<figure class=\"wp-block-image size-large\"><img loading=\"lazy\" decoding=\"async\" width=\"1894\" height=\"2097\" data-id=\"241\" src=\"http:\/\/xn--tuvozdiasporaespaola-k7b.com\/wp-content\/uploads\/2022\/09\/20220910_1822284639031278110741214.jpg?w=925\" alt=\"\" class=\"wp-image-241\" srcset=\"https:\/\/xn--tuvozdiasporaespaola-k7b.com\/wp-content\/uploads\/2022\/09\/20220910_1822284639031278110741214.jpg 1894w, https:\/\/xn--tuvozdiasporaespaola-k7b.com\/wp-content\/uploads\/2022\/09\/20220910_1822284639031278110741214-271x300.jpg 271w, https:\/\/xn--tuvozdiasporaespaola-k7b.com\/wp-content\/uploads\/2022\/09\/20220910_1822284639031278110741214-925x1024.jpg 925w, https:\/\/xn--tuvozdiasporaespaola-k7b.com\/wp-content\/uploads\/2022\/09\/20220910_1822284639031278110741214-768x850.jpg 768w, https:\/\/xn--tuvozdiasporaespaola-k7b.com\/wp-content\/uploads\/2022\/09\/20220910_1822284639031278110741214-1568x1736.jpg 1568w\" sizes=\"(max-width: 1894px) 100vw, 1894px\" \/><\/figure>\n<\/figure>\n\n\n\n<figure class=\"wp-block-gallery has-nested-images columns-default is-cropped wp-block-gallery-3 is-layout-flex wp-block-gallery-is-layout-flex\">\n<figure class=\"wp-block-image size-large\"><img loading=\"lazy\" decoding=\"async\" width=\"3000\" height=\"2687\" data-id=\"242\" src=\"http:\/\/xn--tuvozdiasporaespaola-k7b.com\/wp-content\/uploads\/2022\/09\/20220910_1037118402606916754185428.jpg?w=1024\" alt=\"\" class=\"wp-image-242\" srcset=\"https:\/\/xn--tuvozdiasporaespaola-k7b.com\/wp-content\/uploads\/2022\/09\/20220910_1037118402606916754185428.jpg 3000w, https:\/\/xn--tuvozdiasporaespaola-k7b.com\/wp-content\/uploads\/2022\/09\/20220910_1037118402606916754185428-300x269.jpg 300w, https:\/\/xn--tuvozdiasporaespaola-k7b.com\/wp-content\/uploads\/2022\/09\/20220910_1037118402606916754185428-1024x917.jpg 1024w, https:\/\/xn--tuvozdiasporaespaola-k7b.com\/wp-content\/uploads\/2022\/09\/20220910_1037118402606916754185428-768x688.jpg 768w, https:\/\/xn--tuvozdiasporaespaola-k7b.com\/wp-content\/uploads\/2022\/09\/20220910_1037118402606916754185428-1568x1404.jpg 1568w\" sizes=\"(max-width: 3000px) 100vw, 3000px\" \/><\/figure>\n<\/figure>\n\n\n\n<p>La di\u00e1spora puede estar tranquila&nbsp; estamos escuchando sus reclamos los anhelos en los territorios&nbsp; ,&nbsp; de  la tercera generaci\u00f3n&nbsp; de descendientes y de las nuevos emigrantes  , con problemas&nbsp; diferentes e inquietudes de futuro y presente , pero con un objetivo com\u00fan plasmar todo en un programa Electoral que d\u00e9 Respuestas y no sea ajeno a las demandas .<br \/><br \/>Por eso estamos trabajando territorios con nuestros representantes m\u00e1s cercanos los consejeros y consejeras de los CREs para llevar esas demandas y darles VOZ,&nbsp; con un equipo que&nbsp; traslade&nbsp; esas necesidades en un Programa Auton\u00f3mico y Nacional de Aportes de PODEMOS EXTERIOR .<\/p>\n\n\n\n<p><br \/><br \/><\/p>\n\n\n\n<figure class=\"wp-block-gallery has-nested-images columns-default is-cropped wp-block-gallery-4 is-layout-flex wp-block-gallery-is-layout-flex\">\n<figure class=\"wp-block-image size-large\"><img loading=\"lazy\" decoding=\"async\" width=\"936\" height=\"510\" data-id=\"244\" src=\"http:\/\/xn--tuvozdiasporaespaola-k7b.com\/wp-content\/uploads\/2022\/09\/screenshot_20220916-011157_videoplayer2697176812548598872..jpg?w=936\" alt=\"\" class=\"wp-image-244\" srcset=\"https:\/\/xn--tuvozdiasporaespaola-k7b.com\/wp-content\/uploads\/2022\/09\/screenshot_20220916-011157_videoplayer2697176812548598872..jpg 936w, https:\/\/xn--tuvozdiasporaespaola-k7b.com\/wp-content\/uploads\/2022\/09\/screenshot_20220916-011157_videoplayer2697176812548598872.-300x163.jpg 300w, https:\/\/xn--tuvozdiasporaespaola-k7b.com\/wp-content\/uploads\/2022\/09\/screenshot_20220916-011157_videoplayer2697176812548598872.-768x418.jpg 768w\" sizes=\"(max-width: 936px) 100vw, 936px\" \/><\/figure>\n<\/figure>\n\n\n\n<figure class=\"wp-block-gallery has-nested-images columns-default is-cropped wp-block-gallery-5 is-layout-flex wp-block-gallery-is-layout-flex\">\n<figure class=\"wp-block-image size-large\"><img loading=\"lazy\" decoding=\"async\" width=\"2407\" height=\"2373\" data-id=\"246\" src=\"http:\/\/xn--tuvozdiasporaespaola-k7b.com\/wp-content\/uploads\/2022\/09\/20220912_1251156567796969067479968.jpg?w=1024\" alt=\"\" class=\"wp-image-246\" srcset=\"https:\/\/xn--tuvozdiasporaespaola-k7b.com\/wp-content\/uploads\/2022\/09\/20220912_1251156567796969067479968.jpg 2407w, https:\/\/xn--tuvozdiasporaespaola-k7b.com\/wp-content\/uploads\/2022\/09\/20220912_1251156567796969067479968-300x296.jpg 300w, https:\/\/xn--tuvozdiasporaespaola-k7b.com\/wp-content\/uploads\/2022\/09\/20220912_1251156567796969067479968-1024x1010.jpg 1024w, https:\/\/xn--tuvozdiasporaespaola-k7b.com\/wp-content\/uploads\/2022\/09\/20220912_1251156567796969067479968-768x757.jpg 768w, https:\/\/xn--tuvozdiasporaespaola-k7b.com\/wp-content\/uploads\/2022\/09\/20220912_1251156567796969067479968-1568x1546.jpg 1568w\" sizes=\"(max-width: 2407px) 100vw, 2407px\" \/><figcaption class=\"wp-element-caption\">En el Comisi\u00f3n Euopea <\/figcaption><\/figure>\n<\/figure>\n\n\n\n<p>Una estrategia de comunicaci\u00f3n del trabajo efectuado y de blanqueamiento de esas necesidades&nbsp; (que hoy est\u00e1n ocultas ), para desarrollar una campa\u00f1a acorde con las demandas&nbsp; de nuestras y nuestros ciudadanos en&nbsp; el Exterior .<\/p>\n\n\n\n<p>Un equipo formado por el voluntariado de los y las militantes de las Redes de C\u00edrculos de Podemos en Latinoam\u00e9rica&nbsp; y Europa de Podemos  y sus c\u00edrculos activos  m\u00e1ximo exponente de la militancia.<\/p>\n\n\n\n<p>&nbsp;Ver sus necesidades , Escucha y dotar de&nbsp; Voz a la di\u00e1spora , Acompa\u00f1ar con Estrategia comunicativa ( El C\u00edrculo de Argentina Provincias&nbsp; ya est\u00e1 trabajando en este aspecto Comunicativo y Audiovisual con su equipo comunicacional&nbsp; para elevarlo a la Red de C\u00edrculos&nbsp; de Podemos Latinoam\u00e9rica&nbsp; de Podemos Exterior ), estas necesidades y demandas seran Faro del  trabajo&nbsp; para hacerlas llegar al parlamento Espa\u00f1ol  y sus representantes junto a una campa\u00f1a fuerte , solidaria y territorial.<\/p>\n\n\n\n<figure class=\"wp-block-gallery has-nested-images columns-default is-cropped wp-block-gallery-6 is-layout-flex wp-block-gallery-is-layout-flex\">\n<figure class=\"wp-block-image size-large\"><img loading=\"lazy\" decoding=\"async\" width=\"800\" height=\"445\" data-id=\"247\" src=\"http:\/\/xn--tuvozdiasporaespaola-k7b.com\/wp-content\/uploads\/2022\/09\/20220607-pleno-del-congreso-de-los-diputados-800x4459009682426376226969-1.jpg?w=800\" alt=\"\" class=\"wp-image-247\" srcset=\"https:\/\/xn--tuvozdiasporaespaola-k7b.com\/wp-content\/uploads\/2022\/09\/20220607-pleno-del-congreso-de-los-diputados-800x4459009682426376226969-1.jpg 800w, https:\/\/xn--tuvozdiasporaespaola-k7b.com\/wp-content\/uploads\/2022\/09\/20220607-pleno-del-congreso-de-los-diputados-800x4459009682426376226969-1-300x167.jpg 300w, https:\/\/xn--tuvozdiasporaespaola-k7b.com\/wp-content\/uploads\/2022\/09\/20220607-pleno-del-congreso-de-los-diputados-800x4459009682426376226969-1-768x427.jpg 768w\" sizes=\"(max-width: 800px) 100vw, 800px\" \/><\/figure>\n<\/figure>\n\n\n\n<p>Unos retos que plasmaran en los pr\u00f3ximos meses una impronta feminista y ecologista desde el respeto a la diversidad militante , de estrecha participaci\u00f3n con las bases y con el ciudadano de a pie para&nbsp; que el&nbsp; 2023 &nbsp; sea un s\u00f3lo objetivo , el de nuestras necesidades que sean escuchadas y trasladadas por nuestros representantes pol\u00edticos.&nbsp;<\/p>\n\n\n\n<p><strong>Temas&nbsp; tales como<\/strong>:<\/p>\n\n\n\n<p>\u00a0.-La implantaci\u00f3n de la Ley solo Si es SI, , Puntos Violetas en los Consulados\u00a0 y Viceconsulados , Casas de acogidas para mujeres maltratadas , Pol\u00edticas de Protecci\u00f3n a menores Espa\u00f1oles en el exterior , Defensa Gratuita para mujeres Espa\u00f1olas en el exterior y atenci\u00f3n sicol\u00f3gica,  Pol\u00edticas de Retorno en igualdad de condiciones en cuanto a asignaciones econ\u00f3micas  independientemente  del sexo , etc&#8230;\u00a0<\/p>\n\n\n\n<p>&nbsp;.-Pol\u00edticas de retorno Estatales con bolsas de Trabajo para no regresar con las manos vac\u00edas o un subsidio .<\/p>\n\n\n\n<p>.-Acceso a la nacionalidad espa\u00f1ola ampliada y no solo con la Ley de Memoria, en ese sentido, &nbsp;la prioridad de la Red de C\u00edrculos Podemos Latinoam\u00e9rica&nbsp; y Europa de Podemos Exterior&nbsp; es el&nbsp; \u00abius sanguinis\u00bb ,&nbsp;el derecho a recibir la nacionalidad Espa\u00f1ola&nbsp; cuando uno es descendiente de&nbsp; Espa\u00f1oles &nbsp;tr\u00e1mite&nbsp;para el cual&nbsp;\u00abse necesita de un&nbsp;buen funcionamiento consular\u00bb, y \u00abse busca que la ciudadan\u00eda por derecho de sangre&nbsp;sea una realidad practicable, \u00e1gil, eficiente y eficaz\u00bb y democr\u00e1tica.<\/p>\n\n\n\n<p>.- Pol\u00edticas de Universidades e implantaci\u00f3n del Erasmus para&nbsp; espa\u00f1oles en latinoam\u00e9rica en Programas Europeos <\/p>\n\n\n\n<p>&nbsp;.- Programa del IMSERSO&nbsp; para la di\u00e1spora de Am\u00e9rica Latina ,<\/p>\n\n\n\n<p>.- Convalidaci\u00f3n de T\u00edtulos&nbsp; para ciudadanos espa\u00f1oles en el Exterior a trav\u00e9s de acuerdos con Universidades Espa\u00f1olas.&nbsp;<\/p>\n\n\n\n<p>.- Creaci\u00f3n por parte de los consulados de&nbsp; un \u00absistema centralizado de&nbsp;b\u00fasqueda y oferta laboral de empresas Espa\u00f1olas&nbsp; en Am\u00e9rica del Sur&nbsp;por v\u00eda consular\u00bb que \u00abpueda dar respuesta a las necesidades laborales de los Espa\u00f1oles&nbsp; en el continente sudamericano\u00bb.&nbsp; y facilitar un retorno digno.<\/p>\n\n\n\n<p>.- Implantaci\u00f3n de la Ley de Memoria Democr\u00e1tica en el Exterior supervisada por los Cinsulados .<\/p>\n\n\n\n<p>Estos son algunas propuestas aunque seguiremos escuchando a la diaspora pata completar un Programa Electoral por y para el Exterior.<\/p>\n\n\n\n<figure class=\"wp-block-image size-large\"><img loading=\"lazy\" decoding=\"async\" width=\"600\" height=\"451\" src=\"http:\/\/xn--tuvozdiasporaespaola-k7b.com\/wp-content\/uploads\/2022\/09\/crisis_espana_emigrantes4142804272946711805.jpg?w=600\" alt=\"\" class=\"wp-image-248\" srcset=\"https:\/\/xn--tuvozdiasporaespaola-k7b.com\/wp-content\/uploads\/2022\/09\/crisis_espana_emigrantes4142804272946711805.jpg 600w, https:\/\/xn--tuvozdiasporaespaola-k7b.com\/wp-content\/uploads\/2022\/09\/crisis_espana_emigrantes4142804272946711805-300x226.jpg 300w\" sizes=\"(max-width: 600px) 100vw, 600px\" \/><figcaption class=\"wp-element-caption\">Pol\u00edticas de Retorno para la di\u00e1spora Estatales <\/figcaption><\/figure>\n\n\n\n<p>Estas propuestas y reclamos Program\u00e1ticos,&nbsp; son resultados de Recorridas territoriales y charlas con las y los ciudadanos Espa\u00f1oles en distintas zonas de Argentina y Latinoam\u00e9rica y a los consejeres del CRE en territorio junto a la Red de C\u00edrculos de Podemos en Am\u00e9rica &amp; Latinoam\u00e9rica.&nbsp;<br \/><br \/><br \/>Con estas propuestas&nbsp; y otras organizativas de Car\u00e1cter Interno  nos encontraremos en el Foro de Exterior&nbsp; previsiblemente en Febrero 2023 y daremos forma a un proyecto program\u00e1tico de futuro con todes dentro escuchando a les Ciudadanas y con estrecha colaboraci\u00f3n con los Consejo de Residentes Espa\u00f1oles&nbsp; y el Consejo General de la Ciudadan\u00eda Espa\u00f1ola en el Exterior.&nbsp;<br \/><br \/>Ese ser\u00e1 nuestro Objetivo.<br \/><br \/><br \/>Francisco Lopez&nbsp;<br \/><br \/>GT de C\u00edrculos , Territorio y Participaci\u00f3n Militante&nbsp; Podemos Exterior.<\/p>\n","protected":false},"excerpt":{"rendered":"<p>PODEMOS EXTERIOR&nbsp;\u00bb RUMBO A LAS GENERALES 2023&#8243; En estos d\u00edas pasados muchas emociones&nbsp; hemos tenido la militancia de Podemos Exterior,&nbsp; durante tres d\u00edas en &#8230; <\/p>\n<p class=\"read-more-container\"><a title=\"ESPA\u00d1OLES en la DI\u00c1SPORA , RECLAMOS y DERECHOS.\" class=\"read-more button\" href=\"https:\/\/xn--tuvozdiasporaespaola-k7b.com\/page\/2\/espanoles-en-la-diaspora-reclamos-y-derechos\/#more-237\" aria-label=\"M\u00e1s en ESPA\u00d1OLES en la DI\u00c1SPORA , RECLAMOS y DERECHOS.\">Leer m\u00e1s<\/a><\/p>\n","protected":false},"author":222560522,"featured_media":0,"comment_status":"open","ping_status":"open","sticky":false,"template":"","format":"standard","meta":{"footnotes":""},"categories":[1771],"tags":[],"class_list":["post-237","post","type-post","status-publish","format-standard","hentry","category-sociales"],"_links":{"self":[{"href":"https:\/\/xn--tuvozdiasporaespaola-k7b.com\/page\/2\/wp-json\/wp\/v2\/posts\/237","targetHints":{"allow":["GET"]}}],"collection":[{"href":"https:\/\/xn--tuvozdiasporaespaola-k7b.com\/page\/2\/wp-json\/wp\/v2\/posts"}],"about":[{"href":"https:\/\/xn--tuvozdiasporaespaola-k7b.com\/page\/2\/wp-json\/wp\/v2\/types\/post"}],"author":[{"embeddable":true,"href":"https:\/\/xn--tuvozdiasporaespaola-k7b.com\/page\/2\/wp-json\/wp\/v2\/users\/222560522"}],"replies":[{"embeddable":true,"href":"https:\/\/xn--tuvozdiasporaespaola-k7b.com\/page\/2\/wp-json\/wp\/v2\/comments?post=237"}],"version-history":[{"count":0,"href":"https:\/\/xn--tuvozdiasporaespaola-k7b.com\/page\/2\/wp-json\/wp\/v2\/posts\/237\/revisions"}],"wp:attachment":[{"href":"https:\/\/xn--tuvozdiasporaespaola-k7b.com\/page\/2\/wp-json\/wp\/v2\/media?parent=237"}],"wp:term":[{"taxonomy":"category","embeddable":true,"href":"https:\/\/xn--tuvozdiasporaespaola-k7b.com\/page\/2\/wp-json\/wp\/v2\/categories?post=237"},{"taxonomy":"post_tag","embeddable":true,"href":"https:\/\/xn--tuvozdiasporaespaola-k7b.com\/page\/2\/wp-json\/wp\/v2\/tags?post=237"}],"curies":[{"name":"wp","href":"https:\/\/api.w.org\/{rel}","templated":true}]}}