{"id":235,"date":"2022-09-27T17:44:58","date_gmt":"2022-09-27T20:44:58","guid":{"rendered":"https:\/\/xn--tuvozdiasporaespaola-k7b.com\/2022\/09\/27\/pobre-puerto-rico\/"},"modified":"2022-09-27T17:46:05","modified_gmt":"2022-09-27T20:46:05","slug":"pobre-puerto-rico","status":"publish","type":"post","link":"https:\/\/xn--tuvozdiasporaespaola-k7b.com\/page\/2\/pobre-puerto-rico\/","title":{"rendered":"Pobre Puerto Rico"},"content":{"rendered":"\n<p>Borik\u00e9n, como se conoc\u00eda en tiempos ta\u00ednos, es hoy un Estado Libre Asociado de los Estados Unidos de Am\u00e9rica, lo que viene a significar que Puerto Rico es un estado de segunda categor\u00eda que, en el siglo XXI, lo est\u00e1 pasando realmente mal por una combinaci\u00f3n de desastres tanto naturales como hechos por el hombre (y con \u201chombre\u201d quiero decir \u201cno mujer, en su inmensa mayor\u00eda\u201d).<br \/><br \/><br \/>Un r\u00e1pido repaso:&nbsp;<br \/><br \/><br \/>Tras una historia de sometimiento colonial que data de finales del siglo XV, en 2006 Puerto Rico sufri\u00f3 una devastadora crisis econ\u00f3mica cuando el gobierno federal de los EEUU decidi\u00f3 eliminar las exenciones fiscales que incentivaban la inversi\u00f3n de compa\u00f1\u00edas estadounidenses en la isla. La retirada de estas compa\u00f1\u00edas, sumada a los altos niveles de corrupci\u00f3n propios de un territorio colonizado, caus\u00f3 altos \u00edndices de desempleo y pobreza, llevando a muches puertorrique\u00f1es a emigrar al continente.<br \/><br \/><\/p>\n\n\n\n<figure class=\"wp-block-image size-large\"><img fetchpriority=\"high\" decoding=\"async\" width=\"414\" height=\"276\" src=\"http:\/\/xn--tuvozdiasporaespaola-k7b.com\/wp-content\/uploads\/2022\/09\/dj4qpxmk76zy4utbwafmm5vz442440869531658395313.jpg?w=414\" alt=\"\" class=\"wp-image-230\" srcset=\"https:\/\/xn--tuvozdiasporaespaola-k7b.com\/wp-content\/uploads\/2022\/09\/dj4qpxmk76zy4utbwafmm5vz442440869531658395313.jpg 414w, https:\/\/xn--tuvozdiasporaespaola-k7b.com\/wp-content\/uploads\/2022\/09\/dj4qpxmk76zy4utbwafmm5vz442440869531658395313-300x200.jpg 300w\" sizes=\"(max-width: 414px) 100vw, 414px\" \/><\/figure>\n\n\n\n<p>En septiembre de 2017 lleg\u00f3 el hurac\u00e1n Mar\u00eda, que dej\u00f3 a todes sus habitantes (m\u00e1s de 3 millones) sin electricidad, algunes durante m\u00e1s de un a\u00f1o; colaps\u00f3 el sistema sanitario; acab\u00f3 con la vida de casi 3.000 personas; llev\u00f3 a 200.000 a abandonar la isla de forma temporal o permanente; y destruy\u00f3 el 80% de los cafetales, que manten\u00edan a muchas familias. Para que lo entiendan las personas que mandan en el mundo: las p\u00e9rdidas en Puerto Rico a causa del hurac\u00e1n Mar\u00eda se estimaron en 90.000.000.000 de d\u00f3lares.<\/p>\n\n\n\n<p>A todo esto hab\u00eda que sumar el tradicional abandono por parte del gobierno de los EEUU, exacerbado por el racismo del entonces presidente Trump, que no facilit\u00f3 todos los recursos que habr\u00edan estado a disposici\u00f3n de cualquier otro estado (especialmente si su gobernador\/a pertenec\u00eda al partido republicano).<\/p>\n\n\n\n<figure class=\"wp-block-image size-large\"><img decoding=\"async\" width=\"700\" height=\"394\" src=\"http:\/\/xn--tuvozdiasporaespaola-k7b.com\/wp-content\/uploads\/2022\/09\/55526403_3038094902715054948775.jpg?w=700\" alt=\"\" class=\"wp-image-232\" srcset=\"https:\/\/xn--tuvozdiasporaespaola-k7b.com\/wp-content\/uploads\/2022\/09\/55526403_3038094902715054948775.jpg 700w, https:\/\/xn--tuvozdiasporaespaola-k7b.com\/wp-content\/uploads\/2022\/09\/55526403_3038094902715054948775-300x169.jpg 300w\" sizes=\"(max-width: 700px) 100vw, 700px\" \/><figcaption class=\"wp-element-caption\">Huracan en Puerto Rico <\/figcaption><\/figure>\n\n\n\n<p><br \/><br \/>A finales de 2019 y principios de 2020, todav\u00eda bajo la negligencia y mala fe de la administraci\u00f3n Trump, se produjo una serie de terremotos que volvieron a da\u00f1ar la red el\u00e9ctrica, dejaron sin hogar a m\u00e1s de 8.000 personas y dificultaron a\u00fan m\u00e1s la lenta recuperaci\u00f3n desde el hurac\u00e1n Mar\u00eda.<br \/><br \/><br \/>En 2020-2021, por supuesto, Puerto Rico no fue inmune a los efectos de la pandemia de COVID-19, con un sistema sanitario deficiente, una poblaci\u00f3n envejecida por la emigraci\u00f3n de las personas m\u00e1s j\u00f3venes y altos niveles de pobreza, que se plasmaron en m\u00e1s de 5.000 muertes hasta la fecha. En t\u00e9rminos de capital: unos 6.600 millones de d\u00f3lares m\u00e1s.&nbsp;<br \/><br \/><br \/>Y llegamos por fin a la m\u00e1s reciente tragedia, ocasionada por la tormenta Fiona, que lleg\u00f3 a \u201cLa Isla del Encanto\u201d unos d\u00edas antes del quinto aniversario de Mar\u00eda. Todav\u00eda es pronto para tener una noci\u00f3n de los da\u00f1os provocados, pero para empezar toda la isla volvi\u00f3 a perder la electricidad, al menos 16 personas han muerto, las inundaciones han cortado carreteras, cosechas enteras se han perdido y muchas casas han quedado inhabitables. Todo esto encima de los estragos causados por las tragedias anteriores.<br \/><br \/><\/p>\n\n\n\n<figure class=\"wp-block-image size-large\"><img decoding=\"async\" width=\"615\" height=\"304\" src=\"http:\/\/xn--tuvozdiasporaespaola-k7b.com\/wp-content\/uploads\/2022\/09\/puerto-rico-independencia8942065868983099379.jpg?w=615\" alt=\"\" class=\"wp-image-233\" srcset=\"https:\/\/xn--tuvozdiasporaespaola-k7b.com\/wp-content\/uploads\/2022\/09\/puerto-rico-independencia8942065868983099379.jpg 615w, https:\/\/xn--tuvozdiasporaespaola-k7b.com\/wp-content\/uploads\/2022\/09\/puerto-rico-independencia8942065868983099379-300x148.jpg 300w\" sizes=\"(max-width: 615px) 100vw, 615px\" \/><figcaption class=\"wp-element-caption\">Derecho a decidir para algunos\u00bf decisi\u00f3n de  EEUU ?<\/figcaption><\/figure>\n\n\n\n<p>Pero les puertorrique\u00f1es son gente de recursos, como expusieron hace unos d\u00edas en un art\u00edculo de opini\u00f3n en el Washington Post Lin-Manuel Miranda (el autor del exitoso musical Hamilton) y su padre, Luis A. Miranda Jr. (fil\u00e1ntropo y estratega pol\u00edtico), ambos puertorrique\u00f1os. Los autores del art\u00edculo indican que, en la ausencia de la ayuda necesaria del gobierno federal desde 2017, la gente de Puerto Rico se ha organizado para salir adelante, con la ayuda de ONG y de compa\u00f1\u00edas internacionales como Starbucks o Nespresso. Los Miranda tambi\u00e9n hacen un llamado a todos sus \u201cpartners in philanthropy\u201d a que inviertan en la recuperaci\u00f3n de Puerto Rico.<\/p>\n\n\n\n<p>Esta es una buena iniciativa, por supuesto. Pero el futuro de seres humanos y otras especies animales y vegetales en Puerto Rico (como en cualquier otro lugar del mundo) no puede depender de que un individuo s\u00faper famoso escriba en un peri\u00f3dico s\u00faper poderoso apelando a gente multimillonaria, cuyo objetivo principal no es dar ayuda a quienes la necesitan, sino mejorar su propia imagen y aumentar sus ganancias a trav\u00e9s de esta ayuda.&nbsp;<\/p>\n\n\n\n<figure class=\"wp-block-image size-large\"><img loading=\"lazy\" decoding=\"async\" width=\"1104\" height=\"622\" src=\"http:\/\/xn--tuvozdiasporaespaola-k7b.com\/wp-content\/uploads\/2022\/09\/62a84b83e9ff712f360d5b2b8067063443232963060.jpg?w=1024\" alt=\"\" class=\"wp-image-234\" srcset=\"https:\/\/xn--tuvozdiasporaespaola-k7b.com\/wp-content\/uploads\/2022\/09\/62a84b83e9ff712f360d5b2b8067063443232963060.jpg 1104w, https:\/\/xn--tuvozdiasporaespaola-k7b.com\/wp-content\/uploads\/2022\/09\/62a84b83e9ff712f360d5b2b8067063443232963060-300x169.jpg 300w, https:\/\/xn--tuvozdiasporaespaola-k7b.com\/wp-content\/uploads\/2022\/09\/62a84b83e9ff712f360d5b2b8067063443232963060-1024x577.jpg 1024w, https:\/\/xn--tuvozdiasporaespaola-k7b.com\/wp-content\/uploads\/2022\/09\/62a84b83e9ff712f360d5b2b8067063443232963060-768x433.jpg 768w\" sizes=\"(max-width: 1104px) 100vw, 1104px\" \/><\/figure>\n\n\n\n<p>Lo que Puerto Rico (como cualquier otro territorio colonizado) necesita es justicia y reparaci\u00f3n, que quienes lo han explotado a lo largo de siglos se comprometan a devolver el equivalente de lo que le han robado hasta que les puertorrique\u00f1es puedan valerse por s\u00ed mismes en nivel de igualdad. Al menos en esta ocasi\u00f3n, el presidente Joe Biden se ha comprometido inmediatamente a que el gobierno federal se haga cargo de todos los gastos ocasionados por Fiona. Ahora hay que esperar que la ayuda llegue pronto y que sea para las personas que la necesitan. Pero esto no puede ser m\u00e1s que un primer paso.<br \/><br \/><br \/>M\u00aa Celeste Delgado Librero<\/p>\n\n\n\n<p>Comunicaci\u00f3n  Red de C\u00edrculos Podemos de Am\u00e9rica &amp;Latinoam\u00e9rica.  C\u00edrculo EEUU-CANADA <\/p>\n","protected":false},"excerpt":{"rendered":"<p>Borik\u00e9n, como se conoc\u00eda en tiempos ta\u00ednos, es hoy un Estado Libre Asociado de los Estados Unidos de Am\u00e9rica, lo que viene a significar &#8230; <\/p>\n<p class=\"read-more-container\"><a title=\"Pobre Puerto Rico\" class=\"read-more button\" href=\"https:\/\/xn--tuvozdiasporaespaola-k7b.com\/page\/2\/pobre-puerto-rico\/#more-235\" aria-label=\"M\u00e1s en Pobre Puerto Rico\">Leer m\u00e1s<\/a><\/p>\n","protected":false},"author":222560522,"featured_media":0,"comment_status":"open","ping_status":"open","sticky":false,"template":"","format":"standard","meta":{"footnotes":""},"categories":[1771],"tags":[],"class_list":["post-235","post","type-post","status-publish","format-standard","hentry","category-sociales"],"_links":{"self":[{"href":"https:\/\/xn--tuvozdiasporaespaola-k7b.com\/page\/2\/wp-json\/wp\/v2\/posts\/235","targetHints":{"allow":["GET"]}}],"collection":[{"href":"https:\/\/xn--tuvozdiasporaespaola-k7b.com\/page\/2\/wp-json\/wp\/v2\/posts"}],"about":[{"href":"https:\/\/xn--tuvozdiasporaespaola-k7b.com\/page\/2\/wp-json\/wp\/v2\/types\/post"}],"author":[{"embeddable":true,"href":"https:\/\/xn--tuvozdiasporaespaola-k7b.com\/page\/2\/wp-json\/wp\/v2\/users\/222560522"}],"replies":[{"embeddable":true,"href":"https:\/\/xn--tuvozdiasporaespaola-k7b.com\/page\/2\/wp-json\/wp\/v2\/comments?post=235"}],"version-history":[{"count":0,"href":"https:\/\/xn--tuvozdiasporaespaola-k7b.com\/page\/2\/wp-json\/wp\/v2\/posts\/235\/revisions"}],"wp:attachment":[{"href":"https:\/\/xn--tuvozdiasporaespaola-k7b.com\/page\/2\/wp-json\/wp\/v2\/media?parent=235"}],"wp:term":[{"taxonomy":"category","embeddable":true,"href":"https:\/\/xn--tuvozdiasporaespaola-k7b.com\/page\/2\/wp-json\/wp\/v2\/categories?post=235"},{"taxonomy":"post_tag","embeddable":true,"href":"https:\/\/xn--tuvozdiasporaespaola-k7b.com\/page\/2\/wp-json\/wp\/v2\/tags?post=235"}],"curies":[{"name":"wp","href":"https:\/\/api.w.org\/{rel}","templated":true}]}}