{"id":227,"date":"2022-09-25T22:32:33","date_gmt":"2022-09-26T01:32:33","guid":{"rendered":"https:\/\/xn--tuvozdiasporaespaola-k7b.com\/2022\/09\/25\/italia-resucita-el-fascismo-en-europa\/"},"modified":"2022-09-25T22:36:04","modified_gmt":"2022-09-26T01:36:04","slug":"italia-resucita-el-fascismo-en-europa","status":"publish","type":"post","link":"https:\/\/xn--tuvozdiasporaespaola-k7b.com\/page\/2\/italia-resucita-el-fascismo-en-europa\/","title":{"rendered":"\u00a1ITALIA, RESUCITA EL FASCISMO EN EUROPA!"},"content":{"rendered":"\n<p>En Am\u00e9rica Latina  el progresismo se consolida con el triunfo en Colombia   Chile   Honduras , M\u00e9xico  Argentina, Per\u00fa  y probablemente Brasil.<\/p>\n\n\n\n<p>En Italia este Domingo asistimos al Triunfo del Fascismo de la mano de&nbsp; George Meloni de Hermanos de Italia &nbsp; una admiradora de Mussolini , esto nos da por pensar en que estamos fallando la Sociedad , para permitir esta resurrecci\u00f3n, para que Vox en Espa\u00f1a o&nbsp; Millei&nbsp; de Libertarios en Argentina est\u00e9n con posibilidades de poder gobernar en solitario o con coaliciones, la esperanza en la victoria de Lula en Brasil&nbsp; o las ya consolidadas de Petro en Colombia, Boric en Chile , Obrador en M\u00e9xico y el Frente de Todos en Argentina llenan de esperanza nuestra Am\u00e9rica Latina al contrario de en Europa donde el pesimismo y el des\u00e1nimo &nbsp; desmoviliza a los ciudadanos.&nbsp;<\/p>\n\n\n\n<p>&nbsp;&nbsp;La crisis econ\u00f3mica no s\u00f3lo se ha llevado por delante las estructuras sobre las que se hab\u00edan sostenido desde el fin de la II Guerra Mundial la pol\u00edtica, la econom\u00eda y las sociedades occidentales. Tambi\u00e9n se ha llevado por delante la dignidad, la gesti\u00f3n que se ha hecho de dicha crisis ha generado m\u00e1s problemas que soluciones para la ciudadan\u00eda de a pie, para las clases trabajadoras tanto de rentas medias como de rentas bajas. Ante estos retos que se planteaban los partidos pol\u00edticos tradicionales (conservadores y socialdem\u00f3cratas), las instituciones supranacionales, los Estados y las clases dirigentes plantearon un camino err\u00f3neo que se basaba en cuadrar las cifras macroecon\u00f3micas con la esperanza de que se produjera un \u00abefecto cascada\u00bb que trajera como consecuencia que la recuperaci\u00f3n de los valores macroecon\u00f3micos se ver\u00eda reflejada en la microeconom\u00eda. No obstante, y como todos ustedes saben, la realidad ha sido otra y lo que ha ocurrido es que la desigualdad se ha incrementado, los ricos son m\u00e1s ricos, el n\u00famero de millonarios se ha acrecentado en unos niveles casi obscenos. El Estado del Bienestar ha sufrido una depauperizaci\u00f3n que lo dej\u00f3 en m\u00ednimos para que los defensores de su eliminaci\u00f3n pudieran justificar su existencia aunque fuera en precario. Las condiciones laborales y los derechos de los trabajadores se han visto afectadas con reformas que beneficiaban claramente a los empresarios con una respuesta casi nula por parte de las centrales sindicales quienes, salvo gloriosas excepciones como la de los sindicatos franceses, se limitaron a concentraciones, a dar discursos y a poca acci\u00f3n en la calle. El paro se increment\u00f3, sobre todo en el sur de Europa, y los salarios se pusieron a niveles de los a\u00f1os ochenta del siglo XX.<\/p>\n\n\n\n<figure class=\"wp-block-image size-large\"><img fetchpriority=\"high\" decoding=\"async\" width=\"948\" height=\"465\" src=\"http:\/\/xn--tuvozdiasporaespaola-k7b.com\/wp-content\/uploads\/2022\/09\/5fa901cfd63ba281294821312235273218214..jpg?w=948\" alt=\"\" class=\"wp-image-219\" srcset=\"https:\/\/xn--tuvozdiasporaespaola-k7b.com\/wp-content\/uploads\/2022\/09\/5fa901cfd63ba281294821312235273218214..jpg 948w, https:\/\/xn--tuvozdiasporaespaola-k7b.com\/wp-content\/uploads\/2022\/09\/5fa901cfd63ba281294821312235273218214.-300x147.jpg 300w, https:\/\/xn--tuvozdiasporaespaola-k7b.com\/wp-content\/uploads\/2022\/09\/5fa901cfd63ba281294821312235273218214.-768x377.jpg 768w\" sizes=\"(max-width: 948px) 100vw, 948px\" \/><figcaption class=\"wp-element-caption\">Mussolini  y Hitler  resucitan los temores.<\/figcaption><\/figure>\n\n\n\n<p>Solo la contenci\u00f3n&nbsp; de Melenchon en Francia &nbsp; Podemos en&nbsp; Espa\u00f1a&nbsp; y en Portugal hasta ser apartados por los Socialistas ha servido de contenci\u00f3n o trinchera de Esperanza.<\/p>\n\n\n\n<p>Ante esta situaci\u00f3n los partidos pol\u00edticos tradicionales no han sabido, ni saben, dar soluciones a la ciudadan\u00eda o son una parte del problema por complicidad. Por un lado, los conservadores,&nbsp; liberales cin el consentimiento de algunas fuerzas Socialdem\u00f3cratas han aprovechado para imponer su ideolog\u00eda econ\u00f3mica basada en la destrucci\u00f3n de la protecci\u00f3n del Estado hacia los ciudadanos y la destrucci\u00f3n&nbsp; de los servicios sociales que&nbsp; transforman en privatizaciones. Hay que tener en cuenta que estos partidos defienden que la ciudadan\u00eda no tiene que pagar apenas impuestos y que los servicios fundamentales debe costearselos cada cual seg\u00fan sus posibilidades, a imagen y semejanza de EEUU lo que genera una sociedad clasista y desigual, tal y como se est\u00e1 quedando el mundo occidental tras la crisis. Los partidos conservadores y liberales han sido los que han apostado y han implementado las pol\u00edticas de austeridad fan\u00e1tica para reducir el gasto p\u00fablico y, por tanto, recortando los fondos dedicados por los Estados a mantener sus pol\u00edticas sociales.<\/p>\n\n\n\n<figure class=\"wp-block-image size-large\"><img decoding=\"async\" width=\"360\" height=\"240\" src=\"http:\/\/xn--tuvozdiasporaespaola-k7b.com\/wp-content\/uploads\/2022\/09\/pusqgutm5_360x240__17537320381874663680.jpg?w=360\" alt=\"\" class=\"wp-image-220\" srcset=\"https:\/\/xn--tuvozdiasporaespaola-k7b.com\/wp-content\/uploads\/2022\/09\/pusqgutm5_360x240__17537320381874663680.jpg 360w, https:\/\/xn--tuvozdiasporaespaola-k7b.com\/wp-content\/uploads\/2022\/09\/pusqgutm5_360x240__17537320381874663680-300x200.jpg 300w\" sizes=\"(max-width: 360px) 100vw, 360px\" \/><figcaption class=\"wp-element-caption\">Pacto del Miedo <\/figcaption><\/figure>\n\n\n\n<p>Por otro lado, los partidos socialdem\u00f3cratas han demostrado su ineficacia para dar soluciones a quienes deber\u00edan ser su preferencia, tanto en el gobierno como en la oposici\u00f3n. Ante el cambio del ciclo econ\u00f3mico y pol\u00edtico hacia las posiciones m\u00e1s conservadoras y liberales la socialdemocracia ha fracasado tanto desde un punto de vista pol\u00edtico como de ser una opci\u00f3n para solucionar los problemas de los ciudadanos. El punto fuerte de la socialdemocracia ha sido la implementaci\u00f3n de pol\u00edticas efectivas para la redistribuci\u00f3n de la riqueza que potenciaran el Estado del Bienestar. Sin embargo, desde el a\u00f1o 2007 han sido incapaces de generar soluciones para lo que desde los centros de poder econ\u00f3mico se estaba perge\u00f1ando. Para generar m\u00e1s desapego por parte de la ciudadan\u00eda lo que se intent\u00f3 fue visto por \u00e9sta como una traici\u00f3n hacia los de abajo, hacia los que deber\u00edan ser la prioridad. Ejemplos los hay en todos los pa\u00edses occidentales. Los a\u00f1os en el poder de los socialdem\u00f3cratas es otra de las causas de ese desapego puesto que han dejado de pensar en el pueblo por tener lo que ellos llaman \u00abvisi\u00f3n de Estado\u00bb. El estar en el poder provoca que los pol\u00edticos est\u00e9n d\u00eda s\u00ed y d\u00eda tambi\u00e9n junto a los representantes del establishment y siempre llega un momento en el que los intereses de esas \u00e9lites son confundidas con los intereses del pa\u00eds.<br \/><br \/><br \/><\/p>\n\n\n\n<figure class=\"wp-block-image size-large\"><img decoding=\"async\" width=\"1200\" height=\"724\" src=\"http:\/\/xn--tuvozdiasporaespaola-k7b.com\/wp-content\/uploads\/2022\/09\/4cc16d9c-697a-4d60-8afb-236a6fcba88a_alta-libre-aspect-ratio_default_01567735532546889746.jpg?w=1024\" alt=\"\" class=\"wp-image-221\" srcset=\"https:\/\/xn--tuvozdiasporaespaola-k7b.com\/wp-content\/uploads\/2022\/09\/4cc16d9c-697a-4d60-8afb-236a6fcba88a_alta-libre-aspect-ratio_default_01567735532546889746.jpg 1200w, https:\/\/xn--tuvozdiasporaespaola-k7b.com\/wp-content\/uploads\/2022\/09\/4cc16d9c-697a-4d60-8afb-236a6fcba88a_alta-libre-aspect-ratio_default_01567735532546889746-300x181.jpg 300w, https:\/\/xn--tuvozdiasporaespaola-k7b.com\/wp-content\/uploads\/2022\/09\/4cc16d9c-697a-4d60-8afb-236a6fcba88a_alta-libre-aspect-ratio_default_01567735532546889746-1024x618.jpg 1024w, https:\/\/xn--tuvozdiasporaespaola-k7b.com\/wp-content\/uploads\/2022\/09\/4cc16d9c-697a-4d60-8afb-236a6fcba88a_alta-libre-aspect-ratio_default_01567735532546889746-768x463.jpg 768w\" sizes=\"(max-width: 1200px) 100vw, 1200px\" \/><\/figure>\n\n\n\n<p>Conservadores causantes de la depresi\u00f3n econ\u00f3mica, y socialdem\u00f3cratas incapaces han logrado que las v\u00edctimas de la crisis busquen una soluci\u00f3n en otras opciones pol\u00edticas. La desesperaci\u00f3n hace que el entendimiento se desvirt\u00fae en la b\u00fasqueda de lo que se necesita. Un ejemplo lo tuvimos en las elecciones de noviembre de 2011 en Espa\u00f1a: la presentaci\u00f3n del programa falso del PP en el que pr\u00e1cticamente se aseguraba que cada papeleta encabezada por Rajoy era un contrato de trabajo hizo que muchos desesperados les votaran y les dieran una mayor\u00eda absoluta. Sin embargo, la t\u00f3nica en Europa es otra. Las v\u00edctimas de la crisis est\u00e1n encontrando salida en poner sus esperanzas en partidos que ofrecen precisamente lo que la gente est\u00e1 esperando o\u00edr y que le ofrezcan, es decir, en los populismos.<br \/><br \/><br \/>El problema es que en la gran mayor\u00eda de los pa\u00edses esos populismos son de extrema derecha, herederos del fascismo\/nazismo de la d\u00e9cada de los treinta del siglo XX. Hagamos un viaje en la m\u00e1quina de George Wells y situ\u00e9monos en la Europa post crack del 29. Nos encontramos con un continente en el que la gran mayor\u00eda de los pa\u00edses est\u00e1 sufriendo las consecuencias de la depresi\u00f3n econ\u00f3mica y de la posguerra de la I Guerra Mundial, donde exist\u00eda un empobrecimiento de las clases trabajadoras y donde surgieron partidos pol\u00edticos de corte populista con mensajes de nacionalismo exaltado que empiezan a calar entre las clases populares. En Italia naci\u00f3 el Partido Nacional Fascista de Benito Mussolini. En Alemania se cre\u00f3 el Partido Nacional Socialista de Adolf Hitler. En Espa\u00f1a naci\u00f3 Falange Espa\u00f1ola de Jos\u00e9 Antonio Primo de Rivera. Estos partidos envolvieron sus intenciones de crear reg\u00edmenes autoritarios y personalistas con un tel\u00f3n de mensaje social y de apoyo a las necesidades de los m\u00e1s necesitados. Es decir, aprovecharon la desesperaci\u00f3n de la gente por las consecuencias del crack del 29 y, en el caso de Alemania, de lo firmado en el Tratado de Versalles, para alcanzar el poder. Todo el mundo conoce lo que ocurri\u00f3 y a lo que llev\u00f3 su ideolog\u00eda.<\/p>\n\n\n\n<p><br \/><br \/><\/p>\n\n\n\n<figure class=\"wp-block-image size-large\"><img loading=\"lazy\" decoding=\"async\" width=\"1960\" height=\"1470\" src=\"http:\/\/xn--tuvozdiasporaespaola-k7b.com\/wp-content\/uploads\/2022\/09\/7hpc4ayimpf3o7u2vl6xymcmde4158805581201303418.jpg?w=1024\" alt=\"\" class=\"wp-image-222\" srcset=\"https:\/\/xn--tuvozdiasporaespaola-k7b.com\/wp-content\/uploads\/2022\/09\/7hpc4ayimpf3o7u2vl6xymcmde4158805581201303418.jpg 1960w, https:\/\/xn--tuvozdiasporaespaola-k7b.com\/wp-content\/uploads\/2022\/09\/7hpc4ayimpf3o7u2vl6xymcmde4158805581201303418-300x225.jpg 300w, https:\/\/xn--tuvozdiasporaespaola-k7b.com\/wp-content\/uploads\/2022\/09\/7hpc4ayimpf3o7u2vl6xymcmde4158805581201303418-1024x768.jpg 1024w, https:\/\/xn--tuvozdiasporaespaola-k7b.com\/wp-content\/uploads\/2022\/09\/7hpc4ayimpf3o7u2vl6xymcmde4158805581201303418-768x576.jpg 768w, https:\/\/xn--tuvozdiasporaespaola-k7b.com\/wp-content\/uploads\/2022\/09\/7hpc4ayimpf3o7u2vl6xymcmde4158805581201303418-1568x1176.jpg 1568w\" sizes=\"(max-width: 1960px) 100vw, 1960px\" \/><figcaption class=\"wp-element-caption\">Trump y Bolsonaro <\/figcaption><\/figure>\n\n\n\n<p>En la actualidad estamos viendo c\u00f3mo los partidos de corte ultra, con ideolog\u00edas que incluyen la xenofobia, la homofobia y el odio a las instituciones democr\u00e1ticas. Al igual que en los a\u00f1os treinta las organizaciones de ultraderecha basan su mensaje en una serie de \u00edtems incoherentes y llenos de banalidades que provocan que cada cual interprete esos mensajes de un modo que se adapta perfectamente a sus necesidades, independientemente de la complejidad de las mismas o de que esa interpretaci\u00f3n sea totalmente diferente a la que tenga otro ciudadano. Quiero recordar una frase pronunciada por el doctor Albert Speer durante los juicios de N\u00faremberg que resume este pensamiento anterior: \u00abEl nazismo creci\u00f3 sobre la base de una serie de ideas banales y sin contenido que lo hac\u00edan atractivo porque a cada cual le solucionaban sus problemas. Un empresario ten\u00eda necesidades, un potentado ten\u00eda las suyas, un obrero de la construcci\u00f3n ten\u00eda las suyas, un lisiado de la guerra ten\u00eda las suyas y para todas ellas Hitler daba soluci\u00f3n con su programa, es decir, contentaba y daba esperanzas a todos por igual, cosa que la l\u00f3gica nos dice que es imposible\u00bb. Eso es lo que est\u00e1n haciendo los partidos de la ultraderecha, grandes promesas pero que esconden un modo de entender la pol\u00edtica y la sociedad basado en el autoritarismo y en el desprecio del escenario democr\u00e1tico.<\/p>\n\n\n\n<figure class=\"wp-block-image size-large\"><img loading=\"lazy\" decoding=\"async\" width=\"1140\" height=\"641\" src=\"http:\/\/xn--tuvozdiasporaespaola-k7b.com\/wp-content\/uploads\/2022\/09\/milei-20210912-1229868279492067615397362.jpg?w=1024\" alt=\"\" class=\"wp-image-223\" srcset=\"https:\/\/xn--tuvozdiasporaespaola-k7b.com\/wp-content\/uploads\/2022\/09\/milei-20210912-1229868279492067615397362.jpg 1140w, https:\/\/xn--tuvozdiasporaespaola-k7b.com\/wp-content\/uploads\/2022\/09\/milei-20210912-1229868279492067615397362-300x169.jpg 300w, https:\/\/xn--tuvozdiasporaespaola-k7b.com\/wp-content\/uploads\/2022\/09\/milei-20210912-1229868279492067615397362-1024x576.jpg 1024w, https:\/\/xn--tuvozdiasporaespaola-k7b.com\/wp-content\/uploads\/2022\/09\/milei-20210912-1229868279492067615397362-768x432.jpg 768w\" sizes=\"(max-width: 1140px) 100vw, 1140px\" \/><figcaption class=\"wp-element-caption\">Millei en Argentina  Fascismo en estado puro <\/figcaption><\/figure>\n\n\n\n<p>Otro de los aspectos que caracteriza a estas organizaciones que tanto est\u00e1n creciendo sobre todo en el centro y en el norte de Europa es la b\u00fasqueda de un enemigo contra el que hay que combatir porque es el causante de todos los problemas que est\u00e1n sufriendo los ciudadanos. En cada pa\u00eds es uno distinto pero, en general, suelen ser ajenos al pa\u00eds, suelen venir de fuera, lo que incrementa su atractivo por su mensaje de nacionalismo exacerbado. En los a\u00f1os treinta el enemigo era el comunismo. Ahora son las instituciones europeas, el Islam (no el terrorismo islamista, sino todo el mundo isl\u00e1mico) o los refugiados. Utilizan el miedo a esos presuntos enemigos para que la gente los sienta como una amenaza real a su bienestar.<br \/><br \/><br \/><br \/>El verdadero peligro son esas organizaciones porque esta situaci\u00f3n ya se vivi\u00f3 y todos sabemos lo que ocurri\u00f3. Los partidos tradicionales no est\u00e1n sabiendo lidiar y est\u00e1n buscando soluciones equivocadas. Por un lado, los partidos conservadores se van radicalizando para luchar en la misma arena que los ultras. Por otro lado, los socialdem\u00f3cratas siguen en su limbo. Las d\u00e9cadas del poder hacen que las estrategias pol\u00edticas tanto de los conservadores como de los socialdem\u00f3cratas sean equivocadas porque parten de un diagn\u00f3stico err\u00f3neo de lo que est\u00e1n reclamando los ciudadanos, un diagn\u00f3stico que los populistas de ultraderecha s\u00ed que han encontrado. No es normal que en un pa\u00eds como Alemania, que vivi\u00f3 el nazismo y sus consecuencias, el pueblo est\u00e9 derive parte de sus&nbsp; apoyos electorales hacia la extrema derecha.<br \/><br \/><\/p>\n\n\n\n<figure class=\"wp-block-image size-large\"><img loading=\"lazy\" decoding=\"async\" width=\"1024\" height=\"576\" src=\"http:\/\/xn--tuvozdiasporaespaola-k7b.com\/wp-content\/uploads\/2022\/09\/666443695_223689605_1024x5768837659294096070471.jpg?w=1024\" alt=\"\" class=\"wp-image-224\" srcset=\"https:\/\/xn--tuvozdiasporaespaola-k7b.com\/wp-content\/uploads\/2022\/09\/666443695_223689605_1024x5768837659294096070471.jpg 1024w, https:\/\/xn--tuvozdiasporaespaola-k7b.com\/wp-content\/uploads\/2022\/09\/666443695_223689605_1024x5768837659294096070471-300x169.jpg 300w, https:\/\/xn--tuvozdiasporaespaola-k7b.com\/wp-content\/uploads\/2022\/09\/666443695_223689605_1024x5768837659294096070471-768x432.jpg 768w\" sizes=\"(max-width: 1024px) 100vw, 1024px\" \/><figcaption class=\"wp-element-caption\">Idoia Villanueva ( Podemos) y  Melenchon<\/figcaption><\/figure>\n\n\n\n<p>Sin&nbsp; olvidar la figura de Donald Trump o de Bolsonaro en Brasil&nbsp; El ascenso de estos personajes en su momento es el mejor ejemplo de c\u00f3mo los populismos de ultraderecha pueden ascender por culpa de la ineficacia de las pol\u00edticas de los partidos tradicionales o, en este caso, de la racionalidad del partido republicano. Ante estos presuntos enemigos del pa\u00eds Trump propusieron&nbsp; levantar muros o Bolsonaro cargando la responsabilidad en los m\u00e1s humildes o desfavorecidos y blasfemar contra los movimientos feministas o LGTBI.<\/p>\n\n\n\n<p>El ascenso del fascismo es el verdadero enemigo de la Humanidad porque si, de un modo u otro, logran hacerse con el poder las consecuencias pueden ser las mismas que en los a\u00f1os treinta del siglo XX. Los partidos tradicionales son los que lo pueden frenar, sobre todo los socialdem\u00f3cratas. Para ello es necesario que se vuelvan a las esencias, por un lado, olvidarse del establishment y pensar m\u00e1s en los ciudadanos y, por otro, renovarse para poder ser efectivos frente a los nuevos escenarios que la revoluci\u00f3n tecnol\u00f3gica ha creado.<\/p>\n\n\n\n<figure class=\"wp-block-image size-large\"><img loading=\"lazy\" decoding=\"async\" width=\"600\" height=\"400\" src=\"http:\/\/xn--tuvozdiasporaespaola-k7b.com\/wp-content\/uploads\/2022\/09\/5orkqrasqnfnpjjtgf3jmecu6e2739994102525619483.jpg?w=600\" alt=\"\" class=\"wp-image-225\" srcset=\"https:\/\/xn--tuvozdiasporaespaola-k7b.com\/wp-content\/uploads\/2022\/09\/5orkqrasqnfnpjjtgf3jmecu6e2739994102525619483.jpg 600w, https:\/\/xn--tuvozdiasporaespaola-k7b.com\/wp-content\/uploads\/2022\/09\/5orkqrasqnfnpjjtgf3jmecu6e2739994102525619483-300x200.jpg 300w\" sizes=\"(max-width: 600px) 100vw, 600px\" \/><figcaption class=\"wp-element-caption\">Yolanda Diaz  y Ione Bellarra   camino hacia la contenci\u00f3n al Fascismo <\/figcaption><\/figure>\n\n\n\n<p>Sin embargo, estos partidos socialdem\u00f3cratas est\u00e1n en manos de l\u00edderes de la vieja guardia o de j\u00f3venes que asumen como v\u00e1lidos los errores cometidos en el pasado. Mientras la socialdemocracia no haga esto, el fascismo se seguir\u00e1 nutriendo de los apoyos de quienes, en teor\u00eda, deber\u00edan ser fieles a los postulados socialdem\u00f3cratas. Lo que est\u00e1 demostrando aqu\u00e9lla es que est\u00e1 tan descolocada que no podr\u00e1 reaccionar. Por eso, por esa incapacidad de reacci\u00f3n, el fascismo sigue aumentando sus apoyos.\u00a0<br><br><br>Tendremos\u00a0 que incrementar los apoyos en partidos como Podemos \u00a0 o Francia Insumisa , para que las trincheras de contenci\u00f3n al Fascismo se pueda llevar a cabo con m\u00e1s trabajo, \u00a0 derechos\u00a0 sociales , presencia del estado , pol\u00edticas anticrisis , en fin nosotros los ciudadanos progresistas tenemos en la mano el poder parar al Fascismo y crear el cord\u00f3n sanitario .<\/p>\n\n\n\n<p><br \/><br \/><\/p>\n\n\n\n<figure class=\"wp-block-image size-large\"><img loading=\"lazy\" decoding=\"async\" width=\"512\" height=\"384\" src=\"http:\/\/xn--tuvozdiasporaespaola-k7b.com\/wp-content\/uploads\/2022\/09\/meloniok_ori_crop_master__0x0_512x3847239656264996905778.jpg?w=512\" alt=\"\" class=\"wp-image-226\" srcset=\"https:\/\/xn--tuvozdiasporaespaola-k7b.com\/wp-content\/uploads\/2022\/09\/meloniok_ori_crop_master__0x0_512x3847239656264996905778.jpg 512w, https:\/\/xn--tuvozdiasporaespaola-k7b.com\/wp-content\/uploads\/2022\/09\/meloniok_ori_crop_master__0x0_512x3847239656264996905778-300x225.jpg 300w\" sizes=\"(max-width: 512px) 100vw, 512px\" \/><figcaption class=\"wp-element-caption\">VOX y Meloni  Fascismo Europeo <\/figcaption><\/figure>\n\n\n\n<p>Equipo Redacci\u00f3n de  Red  C\u00edrculos Podemos Latinoam\u00e9rica <\/p>\n","protected":false},"excerpt":{"rendered":"<p>En Am\u00e9rica Latina el progresismo se consolida con el triunfo en Colombia Chile Honduras , M\u00e9xico Argentina, Per\u00fa y probablemente Brasil. En Italia este &#8230; <\/p>\n<p class=\"read-more-container\"><a title=\"\u00a1ITALIA, RESUCITA EL FASCISMO EN EUROPA!\" class=\"read-more button\" href=\"https:\/\/xn--tuvozdiasporaespaola-k7b.com\/page\/2\/italia-resucita-el-fascismo-en-europa\/#more-227\" aria-label=\"M\u00e1s en \u00a1ITALIA, RESUCITA EL FASCISMO EN EUROPA!\">Leer m\u00e1s<\/a><\/p>\n","protected":false},"author":222560522,"featured_media":0,"comment_status":"open","ping_status":"open","sticky":false,"template":"","format":"standard","meta":{"footnotes":""},"categories":[1771],"tags":[],"class_list":["post-227","post","type-post","status-publish","format-standard","hentry","category-sociales"],"_links":{"self":[{"href":"https:\/\/xn--tuvozdiasporaespaola-k7b.com\/page\/2\/wp-json\/wp\/v2\/posts\/227","targetHints":{"allow":["GET"]}}],"collection":[{"href":"https:\/\/xn--tuvozdiasporaespaola-k7b.com\/page\/2\/wp-json\/wp\/v2\/posts"}],"about":[{"href":"https:\/\/xn--tuvozdiasporaespaola-k7b.com\/page\/2\/wp-json\/wp\/v2\/types\/post"}],"author":[{"embeddable":true,"href":"https:\/\/xn--tuvozdiasporaespaola-k7b.com\/page\/2\/wp-json\/wp\/v2\/users\/222560522"}],"replies":[{"embeddable":true,"href":"https:\/\/xn--tuvozdiasporaespaola-k7b.com\/page\/2\/wp-json\/wp\/v2\/comments?post=227"}],"version-history":[{"count":0,"href":"https:\/\/xn--tuvozdiasporaespaola-k7b.com\/page\/2\/wp-json\/wp\/v2\/posts\/227\/revisions"}],"wp:attachment":[{"href":"https:\/\/xn--tuvozdiasporaespaola-k7b.com\/page\/2\/wp-json\/wp\/v2\/media?parent=227"}],"wp:term":[{"taxonomy":"category","embeddable":true,"href":"https:\/\/xn--tuvozdiasporaespaola-k7b.com\/page\/2\/wp-json\/wp\/v2\/categories?post=227"},{"taxonomy":"post_tag","embeddable":true,"href":"https:\/\/xn--tuvozdiasporaespaola-k7b.com\/page\/2\/wp-json\/wp\/v2\/tags?post=227"}],"curies":[{"name":"wp","href":"https:\/\/api.w.org\/{rel}","templated":true}]}}